{"id":5218,"date":"2023-01-19T12:47:57","date_gmt":"2023-01-19T11:47:57","guid":{"rendered":"https:\/\/agora.xtec.cat\/ceip-simeo-rabasa\/?p=5218"},"modified":"2023-02-08T16:21:33","modified_gmt":"2023-02-08T15:21:33","slug":"hem-creat-una-cooperativa","status":"publish","type":"post","link":"https:\/\/agora.xtec.cat\/ceip-simeo-rabasa\/general\/hem-creat-una-cooperativa\/","title":{"rendered":"HEM CREAT UNA COOPERATIVA!"},"content":{"rendered":"<p><span style=\"font-weight: 400;\">Com ja sabeu, continuem amb el projecte d\u2019emprenedoria i volem compartir amb vosaltr@s tota la feina que estem fent.\u00a0<\/span><\/p>\n<p><span style=\"font-weight: 400;\">Al novembre vam anar a una Xerrada sobre els diferents tipus de societats a c\u00e0rrec de Joan Marc Flores, regidor d\u2019Economia i Treball. A m\u00e9s, ens van presentar una cooperativa: GRUP SOM.\u00a0<\/span><\/p>\n<p><a href=\"https:\/\/agora.xtec.cat\/ceip-simeo-rabasa\/wp-content\/uploads\/usu903\/2023\/01\/IMG_4865-scaled.jpg\"><img loading=\"lazy\" decoding=\"async\" class=\"aligncenter wp-image-5219\" src=\"https:\/\/agora.xtec.cat\/ceip-simeo-rabasa\/wp-content\/uploads\/usu903\/2023\/01\/IMG_4865-1024x768.jpg\" alt=\"\" width=\"246\" height=\"185\" srcset=\"https:\/\/agora.xtec.cat\/ceip-simeo-rabasa\/wp-content\/uploads\/usu903\/2023\/01\/IMG_4865-1024x768.jpg 1024w, https:\/\/agora.xtec.cat\/ceip-simeo-rabasa\/wp-content\/uploads\/usu903\/2023\/01\/IMG_4865-300x225.jpg 300w, https:\/\/agora.xtec.cat\/ceip-simeo-rabasa\/wp-content\/uploads\/usu903\/2023\/01\/IMG_4865-768x576.jpg 768w, https:\/\/agora.xtec.cat\/ceip-simeo-rabasa\/wp-content\/uploads\/usu903\/2023\/01\/IMG_4865-1536x1152.jpg 1536w, https:\/\/agora.xtec.cat\/ceip-simeo-rabasa\/wp-content\/uploads\/usu903\/2023\/01\/IMG_4865-2048x1536.jpg 2048w, https:\/\/agora.xtec.cat\/ceip-simeo-rabasa\/wp-content\/uploads\/usu903\/2023\/01\/IMG_4865-200x150.jpg 200w\" sizes=\"auto, (max-width: 246px) 100vw, 246px\" \/><\/a><\/p>\n<p><span style=\"font-weight: 400;\">A continuaci\u00f3, vam dur a terme la nostra primera assemblea per votar el tipus de societat que vol\u00edem i el 100% de vots va ser per crear una cooperativa, ja que aix\u00ed tots som propietaris, tots manem igual i prenem decisions de manera democr\u00e0tica. Seguidament, vam pensar noms per la nostra cooperativa i a trav\u00e9s de la segona assemblea vam fer votacions i vam decidir que s\u2019anomenaria DECOOP.\u00a0<\/span><\/p>\n<p><span style=\"font-weight: 400;\">Un cop tenim la idea del producte i el nom de la cooperativa, era el moment de comen\u00e7ar a fer el logo, aix\u00ed que una dissenyora ens va ajudar a fer-ne un parell, per\u00f2 a trav\u00e9s votacions vam escollir el seg\u00fcent:<\/span><\/p>\n<p><a href=\"https:\/\/agora.xtec.cat\/ceip-simeo-rabasa\/wp-content\/uploads\/usu903\/2023\/01\/Diseno-sin-titulo-1-1.png\"><img loading=\"lazy\" decoding=\"async\" class=\"aligncenter wp-image-5220\" src=\"https:\/\/agora.xtec.cat\/ceip-simeo-rabasa\/wp-content\/uploads\/usu903\/2023\/01\/Diseno-sin-titulo-1-1.png\" alt=\"\" width=\"232\" height=\"232\" \/><\/a><\/p>\n<p><span style=\"font-weight: 400;\">Despr\u00e9s, per acabar de crear la nostra cooperativa, vam anar a l\u2019Oficina d\u2019Atenci\u00f3 Ciutadana per registrar-la i obtenir el nostre CIF.\u00a0<\/span><\/p>\n<p><a href=\"https:\/\/agora.xtec.cat\/ceip-simeo-rabasa\/wp-content\/uploads\/usu903\/2023\/01\/IMG_5105-scaled.jpg\"><img loading=\"lazy\" decoding=\"async\" class=\"aligncenter wp-image-5221 size-medium\" src=\"https:\/\/agora.xtec.cat\/ceip-simeo-rabasa\/wp-content\/uploads\/usu903\/2023\/01\/IMG_5105-scaled-e1674116034469-225x300.jpg\" alt=\"\" width=\"225\" height=\"300\" srcset=\"https:\/\/agora.xtec.cat\/ceip-simeo-rabasa\/wp-content\/uploads\/usu903\/2023\/01\/IMG_5105-scaled-e1674116034469-225x300.jpg 225w, https:\/\/agora.xtec.cat\/ceip-simeo-rabasa\/wp-content\/uploads\/usu903\/2023\/01\/IMG_5105-scaled-e1674116034469-768x1024.jpg 768w, https:\/\/agora.xtec.cat\/ceip-simeo-rabasa\/wp-content\/uploads\/usu903\/2023\/01\/IMG_5105-scaled-e1674116034469-1152x1536.jpg 1152w, https:\/\/agora.xtec.cat\/ceip-simeo-rabasa\/wp-content\/uploads\/usu903\/2023\/01\/IMG_5105-scaled-e1674116034469-1536x2048.jpg 1536w, https:\/\/agora.xtec.cat\/ceip-simeo-rabasa\/wp-content\/uploads\/usu903\/2023\/01\/IMG_5105-scaled-e1674116034469.jpg 1920w\" sizes=\"auto, (max-width: 225px) 100vw, 225px\" \/><\/a><\/p>\n<p><span style=\"font-weight: 400;\">Per fer-nos con\u00e8ixer hem creat una p\u00e0gina web on anirem afegint informaci\u00f3 del proc\u00e9s de producci\u00f3 i venda. Us la deixem a continuaci\u00f3 perqu\u00e8 pugueu donar un cop d\u2019ull.<\/span><\/p>\n<p><a href=\"https:\/\/sites.google.com\/escolasimeorabasa.net\/cooperativa-decoop\/inici\"><span style=\"font-weight: 400;\">https:\/\/sites.google.com\/escolasimeorabasa.net\/cooperativa-decoop\/inici<\/span><\/a><\/p>\n<p><span style=\"font-weight: 400;\">Finalment, com el seg\u00fcent pas \u00e9s crear els nostres productes, vam anar a visitar La Fageda per con\u00e8ixer una cooperativa i veure com era el proc\u00e9s de producci\u00f3.<\/span><\/p>\n<p><a href=\"https:\/\/agora.xtec.cat\/ceip-simeo-rabasa\/wp-content\/uploads\/usu903\/2023\/01\/IMG_5163-scaled.jpg\"><img loading=\"lazy\" decoding=\"async\" class=\"aligncenter wp-image-5222 \" src=\"https:\/\/agora.xtec.cat\/ceip-simeo-rabasa\/wp-content\/uploads\/usu903\/2023\/01\/IMG_5163-scaled-e1674116258567-768x1024.jpg\" alt=\"\" width=\"204\" height=\"272\" srcset=\"https:\/\/agora.xtec.cat\/ceip-simeo-rabasa\/wp-content\/uploads\/usu903\/2023\/01\/IMG_5163-scaled-e1674116258567-768x1024.jpg 768w, https:\/\/agora.xtec.cat\/ceip-simeo-rabasa\/wp-content\/uploads\/usu903\/2023\/01\/IMG_5163-scaled-e1674116258567-225x300.jpg 225w, https:\/\/agora.xtec.cat\/ceip-simeo-rabasa\/wp-content\/uploads\/usu903\/2023\/01\/IMG_5163-scaled-e1674116258567-1152x1536.jpg 1152w, https:\/\/agora.xtec.cat\/ceip-simeo-rabasa\/wp-content\/uploads\/usu903\/2023\/01\/IMG_5163-scaled-e1674116258567-1536x2048.jpg 1536w, https:\/\/agora.xtec.cat\/ceip-simeo-rabasa\/wp-content\/uploads\/usu903\/2023\/01\/IMG_5163-scaled-e1674116258567.jpg 1920w\" sizes=\"auto, (max-width: 204px) 100vw, 204px\" \/><\/a><\/p>\n<p><span style=\"font-weight: 400;\">Us continuarem informant!<\/span><\/p>\n<p style=\"text-align: center;\">Classe dels tucans<\/p>\n<p style=\"text-align: center;\">5\u00e8<\/p>\n","protected":false},"excerpt":{"rendered":"<p>Com ja sabeu, continuem amb el projecte d\u2019emprenedoria i volem compartir amb vosaltr@s tota la feina que estem fent.\u00a0<\/p>\n","protected":false},"author":1,"featured_media":5225,"comment_status":"open","ping_status":"closed","sticky":false,"template":"","format":"standard","meta":{"_bbp_topic_count":0,"_bbp_reply_count":0,"_bbp_total_topic_count":0,"_bbp_total_reply_count":0,"_bbp_voice_count":0,"_bbp_anonymous_reply_count":0,"_bbp_topic_count_hidden":0,"_bbp_reply_count_hidden":0,"_bbp_forum_subforum_count":0,"site-sidebar-layout":"default","site-content-layout":"","ast-site-content-layout":"","site-content-style":"default","site-sidebar-style":"default","ast-global-header-display":"","ast-banner-title-visibility":"","ast-main-header-display":"","ast-hfb-above-header-display":"","ast-hfb-below-header-display":"","ast-hfb-mobile-header-display":"","site-post-title":"","ast-breadcrumbs-content":"","ast-featured-img":"","footer-sml-layout":"","theme-transparent-header-meta":"","adv-header-id-meta":"","stick-header-meta":"","header-above-stick-meta":"","header-main-stick-meta":"","header-below-stick-meta":"","astra-migrate-meta-layouts":"default","ast-page-background-enabled":"default","ast-page-background-meta":{"desktop":{"background-color":"var(--ast-global-color-4)","background-image":"","background-repeat":"repeat","background-position":"center center","background-size":"auto","background-attachment":"scroll","background-type":"","background-media":"","overlay-type":"","overlay-color":"","overlay-opacity":"","overlay-gradient":""},"tablet":{"background-color":"","background-image":"","background-repeat":"repeat","background-position":"center center","background-size":"auto","background-attachment":"scroll","background-type":"","background-media":"","overlay-type":"","overlay-color":"","overlay-opacity":"","overlay-gradient":""},"mobile":{"background-color":"","background-image":"","background-repeat":"repeat","background-position":"center center","background-size":"auto","background-attachment":"scroll","background-type":"","background-media":"","overlay-type":"","overlay-color":"","overlay-opacity":"","overlay-gradient":""}},"ast-content-background-meta":{"desktop":{"background-color":"var(--ast-global-color-5)","background-image":"","background-repeat":"repeat","background-position":"center center","background-size":"auto","background-attachment":"scroll","background-type":"","background-media":"","overlay-type":"","overlay-color":"","overlay-opacity":"","overlay-gradient":""},"tablet":{"background-color":"var(--ast-global-color-5)","background-image":"","background-repeat":"repeat","background-position":"center center","background-size":"auto","background-attachment":"scroll","background-type":"","background-media":"","overlay-type":"","overlay-color":"","overlay-opacity":"","overlay-gradient":""},"mobile":{"background-color":"var(--ast-global-color-5)","background-image":"","background-repeat":"repeat","background-position":"center center","background-size":"auto","background-attachment":"scroll","background-type":"","background-media":"","overlay-type":"","overlay-color":"","overlay-opacity":"","overlay-gradient":""}},"footnotes":""},"categories":[1,4,5],"tags":[],"class_list":["post-5218","post","type-post","status-publish","format-standard","has-post-thumbnail","hentry","category-general","category-portada","category-primaria"],"post_mailing_queue_ids":[],"_links":{"self":[{"href":"https:\/\/agora.xtec.cat\/ceip-simeo-rabasa\/wp-json\/wp\/v2\/posts\/5218","targetHints":{"allow":["GET"]}}],"collection":[{"href":"https:\/\/agora.xtec.cat\/ceip-simeo-rabasa\/wp-json\/wp\/v2\/posts"}],"about":[{"href":"https:\/\/agora.xtec.cat\/ceip-simeo-rabasa\/wp-json\/wp\/v2\/types\/post"}],"author":[{"embeddable":true,"href":"https:\/\/agora.xtec.cat\/ceip-simeo-rabasa\/wp-json\/wp\/v2\/users\/1"}],"replies":[{"embeddable":true,"href":"https:\/\/agora.xtec.cat\/ceip-simeo-rabasa\/wp-json\/wp\/v2\/comments?post=5218"}],"version-history":[{"count":3,"href":"https:\/\/agora.xtec.cat\/ceip-simeo-rabasa\/wp-json\/wp\/v2\/posts\/5218\/revisions"}],"predecessor-version":[{"id":5270,"href":"https:\/\/agora.xtec.cat\/ceip-simeo-rabasa\/wp-json\/wp\/v2\/posts\/5218\/revisions\/5270"}],"wp:featuredmedia":[{"embeddable":true,"href":"https:\/\/agora.xtec.cat\/ceip-simeo-rabasa\/wp-json\/wp\/v2\/media\/5225"}],"wp:attachment":[{"href":"https:\/\/agora.xtec.cat\/ceip-simeo-rabasa\/wp-json\/wp\/v2\/media?parent=5218"}],"wp:term":[{"taxonomy":"category","embeddable":true,"href":"https:\/\/agora.xtec.cat\/ceip-simeo-rabasa\/wp-json\/wp\/v2\/categories?post=5218"},{"taxonomy":"post_tag","embeddable":true,"href":"https:\/\/agora.xtec.cat\/ceip-simeo-rabasa\/wp-json\/wp\/v2\/tags?post=5218"}],"curies":[{"name":"wp","href":"https:\/\/api.w.org\/{rel}","templated":true}]}}