{"id":4868,"date":"2022-06-02T15:09:48","date_gmt":"2022-06-02T13:09:48","guid":{"rendered":"https:\/\/agora.xtec.cat\/ceip-simeo-rabasa\/?p=4868"},"modified":"2022-06-02T15:11:07","modified_gmt":"2022-06-02T13:11:07","slug":"ens-convertim-en-poetes-visuals","status":"publish","type":"post","link":"https:\/\/agora.xtec.cat\/ceip-simeo-rabasa\/general\/ens-convertim-en-poetes-visuals\/","title":{"rendered":"ENS CONVERTIM EN POETES VISUALS!"},"content":{"rendered":"<p>Hola fam\u00edlies!<\/p>\n<p>Els nens i nenes de 5\u00e8 us volem presentar la nostra exposici\u00f3 de poesia visual. Fa uns quants dies que estem treballant el poeta catal\u00e0 Joan Brossa. Sense saber-ho, ja vam veure una obra seva quan vam anar d&#8217;excursi\u00f3 a Barcelona. Eren unes lletres ben grans que estan situades a la pla\u00e7a de la Catedral, on hi diu &#8220;Barcino&#8221;.<\/p>\n<p>Joan Brossa va ser un poeta catal\u00e0 molt important, per\u00f2 no es va fer fam\u00f3s perqu\u00e8 escrigu\u00e9s molt, sin\u00f3 per fer poemes visuals. Qu\u00e8 s\u00f3n els poemes visuals pensareu? Doncs b\u00e9, ell agafava un o dos objectes quotidians i amb aquesta uni\u00f3, els hi donava un nou significat. Tamb\u00e9 podien ser dibuixos o paraules combinades. Ell volia que cadasc\u00fa li don\u00e9s una interpretaci\u00f3, per aix\u00f2 mai explicava el que significaven. El t\u00edtol i els elements visuals era tot el que necessitava per fer un poema.<br \/>\nHem treballat diferents estils de poemes visuals, analitzant els objectes i extraient diferents significats.<\/p>\n<p>La nostra classe tamb\u00e9 ha volgut crear poemes a l&#8217;estil d&#8217;en Joan Brossa, i a continuaci\u00f3 teniu uns exemples.<\/p>\n<p>Esperem que us hagi agradat, nosaltres hem gaudit molt pensant en les nostres creacions!<a href=\"https:\/\/agora.xtec.cat\/ceip-simeo-rabasa\/wp-content\/uploads\/usu903\/2022\/06\/IMG-20220602-WA0042.jpg\"><img loading=\"lazy\" decoding=\"async\" class=\" wp-image-4873 aligncenter\" src=\"https:\/\/agora.xtec.cat\/ceip-simeo-rabasa\/wp-content\/uploads\/usu903\/2022\/06\/IMG-20220602-WA0042.jpg\" alt=\"\" width=\"794\" height=\"1059\" srcset=\"https:\/\/agora.xtec.cat\/ceip-simeo-rabasa\/wp-content\/uploads\/usu903\/2022\/06\/IMG-20220602-WA0042.jpg 1200w, https:\/\/agora.xtec.cat\/ceip-simeo-rabasa\/wp-content\/uploads\/usu903\/2022\/06\/IMG-20220602-WA0042-225x300.jpg 225w, https:\/\/agora.xtec.cat\/ceip-simeo-rabasa\/wp-content\/uploads\/usu903\/2022\/06\/IMG-20220602-WA0042-768x1024.jpg 768w, https:\/\/agora.xtec.cat\/ceip-simeo-rabasa\/wp-content\/uploads\/usu903\/2022\/06\/IMG-20220602-WA0042-1152x1536.jpg 1152w\" sizes=\"auto, (max-width: 794px) 100vw, 794px\" \/><\/a><\/p>\n<p>&nbsp;<\/p>\n<p><a href=\"https:\/\/agora.xtec.cat\/ceip-simeo-rabasa\/wp-content\/uploads\/usu903\/2022\/06\/IMG-20220602-WA0043.jpg\"><img loading=\"lazy\" decoding=\"async\" class=\" wp-image-4874 aligncenter\" src=\"https:\/\/agora.xtec.cat\/ceip-simeo-rabasa\/wp-content\/uploads\/usu903\/2022\/06\/IMG-20220602-WA0043.jpg\" alt=\"\" width=\"822\" height=\"616\" srcset=\"https:\/\/agora.xtec.cat\/ceip-simeo-rabasa\/wp-content\/uploads\/usu903\/2022\/06\/IMG-20220602-WA0043.jpg 1600w, https:\/\/agora.xtec.cat\/ceip-simeo-rabasa\/wp-content\/uploads\/usu903\/2022\/06\/IMG-20220602-WA0043-300x225.jpg 300w, https:\/\/agora.xtec.cat\/ceip-simeo-rabasa\/wp-content\/uploads\/usu903\/2022\/06\/IMG-20220602-WA0043-1024x768.jpg 1024w, https:\/\/agora.xtec.cat\/ceip-simeo-rabasa\/wp-content\/uploads\/usu903\/2022\/06\/IMG-20220602-WA0043-768x576.jpg 768w, https:\/\/agora.xtec.cat\/ceip-simeo-rabasa\/wp-content\/uploads\/usu903\/2022\/06\/IMG-20220602-WA0043-1536x1152.jpg 1536w, https:\/\/agora.xtec.cat\/ceip-simeo-rabasa\/wp-content\/uploads\/usu903\/2022\/06\/IMG-20220602-WA0043-200x150.jpg 200w\" sizes=\"auto, (max-width: 822px) 100vw, 822px\" \/><\/a><\/p>\n<p>&nbsp;<\/p>\n<p><a href=\"https:\/\/agora.xtec.cat\/ceip-simeo-rabasa\/wp-content\/uploads\/usu903\/2022\/06\/IMG-20220602-WA0044.jpg\"><img loading=\"lazy\" decoding=\"async\" class=\" wp-image-4875 aligncenter\" src=\"https:\/\/agora.xtec.cat\/ceip-simeo-rabasa\/wp-content\/uploads\/usu903\/2022\/06\/IMG-20220602-WA0044.jpg\" alt=\"\" width=\"810\" height=\"1080\" srcset=\"https:\/\/agora.xtec.cat\/ceip-simeo-rabasa\/wp-content\/uploads\/usu903\/2022\/06\/IMG-20220602-WA0044.jpg 1200w, https:\/\/agora.xtec.cat\/ceip-simeo-rabasa\/wp-content\/uploads\/usu903\/2022\/06\/IMG-20220602-WA0044-225x300.jpg 225w, https:\/\/agora.xtec.cat\/ceip-simeo-rabasa\/wp-content\/uploads\/usu903\/2022\/06\/IMG-20220602-WA0044-768x1024.jpg 768w, https:\/\/agora.xtec.cat\/ceip-simeo-rabasa\/wp-content\/uploads\/usu903\/2022\/06\/IMG-20220602-WA0044-1152x1536.jpg 1152w\" sizes=\"auto, (max-width: 810px) 100vw, 810px\" \/><\/a><\/p>\n","protected":false},"excerpt":{"rendered":"<p>Hola fam\u00edlies!<br \/>\nEls nens i nenes de 5\u00e8 us volem presentar la nostra exposici\u00f3 de poesia visual<\/p>\n","protected":false},"author":1,"featured_media":4871,"comment_status":"open","ping_status":"closed","sticky":false,"template":"","format":"standard","meta":{"_bbp_topic_count":0,"_bbp_reply_count":0,"_bbp_total_topic_count":0,"_bbp_total_reply_count":0,"_bbp_voice_count":0,"_bbp_anonymous_reply_count":0,"_bbp_topic_count_hidden":0,"_bbp_reply_count_hidden":0,"_bbp_forum_subforum_count":0,"site-sidebar-layout":"default","site-content-layout":"","ast-site-content-layout":"","site-content-style":"default","site-sidebar-style":"default","ast-global-header-display":"","ast-banner-title-visibility":"","ast-main-header-display":"","ast-hfb-above-header-display":"","ast-hfb-below-header-display":"","ast-hfb-mobile-header-display":"","site-post-title":"","ast-breadcrumbs-content":"","ast-featured-img":"","footer-sml-layout":"","theme-transparent-header-meta":"","adv-header-id-meta":"","stick-header-meta":"","header-above-stick-meta":"","header-main-stick-meta":"","header-below-stick-meta":"","astra-migrate-meta-layouts":"default","ast-page-background-enabled":"default","ast-page-background-meta":{"desktop":{"background-color":"var(--ast-global-color-4)","background-image":"","background-repeat":"repeat","background-position":"center center","background-size":"auto","background-attachment":"scroll","background-type":"","background-media":"","overlay-type":"","overlay-color":"","overlay-opacity":"","overlay-gradient":""},"tablet":{"background-color":"","background-image":"","background-repeat":"repeat","background-position":"center center","background-size":"auto","background-attachment":"scroll","background-type":"","background-media":"","overlay-type":"","overlay-color":"","overlay-opacity":"","overlay-gradient":""},"mobile":{"background-color":"","background-image":"","background-repeat":"repeat","background-position":"center center","background-size":"auto","background-attachment":"scroll","background-type":"","background-media":"","overlay-type":"","overlay-color":"","overlay-opacity":"","overlay-gradient":""}},"ast-content-background-meta":{"desktop":{"background-color":"var(--ast-global-color-5)","background-image":"","background-repeat":"repeat","background-position":"center center","background-size":"auto","background-attachment":"scroll","background-type":"","background-media":"","overlay-type":"","overlay-color":"","overlay-opacity":"","overlay-gradient":""},"tablet":{"background-color":"var(--ast-global-color-5)","background-image":"","background-repeat":"repeat","background-position":"center center","background-size":"auto","background-attachment":"scroll","background-type":"","background-media":"","overlay-type":"","overlay-color":"","overlay-opacity":"","overlay-gradient":""},"mobile":{"background-color":"var(--ast-global-color-5)","background-image":"","background-repeat":"repeat","background-position":"center center","background-size":"auto","background-attachment":"scroll","background-type":"","background-media":"","overlay-type":"","overlay-color":"","overlay-opacity":"","overlay-gradient":""}},"footnotes":""},"categories":[1,4],"tags":[],"class_list":["post-4868","post","type-post","status-publish","format-standard","has-post-thumbnail","hentry","category-general","category-portada"],"post_mailing_queue_ids":[],"_links":{"self":[{"href":"https:\/\/agora.xtec.cat\/ceip-simeo-rabasa\/wp-json\/wp\/v2\/posts\/4868","targetHints":{"allow":["GET"]}}],"collection":[{"href":"https:\/\/agora.xtec.cat\/ceip-simeo-rabasa\/wp-json\/wp\/v2\/posts"}],"about":[{"href":"https:\/\/agora.xtec.cat\/ceip-simeo-rabasa\/wp-json\/wp\/v2\/types\/post"}],"author":[{"embeddable":true,"href":"https:\/\/agora.xtec.cat\/ceip-simeo-rabasa\/wp-json\/wp\/v2\/users\/1"}],"replies":[{"embeddable":true,"href":"https:\/\/agora.xtec.cat\/ceip-simeo-rabasa\/wp-json\/wp\/v2\/comments?post=4868"}],"version-history":[{"count":4,"href":"https:\/\/agora.xtec.cat\/ceip-simeo-rabasa\/wp-json\/wp\/v2\/posts\/4868\/revisions"}],"predecessor-version":[{"id":4878,"href":"https:\/\/agora.xtec.cat\/ceip-simeo-rabasa\/wp-json\/wp\/v2\/posts\/4868\/revisions\/4878"}],"wp:featuredmedia":[{"embeddable":true,"href":"https:\/\/agora.xtec.cat\/ceip-simeo-rabasa\/wp-json\/wp\/v2\/media\/4871"}],"wp:attachment":[{"href":"https:\/\/agora.xtec.cat\/ceip-simeo-rabasa\/wp-json\/wp\/v2\/media?parent=4868"}],"wp:term":[{"taxonomy":"category","embeddable":true,"href":"https:\/\/agora.xtec.cat\/ceip-simeo-rabasa\/wp-json\/wp\/v2\/categories?post=4868"},{"taxonomy":"post_tag","embeddable":true,"href":"https:\/\/agora.xtec.cat\/ceip-simeo-rabasa\/wp-json\/wp\/v2\/tags?post=4868"}],"curies":[{"name":"wp","href":"https:\/\/api.w.org\/{rel}","templated":true}]}}