{"id":4784,"date":"2022-04-21T11:34:21","date_gmt":"2022-04-21T09:34:21","guid":{"rendered":"https:\/\/agora.xtec.cat\/ceip-simeo-rabasa\/?p=4784"},"modified":"2022-04-21T11:35:02","modified_gmt":"2022-04-21T09:35:02","slug":"tallers-dels-ibers","status":"publish","type":"post","link":"https:\/\/agora.xtec.cat\/ceip-simeo-rabasa\/general\/tallers-dels-ibers\/","title":{"rendered":"TALLERS DELS IBERS A 5\u00e8"},"content":{"rendered":"<p>Bones fam\u00edlies,<\/p>\n<p>Despr\u00e9s de les vacances de Setmana Santa els nens i nenes de 5\u00e8 tornem amb for\u00e7a portant a terme els nostres tallers dels ibers. Com us hav\u00edem explicat en algun article anterior, el nostre \u00faltim projecte consistia en aprendre una mica m\u00e9s dels nostres avantpassats, els ibers.<\/p>\n<p>Com a producte final de projecte en grups ens hem preparat diferents tallers, especialitzant-nos en un tema, per fer-los als nostres companys.<\/p>\n<p>Aix\u00ed doncs, de moment hem fet els tallers d&#8217;habitatge on vam construir una casa \u00edbera amb plastilina, vam aprendre una mica m\u00e9s sobre els poblats fent un memory i finalment vam poder demostrar el que sab\u00edem en un Blooket.<br \/>\nEn el taller de vestimenta vam poder teixir nosaltres mateixos amb un teler fet amb pals de polo!<\/p>\n<p>Tamb\u00e9 hem pogut saber m\u00e9s sobre els infants jugant a jocs que segurament podr\u00eden haver jugat en aquella \u00e8poca.<\/p>\n<p>I per \u00faltim, ahir vam saber m\u00e9s dels remeis medicinals fent una infusi\u00f3 de llimona i adivinant olors de plantes\/herbes que feien servir en aquells temps. A m\u00e9s a m\u00e9s, vam preparar una amanida amb els aliments t\u00edpics dels ibers, com enciam, fruits secs, formatge, llegums, oli i sal.<\/p>\n<p>Estem aprenent molt amb tot el que preparen els nostres companys i encara ens queden el d&#8217;escriptura i bellesa, a veure qu\u00e8 ens hauran preparat!<\/p>\n","protected":false},"excerpt":{"rendered":"<p>Bones fam\u00edlies,<\/p>\n<p>Despr\u00e9s de les vacances de Setmana Santa els nens i nenes de 5\u00e8 tornem amb for\u00e7a portant a terme els nostres tallers dels ibers.<\/p>\n","protected":false},"author":1,"featured_media":4786,"comment_status":"open","ping_status":"closed","sticky":false,"template":"","format":"standard","meta":{"_bbp_topic_count":0,"_bbp_reply_count":0,"_bbp_total_topic_count":0,"_bbp_total_reply_count":0,"_bbp_voice_count":0,"_bbp_anonymous_reply_count":0,"_bbp_topic_count_hidden":0,"_bbp_reply_count_hidden":0,"_bbp_forum_subforum_count":0,"site-sidebar-layout":"default","site-content-layout":"","ast-site-content-layout":"","site-content-style":"default","site-sidebar-style":"default","ast-global-header-display":"","ast-banner-title-visibility":"","ast-main-header-display":"","ast-hfb-above-header-display":"","ast-hfb-below-header-display":"","ast-hfb-mobile-header-display":"","site-post-title":"","ast-breadcrumbs-content":"","ast-featured-img":"","footer-sml-layout":"","theme-transparent-header-meta":"","adv-header-id-meta":"","stick-header-meta":"","header-above-stick-meta":"","header-main-stick-meta":"","header-below-stick-meta":"","astra-migrate-meta-layouts":"default","ast-page-background-enabled":"default","ast-page-background-meta":{"desktop":{"background-color":"var(--ast-global-color-4)","background-image":"","background-repeat":"repeat","background-position":"center center","background-size":"auto","background-attachment":"scroll","background-type":"","background-media":"","overlay-type":"","overlay-color":"","overlay-opacity":"","overlay-gradient":""},"tablet":{"background-color":"","background-image":"","background-repeat":"repeat","background-position":"center center","background-size":"auto","background-attachment":"scroll","background-type":"","background-media":"","overlay-type":"","overlay-color":"","overlay-opacity":"","overlay-gradient":""},"mobile":{"background-color":"","background-image":"","background-repeat":"repeat","background-position":"center center","background-size":"auto","background-attachment":"scroll","background-type":"","background-media":"","overlay-type":"","overlay-color":"","overlay-opacity":"","overlay-gradient":""}},"ast-content-background-meta":{"desktop":{"background-color":"var(--ast-global-color-5)","background-image":"","background-repeat":"repeat","background-position":"center center","background-size":"auto","background-attachment":"scroll","background-type":"","background-media":"","overlay-type":"","overlay-color":"","overlay-opacity":"","overlay-gradient":""},"tablet":{"background-color":"var(--ast-global-color-5)","background-image":"","background-repeat":"repeat","background-position":"center center","background-size":"auto","background-attachment":"scroll","background-type":"","background-media":"","overlay-type":"","overlay-color":"","overlay-opacity":"","overlay-gradient":""},"mobile":{"background-color":"var(--ast-global-color-5)","background-image":"","background-repeat":"repeat","background-position":"center center","background-size":"auto","background-attachment":"scroll","background-type":"","background-media":"","overlay-type":"","overlay-color":"","overlay-opacity":"","overlay-gradient":""}},"footnotes":""},"categories":[1,4],"tags":[],"class_list":["post-4784","post","type-post","status-publish","format-standard","has-post-thumbnail","hentry","category-general","category-portada"],"post_mailing_queue_ids":[],"_links":{"self":[{"href":"https:\/\/agora.xtec.cat\/ceip-simeo-rabasa\/wp-json\/wp\/v2\/posts\/4784","targetHints":{"allow":["GET"]}}],"collection":[{"href":"https:\/\/agora.xtec.cat\/ceip-simeo-rabasa\/wp-json\/wp\/v2\/posts"}],"about":[{"href":"https:\/\/agora.xtec.cat\/ceip-simeo-rabasa\/wp-json\/wp\/v2\/types\/post"}],"author":[{"embeddable":true,"href":"https:\/\/agora.xtec.cat\/ceip-simeo-rabasa\/wp-json\/wp\/v2\/users\/1"}],"replies":[{"embeddable":true,"href":"https:\/\/agora.xtec.cat\/ceip-simeo-rabasa\/wp-json\/wp\/v2\/comments?post=4784"}],"version-history":[{"count":3,"href":"https:\/\/agora.xtec.cat\/ceip-simeo-rabasa\/wp-json\/wp\/v2\/posts\/4784\/revisions"}],"predecessor-version":[{"id":4788,"href":"https:\/\/agora.xtec.cat\/ceip-simeo-rabasa\/wp-json\/wp\/v2\/posts\/4784\/revisions\/4788"}],"wp:featuredmedia":[{"embeddable":true,"href":"https:\/\/agora.xtec.cat\/ceip-simeo-rabasa\/wp-json\/wp\/v2\/media\/4786"}],"wp:attachment":[{"href":"https:\/\/agora.xtec.cat\/ceip-simeo-rabasa\/wp-json\/wp\/v2\/media?parent=4784"}],"wp:term":[{"taxonomy":"category","embeddable":true,"href":"https:\/\/agora.xtec.cat\/ceip-simeo-rabasa\/wp-json\/wp\/v2\/categories?post=4784"},{"taxonomy":"post_tag","embeddable":true,"href":"https:\/\/agora.xtec.cat\/ceip-simeo-rabasa\/wp-json\/wp\/v2\/tags?post=4784"}],"curies":[{"name":"wp","href":"https:\/\/api.w.org\/{rel}","templated":true}]}}