{"id":4757,"date":"2022-03-28T08:55:15","date_gmt":"2022-03-28T06:55:15","guid":{"rendered":"https:\/\/agora.xtec.cat\/ceip-simeo-rabasa\/?p=4757"},"modified":"2022-03-28T08:55:15","modified_gmt":"2022-03-28T06:55:15","slug":"dies-de-teatre","status":"publish","type":"post","link":"https:\/\/agora.xtec.cat\/ceip-simeo-rabasa\/general\/dies-de-teatre\/","title":{"rendered":"DIES DE TEATRE!"},"content":{"rendered":"<p>&nbsp;<\/p>\n<p style=\"text-align: left;\"><b>Aquests dies pugem a l&#8217;escenari al Sime\u00f3 Rabasa!<\/b><\/p>\n<p><a href=\"https:\/\/agora.xtec.cat\/ceip-simeo-rabasa\/wp-content\/uploads\/usu903\/2022\/03\/article-scaled.jpg\"><img loading=\"lazy\" decoding=\"async\" class=\"size-large wp-image-4761 aligncenter\" src=\"https:\/\/agora.xtec.cat\/ceip-simeo-rabasa\/wp-content\/uploads\/usu903\/2022\/03\/article-1024x487.jpg\" alt=\"\" width=\"1024\" height=\"487\" srcset=\"https:\/\/agora.xtec.cat\/ceip-simeo-rabasa\/wp-content\/uploads\/usu903\/2022\/03\/article-1024x487.jpg 1024w, https:\/\/agora.xtec.cat\/ceip-simeo-rabasa\/wp-content\/uploads\/usu903\/2022\/03\/article-300x143.jpg 300w, https:\/\/agora.xtec.cat\/ceip-simeo-rabasa\/wp-content\/uploads\/usu903\/2022\/03\/article-768x365.jpg 768w, https:\/\/agora.xtec.cat\/ceip-simeo-rabasa\/wp-content\/uploads\/usu903\/2022\/03\/article-1536x731.jpg 1536w, https:\/\/agora.xtec.cat\/ceip-simeo-rabasa\/wp-content\/uploads\/usu903\/2022\/03\/article-2048x974.jpg 2048w\" sizes=\"auto, (max-width: 1024px) 100vw, 1024px\" \/><\/a><\/p>\n<p style=\"text-align: left;\">Comencen les jornades de teatre del Sime\u00f3!<\/p>\n<p style=\"text-align: left;\">Portem setmanes preparant les nostres obres de teatre i estem desitjant representar-les per vosaltres. Durant tres tardes podreu venir a veure els diferents espectacles i gaudir de les nostres obres, algunes fins i tot, escrites per nosaltres.<\/p>\n<p style=\"text-align: left;\">A continuaci\u00f3 us detallem les obres que es representaran.<\/p>\n<p style=\"text-align: left;\"><strong>Dijous 31 de mar\u00e7:<\/strong><\/p>\n<p style=\"text-align: center;\"><strong>Obra de teatre de P4:\u00a0<\/strong><strong>EL PORQUET QUE ES VA PERDRE<\/strong><\/p>\n<p style=\"text-align: left;\">Les taurones i taurons han inventat una fant\u00e0stica obra de teatre sota el t\u00edtol \u201cel porquet que es va perdre\u201d. L\u2019aventura comen\u00e7a quan els infants de la classe dels taurons van d\u2019excursi\u00f3 a la granja i es troben amb un gran misteri, un porquet de la granja ha desaparegut! El buscaran amb l\u2019ajuda dels diferents personatges que aniran trobant pel cam\u00ed, el treball en equip sempre \u00e9s m\u00e9s f\u00e0cil i divertit!<\/p>\n<p style=\"text-align: center;\"><strong>Obra de teatre de 2n: <\/strong><b>VIAJANDO POR LA TELEVISI\u00d3N<\/b><\/p>\n<p style=\"text-align: left;\">Un sal\u00f3n cualquiera con\u00a0 una familia cualquiera cobrar\u00e1 vida en el escenario mientras ven la televisi\u00f3n. Durante el visionado de diferentes programas, representados tambi\u00e9n por actores en el mismo escenario, surgir\u00e1n conversaciones de los diferentes miembros familiares hasta que quede solo el abuelo dando paso a la programaci\u00f3n de la televisi\u00f3n de sus sue\u00f1os.<\/p>\n<p style=\"text-align: center;\"><strong>Obra de teatre de 4t: <\/strong><b>EL SASTRE VALENT<\/b><\/p>\n<p style=\"text-align: left;\"><i>Adaptaci\u00f3 d\u2019un conte popular europeu escrit pels germans Grimm.<\/i><\/p>\n<p style=\"text-align: left;\"><span style=\"font-weight: 400;\">Fa molts anys, en un poble molt lluny\u00e0 va apar\u00e8ixer un gegant que tenia atemorits a tots els seus habitants. Un d\u2019aquests era un sastre molt treballador\u00a0 que no tenia nom\u00e9s aquesta virtut. Durant la hist\u00f2ria haur\u00e0 de demostrar la seva valentia a tot el poble i en concret a la Reina Isabela.<\/span><\/p>\n<p style=\"text-align: left;\"><strong>Divendres 1 d&#8217;abril<\/strong><\/p>\n<p style=\"text-align: center;\"><strong>Obra de teatre de P3:\u00a0<\/strong><strong>DE QU\u00c8 FA GUST LA LLUNA?<\/strong><\/p>\n<p style=\"text-align: left;\">Una obra de teatre tan bonica i rodona com la lluna plena. Els animals de la selva fa<br \/>\nmolt de temps que volen saber a qu\u00e8 fa gust la lluna. Junts i en equip ens mostraran<br \/>\ncom les coses compartides sempre fan millor gust.<\/p>\n<p style=\"text-align: center;\"><strong>Obra de teatre de 1r:\u00a0<\/strong><b>COM CANVIEN ELS CONTES<\/b><\/p>\n<p style=\"text-align: left;\">Les nenes i nens de primer, avorrits dels contes tradicionals, han deixat anar la seva imaginaci\u00f3 i s\u2019han endinsat en un m\u00f3n de contes versionats. Ja veureu que us sorprendran!<\/p>\n<p style=\"text-align: center;\"><strong>Pel\u00b7l\u00edcula de 6\u00e8:\u00a0<\/strong><strong>LA M\u00c1QUINA DEL TIEMPO<\/strong><\/p>\n<p style=\"text-align: left;\">El grupo de sexto ha decidido hacer una pel\u00edcula como producto final del proyecto de hist\u00f2ria &#8220;La m\u00e1quina del tiempo&#8221;. Hemos escrito el gui\u00f3n y hemos grabado las escenas en diferentes lugares de la escuela y de Martorelles. Viajar en el tiempo puede ser divertido; no podemos cambiar las cosas del pasado, pero si mirar hacia el futuro.<\/p>\n<p style=\"text-align: left;\"><strong>Dilluns 4 d&#8217;abril<\/strong><\/p>\n<p style=\"text-align: center;\"><strong>Obra de teatre de P5:\u00a0<\/strong><strong>VA DE INDIS<\/strong><\/p>\n<p style=\"text-align: left;\">Els nens i nenes de P5 representaran una obra titulada VA DE INDIS. Aquesta obra l&#8217;han escrit ells\/es mateixos\/es. La seva gran imaginaci\u00f3 ens ha convertit en veritables membres de dues tribus: PLOMA GROGA I TIGRES BLANCS.<\/p>\n<p style=\"text-align: left;\">Dos excursionistes estan cansats del seu llarg viatge i, un d&#8217;ells, comen\u00e7a a explicar una hist\u00f2ria d&#8217;indis. Les dues tribus estan enfadades perqu\u00e8 pensen que van ser els primers en ca\u00e7ar un bis\u00f3. Els infants ens poden donar lli\u00e7ons de vida, ja que, un dia, comencen a relacionar-se i compartir el JOC. Qu\u00e8 passar\u00e0 quan els caps de les dues tribus ho s\u00e0piguen? No podem explicar el final per\u00f2 si que volem compartir amb vosaltres el seg\u00fcent lema: ENS HEM D&#8217;ESTIMAR I, SOBRETOT, LES COSES S&#8217;HAN DE PARLAR.<\/p>\n<p style=\"text-align: center;\"><strong>Obra de teatre de 3r:\u00a0<\/strong><b>THE MUSICIANS OF BREMEN<\/b><\/p>\n<p style=\"text-align: left;\"><span style=\"font-weight: 400;\">Four domestic animals, who worked for a long time in their farms, were mistreated and abandoned by their farmers and women. Eventually, they became friends and they decided to go to Bremen to chase their dream: sing. <\/span><\/p>\n<p style=\"text-align: center;\"><strong>Obra de teatre de 5\u00e8: N\u00e0rnia<\/strong><\/p>\n<p>&nbsp;<\/p>\n<p>La classe de 5\u00e8 us representar\u00e0 la hist\u00f2ria de N\u00e0rnia. Les aventures de quatre germans: en Peter, la Susan, l&#8217;Edmund i la Lucy, que han de fugir de la ciutat de Londres ja que s\u00f3n temps dif\u00edcils. Troben en una casa de camp un m\u00f3n m\u00e0gic que els portar\u00e0 a viure incre\u00efbles moments. Els voleu acompanyar?<\/p>\n<p style=\"text-align: left;\"><strong>ESPEREM QUE GAUDIU DE L&#8217;ESPECTACLE!<\/strong><\/p>\n<p style=\"text-align: left;\"><strong>GR\u00c0CIES!!!<\/strong><\/p>\n<p style=\"text-align: right;\">Reporters i reporteres de sis\u00e8.<\/p>\n<p>&nbsp;<\/p>\n","protected":false},"excerpt":{"rendered":"<p>Aquests dies pugem a l&#8217;escenari al Sime\u00f3 Rabasa!<\/p>\n","protected":false},"author":1,"featured_media":4765,"comment_status":"open","ping_status":"closed","sticky":false,"template":"","format":"standard","meta":{"_bbp_topic_count":0,"_bbp_reply_count":0,"_bbp_total_topic_count":0,"_bbp_total_reply_count":0,"_bbp_voice_count":0,"_bbp_anonymous_reply_count":0,"_bbp_topic_count_hidden":0,"_bbp_reply_count_hidden":0,"_bbp_forum_subforum_count":0,"site-sidebar-layout":"default","site-content-layout":"","ast-site-content-layout":"","site-content-style":"default","site-sidebar-style":"default","ast-global-header-display":"","ast-banner-title-visibility":"","ast-main-header-display":"","ast-hfb-above-header-display":"","ast-hfb-below-header-display":"","ast-hfb-mobile-header-display":"","site-post-title":"","ast-breadcrumbs-content":"","ast-featured-img":"","footer-sml-layout":"","theme-transparent-header-meta":"","adv-header-id-meta":"","stick-header-meta":"","header-above-stick-meta":"","header-main-stick-meta":"","header-below-stick-meta":"","astra-migrate-meta-layouts":"default","ast-page-background-enabled":"default","ast-page-background-meta":{"desktop":{"background-color":"var(--ast-global-color-4)","background-image":"","background-repeat":"repeat","background-position":"center center","background-size":"auto","background-attachment":"scroll","background-type":"","background-media":"","overlay-type":"","overlay-color":"","overlay-opacity":"","overlay-gradient":""},"tablet":{"background-color":"","background-image":"","background-repeat":"repeat","background-position":"center center","background-size":"auto","background-attachment":"scroll","background-type":"","background-media":"","overlay-type":"","overlay-color":"","overlay-opacity":"","overlay-gradient":""},"mobile":{"background-color":"","background-image":"","background-repeat":"repeat","background-position":"center center","background-size":"auto","background-attachment":"scroll","background-type":"","background-media":"","overlay-type":"","overlay-color":"","overlay-opacity":"","overlay-gradient":""}},"ast-content-background-meta":{"desktop":{"background-color":"var(--ast-global-color-5)","background-image":"","background-repeat":"repeat","background-position":"center center","background-size":"auto","background-attachment":"scroll","background-type":"","background-media":"","overlay-type":"","overlay-color":"","overlay-opacity":"","overlay-gradient":""},"tablet":{"background-color":"var(--ast-global-color-5)","background-image":"","background-repeat":"repeat","background-position":"center center","background-size":"auto","background-attachment":"scroll","background-type":"","background-media":"","overlay-type":"","overlay-color":"","overlay-opacity":"","overlay-gradient":""},"mobile":{"background-color":"var(--ast-global-color-5)","background-image":"","background-repeat":"repeat","background-position":"center center","background-size":"auto","background-attachment":"scroll","background-type":"","background-media":"","overlay-type":"","overlay-color":"","overlay-opacity":"","overlay-gradient":""}},"footnotes":""},"categories":[22,24,1,33,4],"tags":[],"class_list":["post-4757","post","type-post","status-publish","format-standard","has-post-thumbnail","hentry","category-festes","category-festes-i-activitats","category-general","category-teatre","category-portada"],"post_mailing_queue_ids":[],"_links":{"self":[{"href":"https:\/\/agora.xtec.cat\/ceip-simeo-rabasa\/wp-json\/wp\/v2\/posts\/4757","targetHints":{"allow":["GET"]}}],"collection":[{"href":"https:\/\/agora.xtec.cat\/ceip-simeo-rabasa\/wp-json\/wp\/v2\/posts"}],"about":[{"href":"https:\/\/agora.xtec.cat\/ceip-simeo-rabasa\/wp-json\/wp\/v2\/types\/post"}],"author":[{"embeddable":true,"href":"https:\/\/agora.xtec.cat\/ceip-simeo-rabasa\/wp-json\/wp\/v2\/users\/1"}],"replies":[{"embeddable":true,"href":"https:\/\/agora.xtec.cat\/ceip-simeo-rabasa\/wp-json\/wp\/v2\/comments?post=4757"}],"version-history":[{"count":3,"href":"https:\/\/agora.xtec.cat\/ceip-simeo-rabasa\/wp-json\/wp\/v2\/posts\/4757\/revisions"}],"predecessor-version":[{"id":4766,"href":"https:\/\/agora.xtec.cat\/ceip-simeo-rabasa\/wp-json\/wp\/v2\/posts\/4757\/revisions\/4766"}],"wp:featuredmedia":[{"embeddable":true,"href":"https:\/\/agora.xtec.cat\/ceip-simeo-rabasa\/wp-json\/wp\/v2\/media\/4765"}],"wp:attachment":[{"href":"https:\/\/agora.xtec.cat\/ceip-simeo-rabasa\/wp-json\/wp\/v2\/media?parent=4757"}],"wp:term":[{"taxonomy":"category","embeddable":true,"href":"https:\/\/agora.xtec.cat\/ceip-simeo-rabasa\/wp-json\/wp\/v2\/categories?post=4757"},{"taxonomy":"post_tag","embeddable":true,"href":"https:\/\/agora.xtec.cat\/ceip-simeo-rabasa\/wp-json\/wp\/v2\/tags?post=4757"}],"curies":[{"name":"wp","href":"https:\/\/api.w.org\/{rel}","templated":true}]}}