{"id":4714,"date":"2022-03-09T09:38:11","date_gmt":"2022-03-09T08:38:11","guid":{"rendered":"https:\/\/agora.xtec.cat\/ceip-simeo-rabasa\/?p=4714"},"modified":"2022-03-09T09:38:11","modified_gmt":"2022-03-09T08:38:11","slug":"coneixem-els-nostres-avantpassats","status":"publish","type":"post","link":"https:\/\/agora.xtec.cat\/ceip-simeo-rabasa\/general\/coneixem-els-nostres-avantpassats\/","title":{"rendered":"CONEIXEM ELS NOSTRES AVANTPASSATS!"},"content":{"rendered":"<p>Bon dia fam\u00edlies,<\/p>\n<p>El passat dia 1 de mar\u00e7 la classe de 5\u00e8 vam anar a visitar el jaciment Iber que es troba a Montcada i Reixac. Ens va acompanyar un guia que ens va explicar indicant les restes que queden, com vivien els ibers i especialment aquesta tribu.<br \/>\nVam poder veure restes de les muralles, les parets de les cases, un petit temple on es feien actes religioses, forats al terra que s&#8217;anomenen sitges que els feien servir per guardar diferents aliments, s&#8217;havien trobat diferents ossos (d&#8217;animals i humans) que ara estan al museu de Montcada, una roca amb una inscripci\u00f3\/dibuix, i dues &#8220;piscines&#8221; que eren llocs per recol\u00b7lectar l&#8217;aigua de la pluja.<\/p>\n<p>El poblat es diu Les Maleses. Si no hagu\u00e9ssim sabut el cam\u00ed \u00e9s un lloc que est\u00e0 amagat, i els ibers van triar aquesta localitzaci\u00f3 perqu\u00e8 fos m\u00e9s dif\u00edcil d&#8217;accedir i per tant, evitar possibles atacs. El jaciment, com tots els poblats ibers, es troba dalt d&#8217;un tur\u00f3 i des d&#8217;all\u00e0 hi havia unes vistes espectaculars! Pod\u00edem veure el mar, Montserrat, les muntanyes properes i fins i tot vam veure l&#8217;escola.<\/p>\n<p>Tot i que hi ha uns 45 minuts de pujada per anar al poblat, recomanem que hi aneu. Encara que no porteu guia, all\u00e0 hi ha uns planells informatius amb diferents explicacions. El cam\u00ed est\u00e0 senyalitzat per poder arribar-hi f\u00e0cilment i no perdre&#8217;s.<\/p>\n<p>Recordem que s\u00f3n unes restes de fa milers d&#8217;anys, per tant intenteu no trepitjar-les (o el m\u00ednim possible), ja que s\u00f3n hist\u00f2riques.<\/p>\n<p>&nbsp;<\/p>\n<p>La classe de 5\u00e8.<\/p>\n","protected":false},"excerpt":{"rendered":"<p>Bon dia fam\u00edlies,\u00a0<\/p>\n<p>El passat dia 1 de mar\u00e7 la classe de 5\u00e8 vam anar a visitar el jaciment Iber que es troba a Montcada i Reixac. Ens va acompanyar un guia que ens va explicar indicant les restes que queden, com vivien els ibers i especialment aquesta tribu.<\/p>\n","protected":false},"author":1,"featured_media":4716,"comment_status":"open","ping_status":"closed","sticky":false,"template":"","format":"standard","meta":{"_bbp_topic_count":0,"_bbp_reply_count":0,"_bbp_total_topic_count":0,"_bbp_total_reply_count":0,"_bbp_voice_count":0,"_bbp_anonymous_reply_count":0,"_bbp_topic_count_hidden":0,"_bbp_reply_count_hidden":0,"_bbp_forum_subforum_count":0,"site-sidebar-layout":"default","site-content-layout":"","ast-site-content-layout":"","site-content-style":"default","site-sidebar-style":"default","ast-global-header-display":"","ast-banner-title-visibility":"","ast-main-header-display":"","ast-hfb-above-header-display":"","ast-hfb-below-header-display":"","ast-hfb-mobile-header-display":"","site-post-title":"","ast-breadcrumbs-content":"","ast-featured-img":"","footer-sml-layout":"","theme-transparent-header-meta":"","adv-header-id-meta":"","stick-header-meta":"","header-above-stick-meta":"","header-main-stick-meta":"","header-below-stick-meta":"","astra-migrate-meta-layouts":"default","ast-page-background-enabled":"default","ast-page-background-meta":{"desktop":{"background-color":"var(--ast-global-color-4)","background-image":"","background-repeat":"repeat","background-position":"center center","background-size":"auto","background-attachment":"scroll","background-type":"","background-media":"","overlay-type":"","overlay-color":"","overlay-opacity":"","overlay-gradient":""},"tablet":{"background-color":"","background-image":"","background-repeat":"repeat","background-position":"center center","background-size":"auto","background-attachment":"scroll","background-type":"","background-media":"","overlay-type":"","overlay-color":"","overlay-opacity":"","overlay-gradient":""},"mobile":{"background-color":"","background-image":"","background-repeat":"repeat","background-position":"center center","background-size":"auto","background-attachment":"scroll","background-type":"","background-media":"","overlay-type":"","overlay-color":"","overlay-opacity":"","overlay-gradient":""}},"ast-content-background-meta":{"desktop":{"background-color":"var(--ast-global-color-5)","background-image":"","background-repeat":"repeat","background-position":"center center","background-size":"auto","background-attachment":"scroll","background-type":"","background-media":"","overlay-type":"","overlay-color":"","overlay-opacity":"","overlay-gradient":""},"tablet":{"background-color":"var(--ast-global-color-5)","background-image":"","background-repeat":"repeat","background-position":"center center","background-size":"auto","background-attachment":"scroll","background-type":"","background-media":"","overlay-type":"","overlay-color":"","overlay-opacity":"","overlay-gradient":""},"mobile":{"background-color":"var(--ast-global-color-5)","background-image":"","background-repeat":"repeat","background-position":"center center","background-size":"auto","background-attachment":"scroll","background-type":"","background-media":"","overlay-type":"","overlay-color":"","overlay-opacity":"","overlay-gradient":""}},"footnotes":""},"categories":[1,4],"tags":[],"class_list":["post-4714","post","type-post","status-publish","format-standard","has-post-thumbnail","hentry","category-general","category-portada"],"post_mailing_queue_ids":[],"_links":{"self":[{"href":"https:\/\/agora.xtec.cat\/ceip-simeo-rabasa\/wp-json\/wp\/v2\/posts\/4714","targetHints":{"allow":["GET"]}}],"collection":[{"href":"https:\/\/agora.xtec.cat\/ceip-simeo-rabasa\/wp-json\/wp\/v2\/posts"}],"about":[{"href":"https:\/\/agora.xtec.cat\/ceip-simeo-rabasa\/wp-json\/wp\/v2\/types\/post"}],"author":[{"embeddable":true,"href":"https:\/\/agora.xtec.cat\/ceip-simeo-rabasa\/wp-json\/wp\/v2\/users\/1"}],"replies":[{"embeddable":true,"href":"https:\/\/agora.xtec.cat\/ceip-simeo-rabasa\/wp-json\/wp\/v2\/comments?post=4714"}],"version-history":[{"count":2,"href":"https:\/\/agora.xtec.cat\/ceip-simeo-rabasa\/wp-json\/wp\/v2\/posts\/4714\/revisions"}],"predecessor-version":[{"id":4717,"href":"https:\/\/agora.xtec.cat\/ceip-simeo-rabasa\/wp-json\/wp\/v2\/posts\/4714\/revisions\/4717"}],"wp:featuredmedia":[{"embeddable":true,"href":"https:\/\/agora.xtec.cat\/ceip-simeo-rabasa\/wp-json\/wp\/v2\/media\/4716"}],"wp:attachment":[{"href":"https:\/\/agora.xtec.cat\/ceip-simeo-rabasa\/wp-json\/wp\/v2\/media?parent=4714"}],"wp:term":[{"taxonomy":"category","embeddable":true,"href":"https:\/\/agora.xtec.cat\/ceip-simeo-rabasa\/wp-json\/wp\/v2\/categories?post=4714"},{"taxonomy":"post_tag","embeddable":true,"href":"https:\/\/agora.xtec.cat\/ceip-simeo-rabasa\/wp-json\/wp\/v2\/tags?post=4714"}],"curies":[{"name":"wp","href":"https:\/\/api.w.org\/{rel}","templated":true}]}}