{"id":4508,"date":"2021-12-10T09:02:38","date_gmt":"2021-12-10T08:02:38","guid":{"rendered":"https:\/\/agora.xtec.cat\/ceip-simeo-rabasa\/?p=4508"},"modified":"2021-12-10T09:03:46","modified_gmt":"2021-12-10T08:03:46","slug":"sapropa-nadal","status":"publish","type":"post","link":"https:\/\/agora.xtec.cat\/ceip-simeo-rabasa\/general\/sapropa-nadal\/","title":{"rendered":"S\u2019APROPA NADAL!"},"content":{"rendered":"<p><span style=\"font-weight: 400;\">B<a href=\"https:\/\/agora.xtec.cat\/ceip-simeo-rabasa\/wp-content\/uploads\/usu903\/2021\/12\/IMG_1615-min-scaled.jpg\"><img loading=\"lazy\" decoding=\"async\" class=\" wp-image-4513 alignleft\" src=\"https:\/\/agora.xtec.cat\/ceip-simeo-rabasa\/wp-content\/uploads\/usu903\/2021\/12\/IMG_1615-min-768x1024.jpg\" alt=\"\" width=\"136\" height=\"182\" srcset=\"https:\/\/agora.xtec.cat\/ceip-simeo-rabasa\/wp-content\/uploads\/usu903\/2021\/12\/IMG_1615-min-768x1024.jpg 768w, https:\/\/agora.xtec.cat\/ceip-simeo-rabasa\/wp-content\/uploads\/usu903\/2021\/12\/IMG_1615-min-225x300.jpg 225w, https:\/\/agora.xtec.cat\/ceip-simeo-rabasa\/wp-content\/uploads\/usu903\/2021\/12\/IMG_1615-min-1152x1536.jpg 1152w, https:\/\/agora.xtec.cat\/ceip-simeo-rabasa\/wp-content\/uploads\/usu903\/2021\/12\/IMG_1615-min-1536x2048.jpg 1536w, https:\/\/agora.xtec.cat\/ceip-simeo-rabasa\/wp-content\/uploads\/usu903\/2021\/12\/IMG_1615-min-scaled.jpg 1920w\" sizes=\"auto, (max-width: 136px) 100vw, 136px\" \/><\/a>on dia fam\u00edlies!<\/span><\/p>\n<p><span style=\"font-weight: 400;\">Ja queda res per Nadal i, aix\u00f2 ens encanta! Acaba el trimestre, obrim cada dia el calendari d\u2019advent on fem activitats de cohesi\u00f3 de grup i, a m\u00e9s, ens donen una xocolatina. Tot i aix\u00f2, tenim molta feina.<\/span><\/p>\n<p><a href=\"https:\/\/agora.xtec.cat\/ceip-simeo-rabasa\/wp-content\/uploads\/usu903\/2021\/12\/IMG_1637-scaled.jpg\"><img loading=\"lazy\" decoding=\"async\" class=\"wp-image-4510 alignright\" src=\"https:\/\/agora.xtec.cat\/ceip-simeo-rabasa\/wp-content\/uploads\/usu903\/2021\/12\/IMG_1637-950x1024.jpg\" alt=\"\" width=\"159\" height=\"171\" srcset=\"https:\/\/agora.xtec.cat\/ceip-simeo-rabasa\/wp-content\/uploads\/usu903\/2021\/12\/IMG_1637-950x1024.jpg 950w, https:\/\/agora.xtec.cat\/ceip-simeo-rabasa\/wp-content\/uploads\/usu903\/2021\/12\/IMG_1637-278x300.jpg 278w, https:\/\/agora.xtec.cat\/ceip-simeo-rabasa\/wp-content\/uploads\/usu903\/2021\/12\/IMG_1637-768x828.jpg 768w, https:\/\/agora.xtec.cat\/ceip-simeo-rabasa\/wp-content\/uploads\/usu903\/2021\/12\/IMG_1637-1425x1536.jpg 1425w, https:\/\/agora.xtec.cat\/ceip-simeo-rabasa\/wp-content\/uploads\/usu903\/2021\/12\/IMG_1637-1900x2048.jpg 1900w\" sizes=\"auto, (max-width: 159px) 100vw, 159px\" \/><\/a><\/p>\n<p>&nbsp;<\/p>\n<p><span style=\"font-weight: 400;\">Ja fa dies que estem practicant la can\u00e7\u00f3 pel concert, que podreu veure gravat al nostre classroom. Tamb\u00e9, estem preparant un poema molt divertit i fent decoracions per la classe i l\u2019arbre de Nadal que trobareu a l\u2019entrada de l\u2019escola.\u00a0<\/span><\/p>\n<p><span style=\"font-weight: 400;\">Per cert! Com no podia<a href=\"https:\/\/agora.xtec.cat\/ceip-simeo-rabasa\/wp-content\/uploads\/usu903\/2021\/12\/IMG_1600-min-scaled.jpg\"><img loading=\"lazy\" decoding=\"async\" class=\"wp-image-4514 alignleft\" src=\"https:\/\/agora.xtec.cat\/ceip-simeo-rabasa\/wp-content\/uploads\/usu903\/2021\/12\/IMG_1600-min-768x1024.jpg\" alt=\"\" width=\"154\" height=\"206\" srcset=\"https:\/\/agora.xtec.cat\/ceip-simeo-rabasa\/wp-content\/uploads\/usu903\/2021\/12\/IMG_1600-min-768x1024.jpg 768w, https:\/\/agora.xtec.cat\/ceip-simeo-rabasa\/wp-content\/uploads\/usu903\/2021\/12\/IMG_1600-min-225x300.jpg 225w, https:\/\/agora.xtec.cat\/ceip-simeo-rabasa\/wp-content\/uploads\/usu903\/2021\/12\/IMG_1600-min-1152x1536.jpg 1152w, https:\/\/agora.xtec.cat\/ceip-simeo-rabasa\/wp-content\/uploads\/usu903\/2021\/12\/IMG_1600-min-1536x2048.jpg 1536w, https:\/\/agora.xtec.cat\/ceip-simeo-rabasa\/wp-content\/uploads\/usu903\/2021\/12\/IMG_1600-min-scaled.jpg 1920w\" sizes=\"auto, (max-width: 154px) 100vw, 154px\" \/><\/a> faltar, estem preparant una postal, que estem ben segurs\/es que us encantar\u00e0!<\/span><\/p>\n<p><strong>BONES FESTES A TOTHOM!\ud83c\udf84<\/strong><\/p>\n","protected":false},"excerpt":{"rendered":"<p>Bon dia fam\u00edlies!<\/p>\n<p>Ja queda res per Nadal i, aix\u00f2 ens encanta! Acaba el trimestre, obrim cada dia el calendari d\u2019advent on fem activitats de cohesi\u00f3 de grup i, a m\u00e9s, ens donen una xocolatina. <\/p>\n","protected":false},"author":1,"featured_media":4509,"comment_status":"open","ping_status":"closed","sticky":false,"template":"","format":"standard","meta":{"_bbp_topic_count":0,"_bbp_reply_count":0,"_bbp_total_topic_count":0,"_bbp_total_reply_count":0,"_bbp_voice_count":0,"_bbp_anonymous_reply_count":0,"_bbp_topic_count_hidden":0,"_bbp_reply_count_hidden":0,"_bbp_forum_subforum_count":0,"site-sidebar-layout":"default","site-content-layout":"","ast-site-content-layout":"","site-content-style":"default","site-sidebar-style":"default","ast-global-header-display":"","ast-banner-title-visibility":"","ast-main-header-display":"","ast-hfb-above-header-display":"","ast-hfb-below-header-display":"","ast-hfb-mobile-header-display":"","site-post-title":"","ast-breadcrumbs-content":"","ast-featured-img":"","footer-sml-layout":"","theme-transparent-header-meta":"","adv-header-id-meta":"","stick-header-meta":"","header-above-stick-meta":"","header-main-stick-meta":"","header-below-stick-meta":"","astra-migrate-meta-layouts":"default","ast-page-background-enabled":"default","ast-page-background-meta":{"desktop":{"background-color":"var(--ast-global-color-4)","background-image":"","background-repeat":"repeat","background-position":"center center","background-size":"auto","background-attachment":"scroll","background-type":"","background-media":"","overlay-type":"","overlay-color":"","overlay-opacity":"","overlay-gradient":""},"tablet":{"background-color":"","background-image":"","background-repeat":"repeat","background-position":"center center","background-size":"auto","background-attachment":"scroll","background-type":"","background-media":"","overlay-type":"","overlay-color":"","overlay-opacity":"","overlay-gradient":""},"mobile":{"background-color":"","background-image":"","background-repeat":"repeat","background-position":"center center","background-size":"auto","background-attachment":"scroll","background-type":"","background-media":"","overlay-type":"","overlay-color":"","overlay-opacity":"","overlay-gradient":""}},"ast-content-background-meta":{"desktop":{"background-color":"var(--ast-global-color-5)","background-image":"","background-repeat":"repeat","background-position":"center center","background-size":"auto","background-attachment":"scroll","background-type":"","background-media":"","overlay-type":"","overlay-color":"","overlay-opacity":"","overlay-gradient":""},"tablet":{"background-color":"var(--ast-global-color-5)","background-image":"","background-repeat":"repeat","background-position":"center center","background-size":"auto","background-attachment":"scroll","background-type":"","background-media":"","overlay-type":"","overlay-color":"","overlay-opacity":"","overlay-gradient":""},"mobile":{"background-color":"var(--ast-global-color-5)","background-image":"","background-repeat":"repeat","background-position":"center center","background-size":"auto","background-attachment":"scroll","background-type":"","background-media":"","overlay-type":"","overlay-color":"","overlay-opacity":"","overlay-gradient":""}},"footnotes":""},"categories":[13,79,1,4,5],"tags":[],"class_list":["post-4508","post","type-post","status-publish","format-standard","has-post-thumbnail","hentry","category-4t","category-articles","category-general","category-portada","category-primaria"],"post_mailing_queue_ids":[],"_links":{"self":[{"href":"https:\/\/agora.xtec.cat\/ceip-simeo-rabasa\/wp-json\/wp\/v2\/posts\/4508","targetHints":{"allow":["GET"]}}],"collection":[{"href":"https:\/\/agora.xtec.cat\/ceip-simeo-rabasa\/wp-json\/wp\/v2\/posts"}],"about":[{"href":"https:\/\/agora.xtec.cat\/ceip-simeo-rabasa\/wp-json\/wp\/v2\/types\/post"}],"author":[{"embeddable":true,"href":"https:\/\/agora.xtec.cat\/ceip-simeo-rabasa\/wp-json\/wp\/v2\/users\/1"}],"replies":[{"embeddable":true,"href":"https:\/\/agora.xtec.cat\/ceip-simeo-rabasa\/wp-json\/wp\/v2\/comments?post=4508"}],"version-history":[{"count":3,"href":"https:\/\/agora.xtec.cat\/ceip-simeo-rabasa\/wp-json\/wp\/v2\/posts\/4508\/revisions"}],"predecessor-version":[{"id":4522,"href":"https:\/\/agora.xtec.cat\/ceip-simeo-rabasa\/wp-json\/wp\/v2\/posts\/4508\/revisions\/4522"}],"wp:featuredmedia":[{"embeddable":true,"href":"https:\/\/agora.xtec.cat\/ceip-simeo-rabasa\/wp-json\/wp\/v2\/media\/4509"}],"wp:attachment":[{"href":"https:\/\/agora.xtec.cat\/ceip-simeo-rabasa\/wp-json\/wp\/v2\/media?parent=4508"}],"wp:term":[{"taxonomy":"category","embeddable":true,"href":"https:\/\/agora.xtec.cat\/ceip-simeo-rabasa\/wp-json\/wp\/v2\/categories?post=4508"},{"taxonomy":"post_tag","embeddable":true,"href":"https:\/\/agora.xtec.cat\/ceip-simeo-rabasa\/wp-json\/wp\/v2\/tags?post=4508"}],"curies":[{"name":"wp","href":"https:\/\/api.w.org\/{rel}","templated":true}]}}