{"id":4425,"date":"2021-11-05T08:45:28","date_gmt":"2021-11-05T07:45:28","guid":{"rendered":"https:\/\/agora.xtec.cat\/ceip-simeo-rabasa\/?p=4425"},"modified":"2021-11-05T08:45:28","modified_gmt":"2021-11-05T07:45:28","slug":"anellament-cientific-a-5e","status":"publish","type":"post","link":"https:\/\/agora.xtec.cat\/ceip-simeo-rabasa\/general\/anellament-cientific-a-5e\/","title":{"rendered":"ANELLAMENT CIENT\u00cdFIC A 5\u00e8"},"content":{"rendered":"<p>Bon dia fam\u00edlies,<\/p>\n<p>El passat dimarts 26 d&#8217;octubre, la classe de cinqu\u00e8 vam anar amb en Marc, del Centre Mediambiental l&#8217;ARREL\u00a0 per aprendre diverses coses sobre els ocells. Aquests, pertanyen a un dels blocs del 5 regnes que estem estudiant, concretament al regne dels animals. Va fer un dia assoleiat, encara que amb una miqueta de baixes temperatures, per\u00f2 ho vam passar molt b\u00e9. Ens van ensenyar molt\u00edssimes coses que no sab\u00edem sobre els ocells, i vam capturar i deixar anar uns quants. Tamb\u00e9, vam poder gaudir d&#8217;un dia en plena natura, i d&#8217;una estona al parc per dinar i poder jugar.<\/p>\n<p><a href=\"https:\/\/agora.xtec.cat\/ceip-simeo-rabasa\/wp-content\/uploads\/usu903\/2021\/11\/Anell-rotated.jpg\"><img loading=\"lazy\" decoding=\"async\" class=\"wp-image-4426 aligncenter\" src=\"https:\/\/agora.xtec.cat\/ceip-simeo-rabasa\/wp-content\/uploads\/usu903\/2021\/11\/Anell-766x1024.jpg\" alt=\"\" width=\"213\" height=\"285\" srcset=\"https:\/\/agora.xtec.cat\/ceip-simeo-rabasa\/wp-content\/uploads\/usu903\/2021\/11\/Anell-766x1024.jpg 766w, https:\/\/agora.xtec.cat\/ceip-simeo-rabasa\/wp-content\/uploads\/usu903\/2021\/11\/Anell-225x300.jpg 225w, https:\/\/agora.xtec.cat\/ceip-simeo-rabasa\/wp-content\/uploads\/usu903\/2021\/11\/Anell-768x1026.jpg 768w, https:\/\/agora.xtec.cat\/ceip-simeo-rabasa\/wp-content\/uploads\/usu903\/2021\/11\/Anell-1150x1536.jpg 1150w, https:\/\/agora.xtec.cat\/ceip-simeo-rabasa\/wp-content\/uploads\/usu903\/2021\/11\/Anell-rotated.jpg 1223w\" sizes=\"auto, (max-width: 213px) 100vw, 213px\" \/>\u00a0 <\/a><a href=\"https:\/\/agora.xtec.cat\/ceip-simeo-rabasa\/wp-content\/uploads\/usu903\/2021\/11\/Marcal.jpg\"><img loading=\"lazy\" decoding=\"async\" class=\"wp-image-4429 aligncenter\" src=\"https:\/\/agora.xtec.cat\/ceip-simeo-rabasa\/wp-content\/uploads\/usu903\/2021\/11\/Marcal-1024x768.jpg\" alt=\"\" width=\"378\" height=\"284\" srcset=\"https:\/\/agora.xtec.cat\/ceip-simeo-rabasa\/wp-content\/uploads\/usu903\/2021\/11\/Marcal-1024x768.jpg 1024w, https:\/\/agora.xtec.cat\/ceip-simeo-rabasa\/wp-content\/uploads\/usu903\/2021\/11\/Marcal-300x225.jpg 300w, https:\/\/agora.xtec.cat\/ceip-simeo-rabasa\/wp-content\/uploads\/usu903\/2021\/11\/Marcal-768x576.jpg 768w, https:\/\/agora.xtec.cat\/ceip-simeo-rabasa\/wp-content\/uploads\/usu903\/2021\/11\/Marcal-1536x1152.jpg 1536w, https:\/\/agora.xtec.cat\/ceip-simeo-rabasa\/wp-content\/uploads\/usu903\/2021\/11\/Marcal-200x150.jpg 200w, https:\/\/agora.xtec.cat\/ceip-simeo-rabasa\/wp-content\/uploads\/usu903\/2021\/11\/Marcal.jpg 1632w\" sizes=\"auto, (max-width: 378px) 100vw, 378px\" \/><\/a><\/p>\n<p><a href=\"https:\/\/agora.xtec.cat\/ceip-simeo-rabasa\/wp-content\/uploads\/usu903\/2021\/11\/Aus-rotated.jpg\"><img loading=\"lazy\" decoding=\"async\" class=\"wp-image-4427 aligncenter\" src=\"https:\/\/agora.xtec.cat\/ceip-simeo-rabasa\/wp-content\/uploads\/usu903\/2021\/11\/Aus-766x1024.jpg\" alt=\"\" width=\"271\" height=\"362\" srcset=\"https:\/\/agora.xtec.cat\/ceip-simeo-rabasa\/wp-content\/uploads\/usu903\/2021\/11\/Aus-766x1024.jpg 766w, https:\/\/agora.xtec.cat\/ceip-simeo-rabasa\/wp-content\/uploads\/usu903\/2021\/11\/Aus-225x300.jpg 225w, https:\/\/agora.xtec.cat\/ceip-simeo-rabasa\/wp-content\/uploads\/usu903\/2021\/11\/Aus-768x1026.jpg 768w, https:\/\/agora.xtec.cat\/ceip-simeo-rabasa\/wp-content\/uploads\/usu903\/2021\/11\/Aus-1150x1536.jpg 1150w, https:\/\/agora.xtec.cat\/ceip-simeo-rabasa\/wp-content\/uploads\/usu903\/2021\/11\/Aus-rotated.jpg 1223w\" sizes=\"auto, (max-width: 271px) 100vw, 271px\" \/><\/a><\/p>\n","protected":false},"excerpt":{"rendered":"<p>Bon dia fam\u00edlies,<\/p>\n<p>El passat dimarts 26 d&#8217;octubre, la classe de cinqu\u00e8 vam anar amb en Marc, del Centre Mediambiental l&#8217;ARREL\u00a0 per aprendre diverses coses sobre els ocells.<\/p>\n","protected":false},"author":1,"featured_media":4428,"comment_status":"open","ping_status":"closed","sticky":false,"template":"","format":"standard","meta":{"_bbp_topic_count":0,"_bbp_reply_count":0,"_bbp_total_topic_count":0,"_bbp_total_reply_count":0,"_bbp_voice_count":0,"_bbp_anonymous_reply_count":0,"_bbp_topic_count_hidden":0,"_bbp_reply_count_hidden":0,"_bbp_forum_subforum_count":0,"site-sidebar-layout":"default","site-content-layout":"","ast-site-content-layout":"","site-content-style":"default","site-sidebar-style":"default","ast-global-header-display":"","ast-banner-title-visibility":"","ast-main-header-display":"","ast-hfb-above-header-display":"","ast-hfb-below-header-display":"","ast-hfb-mobile-header-display":"","site-post-title":"","ast-breadcrumbs-content":"","ast-featured-img":"","footer-sml-layout":"","theme-transparent-header-meta":"","adv-header-id-meta":"","stick-header-meta":"","header-above-stick-meta":"","header-main-stick-meta":"","header-below-stick-meta":"","astra-migrate-meta-layouts":"default","ast-page-background-enabled":"default","ast-page-background-meta":{"desktop":{"background-color":"var(--ast-global-color-4)","background-image":"","background-repeat":"repeat","background-position":"center center","background-size":"auto","background-attachment":"scroll","background-type":"","background-media":"","overlay-type":"","overlay-color":"","overlay-opacity":"","overlay-gradient":""},"tablet":{"background-color":"","background-image":"","background-repeat":"repeat","background-position":"center center","background-size":"auto","background-attachment":"scroll","background-type":"","background-media":"","overlay-type":"","overlay-color":"","overlay-opacity":"","overlay-gradient":""},"mobile":{"background-color":"","background-image":"","background-repeat":"repeat","background-position":"center center","background-size":"auto","background-attachment":"scroll","background-type":"","background-media":"","overlay-type":"","overlay-color":"","overlay-opacity":"","overlay-gradient":""}},"ast-content-background-meta":{"desktop":{"background-color":"var(--ast-global-color-5)","background-image":"","background-repeat":"repeat","background-position":"center center","background-size":"auto","background-attachment":"scroll","background-type":"","background-media":"","overlay-type":"","overlay-color":"","overlay-opacity":"","overlay-gradient":""},"tablet":{"background-color":"var(--ast-global-color-5)","background-image":"","background-repeat":"repeat","background-position":"center center","background-size":"auto","background-attachment":"scroll","background-type":"","background-media":"","overlay-type":"","overlay-color":"","overlay-opacity":"","overlay-gradient":""},"mobile":{"background-color":"var(--ast-global-color-5)","background-image":"","background-repeat":"repeat","background-position":"center center","background-size":"auto","background-attachment":"scroll","background-type":"","background-media":"","overlay-type":"","overlay-color":"","overlay-opacity":"","overlay-gradient":""}},"footnotes":""},"categories":[14,1,4],"tags":[],"class_list":["post-4425","post","type-post","status-publish","format-standard","has-post-thumbnail","hentry","category-5e","category-general","category-portada"],"post_mailing_queue_ids":[],"_links":{"self":[{"href":"https:\/\/agora.xtec.cat\/ceip-simeo-rabasa\/wp-json\/wp\/v2\/posts\/4425","targetHints":{"allow":["GET"]}}],"collection":[{"href":"https:\/\/agora.xtec.cat\/ceip-simeo-rabasa\/wp-json\/wp\/v2\/posts"}],"about":[{"href":"https:\/\/agora.xtec.cat\/ceip-simeo-rabasa\/wp-json\/wp\/v2\/types\/post"}],"author":[{"embeddable":true,"href":"https:\/\/agora.xtec.cat\/ceip-simeo-rabasa\/wp-json\/wp\/v2\/users\/1"}],"replies":[{"embeddable":true,"href":"https:\/\/agora.xtec.cat\/ceip-simeo-rabasa\/wp-json\/wp\/v2\/comments?post=4425"}],"version-history":[{"count":3,"href":"https:\/\/agora.xtec.cat\/ceip-simeo-rabasa\/wp-json\/wp\/v2\/posts\/4425\/revisions"}],"predecessor-version":[{"id":4449,"href":"https:\/\/agora.xtec.cat\/ceip-simeo-rabasa\/wp-json\/wp\/v2\/posts\/4425\/revisions\/4449"}],"wp:featuredmedia":[{"embeddable":true,"href":"https:\/\/agora.xtec.cat\/ceip-simeo-rabasa\/wp-json\/wp\/v2\/media\/4428"}],"wp:attachment":[{"href":"https:\/\/agora.xtec.cat\/ceip-simeo-rabasa\/wp-json\/wp\/v2\/media?parent=4425"}],"wp:term":[{"taxonomy":"category","embeddable":true,"href":"https:\/\/agora.xtec.cat\/ceip-simeo-rabasa\/wp-json\/wp\/v2\/categories?post=4425"},{"taxonomy":"post_tag","embeddable":true,"href":"https:\/\/agora.xtec.cat\/ceip-simeo-rabasa\/wp-json\/wp\/v2\/tags?post=4425"}],"curies":[{"name":"wp","href":"https:\/\/api.w.org\/{rel}","templated":true}]}}