{"id":4346,"date":"2021-10-13T15:11:59","date_gmt":"2021-10-13T13:11:59","guid":{"rendered":"https:\/\/agora.xtec.cat\/ceip-simeo-rabasa\/?p=4346"},"modified":"2021-10-14T09:33:37","modified_gmt":"2021-10-14T07:33:37","slug":"2n-comenca-la-piscina","status":"publish","type":"post","link":"https:\/\/agora.xtec.cat\/ceip-simeo-rabasa\/general\/2n-comenca-la-piscina\/","title":{"rendered":"2n COMEN\u00c7A LA PISCINA"},"content":{"rendered":"<p>Hola fam\u00edlies!<\/p>\n<p>L&#8217;alumnat de segon vam comen\u00e7ar l&#8217;activitat de piscina el passat dimecres 6 d&#8217;octubre. Anem a la piscina municipal de Sant Fost de Campsentelles (Can Llad\u00f3) i compartim l&#8217;activitat amb l&#8217;altra escola del poble. Sortim molt puntuals al mat\u00ed perqu\u00e8 ens ve a recollir un autocar i ens porta a la piscina. Estem molt contents i contentes de poder fer aquesta activitat! Ens han dividit en dos grups i aprenem els diferents estils de nataci\u00f3. Tamb\u00e9 juguem i fem coses molt divertides! Des d&#8217;aqu\u00ed volem donar les gr\u00e0cies a les mares que venen amb nosaltres per ajudar-nos als vestuaris. Us anirem explicant!<\/p>\n<p><a href=\"https:\/\/agora.xtec.cat\/ceip-simeo-rabasa\/wp-content\/uploads\/usu903\/2021\/10\/bona.jpg\"><br \/>\n<img loading=\"lazy\" decoding=\"async\" class=\"wp-image-4348 aligncenter\" src=\"https:\/\/agora.xtec.cat\/ceip-simeo-rabasa\/wp-content\/uploads\/usu903\/2021\/10\/bona-1024x768.jpg\" alt=\"\" width=\"375\" height=\"281\" srcset=\"https:\/\/agora.xtec.cat\/ceip-simeo-rabasa\/wp-content\/uploads\/usu903\/2021\/10\/bona-1024x768.jpg 1024w, https:\/\/agora.xtec.cat\/ceip-simeo-rabasa\/wp-content\/uploads\/usu903\/2021\/10\/bona-300x225.jpg 300w, https:\/\/agora.xtec.cat\/ceip-simeo-rabasa\/wp-content\/uploads\/usu903\/2021\/10\/bona-768x576.jpg 768w, https:\/\/agora.xtec.cat\/ceip-simeo-rabasa\/wp-content\/uploads\/usu903\/2021\/10\/bona-1536x1152.jpg 1536w, https:\/\/agora.xtec.cat\/ceip-simeo-rabasa\/wp-content\/uploads\/usu903\/2021\/10\/bona-200x150.jpg 200w, https:\/\/agora.xtec.cat\/ceip-simeo-rabasa\/wp-content\/uploads\/usu903\/2021\/10\/bona.jpg 1672w\" sizes=\"auto, (max-width: 375px) 100vw, 375px\" \/><\/a><\/p>\n","protected":false},"excerpt":{"rendered":"<p>Hola fam\u00edlies!<\/p>\n<p>L&#8217;alumnat de segon vam comen\u00e7ar l&#8217;activitat de piscina el passat dimecres 6 d&#8217;octubre.<\/p>\n","protected":false},"author":31,"featured_media":4350,"comment_status":"open","ping_status":"closed","sticky":false,"template":"","format":"standard","meta":{"_bbp_topic_count":0,"_bbp_reply_count":0,"_bbp_total_topic_count":0,"_bbp_total_reply_count":0,"_bbp_voice_count":0,"_bbp_anonymous_reply_count":0,"_bbp_topic_count_hidden":0,"_bbp_reply_count_hidden":0,"_bbp_forum_subforum_count":0,"site-sidebar-layout":"default","site-content-layout":"","ast-site-content-layout":"","site-content-style":"default","site-sidebar-style":"default","ast-global-header-display":"","ast-banner-title-visibility":"","ast-main-header-display":"","ast-hfb-above-header-display":"","ast-hfb-below-header-display":"","ast-hfb-mobile-header-display":"","site-post-title":"","ast-breadcrumbs-content":"","ast-featured-img":"","footer-sml-layout":"","theme-transparent-header-meta":"","adv-header-id-meta":"","stick-header-meta":"","header-above-stick-meta":"","header-main-stick-meta":"","header-below-stick-meta":"","astra-migrate-meta-layouts":"default","ast-page-background-enabled":"default","ast-page-background-meta":{"desktop":{"background-color":"var(--ast-global-color-4)","background-image":"","background-repeat":"repeat","background-position":"center center","background-size":"auto","background-attachment":"scroll","background-type":"","background-media":"","overlay-type":"","overlay-color":"","overlay-opacity":"","overlay-gradient":""},"tablet":{"background-color":"","background-image":"","background-repeat":"repeat","background-position":"center center","background-size":"auto","background-attachment":"scroll","background-type":"","background-media":"","overlay-type":"","overlay-color":"","overlay-opacity":"","overlay-gradient":""},"mobile":{"background-color":"","background-image":"","background-repeat":"repeat","background-position":"center center","background-size":"auto","background-attachment":"scroll","background-type":"","background-media":"","overlay-type":"","overlay-color":"","overlay-opacity":"","overlay-gradient":""}},"ast-content-background-meta":{"desktop":{"background-color":"var(--ast-global-color-5)","background-image":"","background-repeat":"repeat","background-position":"center center","background-size":"auto","background-attachment":"scroll","background-type":"","background-media":"","overlay-type":"","overlay-color":"","overlay-opacity":"","overlay-gradient":""},"tablet":{"background-color":"var(--ast-global-color-5)","background-image":"","background-repeat":"repeat","background-position":"center center","background-size":"auto","background-attachment":"scroll","background-type":"","background-media":"","overlay-type":"","overlay-color":"","overlay-opacity":"","overlay-gradient":""},"mobile":{"background-color":"var(--ast-global-color-5)","background-image":"","background-repeat":"repeat","background-position":"center center","background-size":"auto","background-attachment":"scroll","background-type":"","background-media":"","overlay-type":"","overlay-color":"","overlay-opacity":"","overlay-gradient":""}},"footnotes":""},"categories":[11,79,1,4],"tags":[],"class_list":["post-4346","post","type-post","status-publish","format-standard","has-post-thumbnail","hentry","category-2n","category-articles","category-general","category-portada"],"post_mailing_queue_ids":[],"_links":{"self":[{"href":"https:\/\/agora.xtec.cat\/ceip-simeo-rabasa\/wp-json\/wp\/v2\/posts\/4346","targetHints":{"allow":["GET"]}}],"collection":[{"href":"https:\/\/agora.xtec.cat\/ceip-simeo-rabasa\/wp-json\/wp\/v2\/posts"}],"about":[{"href":"https:\/\/agora.xtec.cat\/ceip-simeo-rabasa\/wp-json\/wp\/v2\/types\/post"}],"author":[{"embeddable":true,"href":"https:\/\/agora.xtec.cat\/ceip-simeo-rabasa\/wp-json\/wp\/v2\/users\/31"}],"replies":[{"embeddable":true,"href":"https:\/\/agora.xtec.cat\/ceip-simeo-rabasa\/wp-json\/wp\/v2\/comments?post=4346"}],"version-history":[{"count":4,"href":"https:\/\/agora.xtec.cat\/ceip-simeo-rabasa\/wp-json\/wp\/v2\/posts\/4346\/revisions"}],"predecessor-version":[{"id":4385,"href":"https:\/\/agora.xtec.cat\/ceip-simeo-rabasa\/wp-json\/wp\/v2\/posts\/4346\/revisions\/4385"}],"wp:featuredmedia":[{"embeddable":true,"href":"https:\/\/agora.xtec.cat\/ceip-simeo-rabasa\/wp-json\/wp\/v2\/media\/4350"}],"wp:attachment":[{"href":"https:\/\/agora.xtec.cat\/ceip-simeo-rabasa\/wp-json\/wp\/v2\/media?parent=4346"}],"wp:term":[{"taxonomy":"category","embeddable":true,"href":"https:\/\/agora.xtec.cat\/ceip-simeo-rabasa\/wp-json\/wp\/v2\/categories?post=4346"},{"taxonomy":"post_tag","embeddable":true,"href":"https:\/\/agora.xtec.cat\/ceip-simeo-rabasa\/wp-json\/wp\/v2\/tags?post=4346"}],"curies":[{"name":"wp","href":"https:\/\/api.w.org\/{rel}","templated":true}]}}