{"id":4321,"date":"2021-10-01T12:55:03","date_gmt":"2021-10-01T10:55:03","guid":{"rendered":"https:\/\/agora.xtec.cat\/ceip-simeo-rabasa\/?p=4321"},"modified":"2021-10-01T12:55:03","modified_gmt":"2021-10-01T10:55:03","slug":"espai-de-biodiversitat-espai-de-pau","status":"publish","type":"post","link":"https:\/\/agora.xtec.cat\/ceip-simeo-rabasa\/general\/espai-de-biodiversitat-espai-de-pau\/","title":{"rendered":"Espai de biodiversitat, espai de pau"},"content":{"rendered":"<p><span style=\"font-weight: 400;\">Aquest curs, el nostre prop\u00f2sit \u00e9s continuar el projecte de biodiversitat i millorar encara m\u00e9s els espais que hem creat. Continuarem treballant a l\u2019espai de l\u2019hort, la bassa, el jard\u00ed de papallones i el tipi, tot observant els canvis que tenen lloc en aquest lloc m\u00e0gic de la nostra escola.<\/span><\/p>\n<p><span style=\"font-weight: 400;\">\u00a0En primer lloc, volem plantar alguns dels vegetals de temporada que tant ens agraden. Bledes, enciams, espinacs, br\u00f2quil, coliflor, i altres que ompliran el nostre hortet de verd i bons aliments.<\/span><\/p>\n<p><span style=\"font-weight: 400;\">En segon lloc, volem acabar el jard\u00ed de papallones i per aix\u00f2 hem de col\u00b7locar la tanca de fusta i plantar alguna planta arom\u00e0tica m\u00e9s. D\u2019aquesta manera el jard\u00ed estar\u00e0 a punt per rebre les papallones la seg\u00fcent primavera. I a la zona de la bassa tamb\u00e9 volem plantar m\u00e9s arom\u00e0tiques per completar l\u2019espai i fer-ho m\u00e9s acollidor per tots els ocells que ens visiten.<\/span><\/p>\n<p><span style=\"font-weight: 400;\">Per \u00faltim, al tipi volem plantar gessamins per a que s\u2019enfilin pels fils i ens facin una mica d\u2019ombra i bona oloreta a la primavera.\u00a0<\/span><\/p>\n<p>&nbsp;<\/p>\n<p><span style=\"font-weight: 400;\">Us deixem <\/span><a href=\"https:\/\/drive.google.com\/drive\/u\/0\/folders\/1eHydy64d2EYNOs0IEMg8TGhU5evM4jzS\"><span style=\"font-weight: 400;\">aqu\u00ed<\/span><\/a><span style=\"font-weight: 400;\"> algunes imatges del nostre espai de biodiversitat.<\/span><\/p>\n<p style=\"text-align: right;\">Reporters i reporteres de sis\u00e8<\/p>\n","protected":false},"excerpt":{"rendered":"<p>Aquest curs, el nostre prop\u00f2sit \u00e9s continuar el projecte de biodiversitat i millorar encara m\u00e9s els espais que hem creat. Continuarem treballant a l\u2019espai de l\u2019hort, la bassa, el jard\u00ed de papallones i el tipi, tot observant els canvis que tenen lloc en aquest lloc m\u00e0gic de la nostra escola. \u00a0En primer lloc, volem plantar [&hellip;]<\/p>\n","protected":false},"author":1,"featured_media":4325,"comment_status":"open","ping_status":"closed","sticky":false,"template":"","format":"standard","meta":{"_bbp_topic_count":0,"_bbp_reply_count":0,"_bbp_total_topic_count":0,"_bbp_total_reply_count":0,"_bbp_voice_count":0,"_bbp_anonymous_reply_count":0,"_bbp_topic_count_hidden":0,"_bbp_reply_count_hidden":0,"_bbp_forum_subforum_count":0,"site-sidebar-layout":"default","site-content-layout":"","ast-site-content-layout":"","site-content-style":"default","site-sidebar-style":"default","ast-global-header-display":"","ast-banner-title-visibility":"","ast-main-header-display":"","ast-hfb-above-header-display":"","ast-hfb-below-header-display":"","ast-hfb-mobile-header-display":"","site-post-title":"","ast-breadcrumbs-content":"","ast-featured-img":"","footer-sml-layout":"","theme-transparent-header-meta":"","adv-header-id-meta":"","stick-header-meta":"","header-above-stick-meta":"","header-main-stick-meta":"","header-below-stick-meta":"","astra-migrate-meta-layouts":"default","ast-page-background-enabled":"default","ast-page-background-meta":{"desktop":{"background-color":"var(--ast-global-color-4)","background-image":"","background-repeat":"repeat","background-position":"center center","background-size":"auto","background-attachment":"scroll","background-type":"","background-media":"","overlay-type":"","overlay-color":"","overlay-opacity":"","overlay-gradient":""},"tablet":{"background-color":"","background-image":"","background-repeat":"repeat","background-position":"center center","background-size":"auto","background-attachment":"scroll","background-type":"","background-media":"","overlay-type":"","overlay-color":"","overlay-opacity":"","overlay-gradient":""},"mobile":{"background-color":"","background-image":"","background-repeat":"repeat","background-position":"center center","background-size":"auto","background-attachment":"scroll","background-type":"","background-media":"","overlay-type":"","overlay-color":"","overlay-opacity":"","overlay-gradient":""}},"ast-content-background-meta":{"desktop":{"background-color":"var(--ast-global-color-5)","background-image":"","background-repeat":"repeat","background-position":"center center","background-size":"auto","background-attachment":"scroll","background-type":"","background-media":"","overlay-type":"","overlay-color":"","overlay-opacity":"","overlay-gradient":""},"tablet":{"background-color":"var(--ast-global-color-5)","background-image":"","background-repeat":"repeat","background-position":"center center","background-size":"auto","background-attachment":"scroll","background-type":"","background-media":"","overlay-type":"","overlay-color":"","overlay-opacity":"","overlay-gradient":""},"mobile":{"background-color":"var(--ast-global-color-5)","background-image":"","background-repeat":"repeat","background-position":"center center","background-size":"auto","background-attachment":"scroll","background-type":"","background-media":"","overlay-type":"","overlay-color":"","overlay-opacity":"","overlay-gradient":""}},"footnotes":""},"categories":[15,79,1],"tags":[],"class_list":["post-4321","post","type-post","status-publish","format-standard","has-post-thumbnail","hentry","category-6e","category-articles","category-general"],"post_mailing_queue_ids":[],"_links":{"self":[{"href":"https:\/\/agora.xtec.cat\/ceip-simeo-rabasa\/wp-json\/wp\/v2\/posts\/4321","targetHints":{"allow":["GET"]}}],"collection":[{"href":"https:\/\/agora.xtec.cat\/ceip-simeo-rabasa\/wp-json\/wp\/v2\/posts"}],"about":[{"href":"https:\/\/agora.xtec.cat\/ceip-simeo-rabasa\/wp-json\/wp\/v2\/types\/post"}],"author":[{"embeddable":true,"href":"https:\/\/agora.xtec.cat\/ceip-simeo-rabasa\/wp-json\/wp\/v2\/users\/1"}],"replies":[{"embeddable":true,"href":"https:\/\/agora.xtec.cat\/ceip-simeo-rabasa\/wp-json\/wp\/v2\/comments?post=4321"}],"version-history":[{"count":3,"href":"https:\/\/agora.xtec.cat\/ceip-simeo-rabasa\/wp-json\/wp\/v2\/posts\/4321\/revisions"}],"predecessor-version":[{"id":4327,"href":"https:\/\/agora.xtec.cat\/ceip-simeo-rabasa\/wp-json\/wp\/v2\/posts\/4321\/revisions\/4327"}],"wp:featuredmedia":[{"embeddable":true,"href":"https:\/\/agora.xtec.cat\/ceip-simeo-rabasa\/wp-json\/wp\/v2\/media\/4325"}],"wp:attachment":[{"href":"https:\/\/agora.xtec.cat\/ceip-simeo-rabasa\/wp-json\/wp\/v2\/media?parent=4321"}],"wp:term":[{"taxonomy":"category","embeddable":true,"href":"https:\/\/agora.xtec.cat\/ceip-simeo-rabasa\/wp-json\/wp\/v2\/categories?post=4321"},{"taxonomy":"post_tag","embeddable":true,"href":"https:\/\/agora.xtec.cat\/ceip-simeo-rabasa\/wp-json\/wp\/v2\/tags?post=4321"}],"curies":[{"name":"wp","href":"https:\/\/api.w.org\/{rel}","templated":true}]}}