{"id":4263,"date":"2021-09-22T13:57:26","date_gmt":"2021-09-22T11:57:26","guid":{"rendered":"https:\/\/agora.xtec.cat\/ceip-simeo-rabasa\/?p=4263"},"modified":"2021-09-22T14:02:20","modified_gmt":"2021-09-22T12:02:20","slug":"els-nostres-primers-dies-a-5e","status":"publish","type":"post","link":"https:\/\/agora.xtec.cat\/ceip-simeo-rabasa\/general\/els-nostres-primers-dies-a-5e\/","title":{"rendered":"ELS NOSTRES PRIMERS DIES A 5\u00e8!"},"content":{"rendered":"<p>El dilluns 13 de setembre, van comen\u00e7ar les classes del nou curs escolar 21-22.<\/p>\n<p>Ens van sorprendre les noves reformes que s\u2019havien fet al centre, i vam veure una mica diferent l\u2019escola. Un dels primers canvis va ser pujar a l\u2019aula per un lloc nou, no el de sempre.<\/p>\n<p>Els alumnes de cinqu\u00e8 curs vam rebre una companya nova a l\u2019aula, i una mestra tutora tamb\u00e9 nova, que no hi eren al centre el curs passat.<\/p>\n<p>El primer dia d\u2019escola vam fer una assemblea despr\u00e9s de l\u2019hora del pati i, llavors, ens van presentar el tema del curs, que\u00a0era el mar.<\/p>\n<p>Al nostre cas, vam votar diferents opcions de possibles noms per posar a la nostra aula i, mitjan\u00e7ant una votaci\u00f3 democr\u00e0tica, va sortir la classe del \u201cFons Mar\u00ed\u201d.<\/p>\n<p><img loading=\"lazy\" decoding=\"async\" class=\"wp-image-4275 alignleft\" src=\"https:\/\/agora.xtec.cat\/ceip-simeo-rabasa\/wp-content\/uploads\/usu903\/2021\/09\/Foto-porta-aula-5e-954x1024.jpg\" alt=\"\" width=\"202\" height=\"217\" srcset=\"https:\/\/agora.xtec.cat\/ceip-simeo-rabasa\/wp-content\/uploads\/usu903\/2021\/09\/Foto-porta-aula-5e-954x1024.jpg 954w, https:\/\/agora.xtec.cat\/ceip-simeo-rabasa\/wp-content\/uploads\/usu903\/2021\/09\/Foto-porta-aula-5e-280x300.jpg 280w, https:\/\/agora.xtec.cat\/ceip-simeo-rabasa\/wp-content\/uploads\/usu903\/2021\/09\/Foto-porta-aula-5e-768x824.jpg 768w, https:\/\/agora.xtec.cat\/ceip-simeo-rabasa\/wp-content\/uploads\/usu903\/2021\/09\/Foto-porta-aula-5e-1431x1536.jpg 1431w, https:\/\/agora.xtec.cat\/ceip-simeo-rabasa\/wp-content\/uploads\/usu903\/2021\/09\/Foto-porta-aula-5e-1909x2048.jpg 1909w, https:\/\/agora.xtec.cat\/ceip-simeo-rabasa\/wp-content\/uploads\/usu903\/2021\/09\/Foto-porta-aula-5e.jpg 1930w\" sizes=\"auto, (max-width: 202px) 100vw, 202px\" \/><\/p>\n<p>Ens va encantar la novetat de poder gaudir d\u2019un Chromebook personal per treballar a l\u2019aula. De fet, ja hem comen\u00e7at a utilitzar-los pr\u00e0cticament des del primer dia per cercar informaci\u00f3 sobre les capes de l\u2019oce<span style=\"font-family: inherit; font-size: 1em;\">\u00e0.<\/span><\/p>\n<p>&nbsp;<\/p>\n<p>&nbsp;<\/p>\n<p>&nbsp;<\/p>\n<p>En aquests primers dies, tamb\u00e9 ens vam fer u<span style=\"font-family: inherit; font-size: 1em;\">na foto de grup, com la que podreu veure a l&#8217;inici de l&#8217;article.<\/span><\/p>\n<p><a href=\"https:\/\/agora.xtec.cat\/ceip-simeo-rabasa\/wp-content\/uploads\/usu903\/2021\/09\/Foto-nens-aula.jpg\"><img loading=\"lazy\" decoding=\"async\" class=\"wp-image-4274 aligncenter\" src=\"https:\/\/agora.xtec.cat\/ceip-simeo-rabasa\/wp-content\/uploads\/usu903\/2021\/09\/Foto-nens-aula-1024x766.jpg\" alt=\"\" width=\"336\" height=\"251\" srcset=\"https:\/\/agora.xtec.cat\/ceip-simeo-rabasa\/wp-content\/uploads\/usu903\/2021\/09\/Foto-nens-aula-1024x766.jpg 1024w, https:\/\/agora.xtec.cat\/ceip-simeo-rabasa\/wp-content\/uploads\/usu903\/2021\/09\/Foto-nens-aula-300x224.jpg 300w, https:\/\/agora.xtec.cat\/ceip-simeo-rabasa\/wp-content\/uploads\/usu903\/2021\/09\/Foto-nens-aula-768x575.jpg 768w, https:\/\/agora.xtec.cat\/ceip-simeo-rabasa\/wp-content\/uploads\/usu903\/2021\/09\/Foto-nens-aula-1536x1149.jpg 1536w, https:\/\/agora.xtec.cat\/ceip-simeo-rabasa\/wp-content\/uploads\/usu903\/2021\/09\/Foto-nens-aula-2048x1532.jpg 2048w, https:\/\/agora.xtec.cat\/ceip-simeo-rabasa\/wp-content\/uploads\/usu903\/2021\/09\/Foto-nens-aula-200x150.jpg 200w\" sizes=\"auto, (max-width: 336px) 100vw, 336px\" \/><\/a><\/p>\n","protected":false},"excerpt":{"rendered":"<p>El dilluns 13 de setembre, van comen\u00e7ar les classes del nou curs escolar 21-22.<br \/>\nEns van sorprendre les noves reformes que s\u2019havien fet al centre, i vam veure una mica diferent l\u2019escola. Un dels primers canvis va ser pujar a l\u2019aula per un lloc nou, no el de sempre.<\/p>\n","protected":false},"author":1,"featured_media":4273,"comment_status":"open","ping_status":"closed","sticky":false,"template":"","format":"standard","meta":{"_bbp_topic_count":0,"_bbp_reply_count":0,"_bbp_total_topic_count":0,"_bbp_total_reply_count":0,"_bbp_voice_count":0,"_bbp_anonymous_reply_count":0,"_bbp_topic_count_hidden":0,"_bbp_reply_count_hidden":0,"_bbp_forum_subforum_count":0,"site-sidebar-layout":"default","site-content-layout":"","ast-site-content-layout":"","site-content-style":"default","site-sidebar-style":"default","ast-global-header-display":"","ast-banner-title-visibility":"","ast-main-header-display":"","ast-hfb-above-header-display":"","ast-hfb-below-header-display":"","ast-hfb-mobile-header-display":"","site-post-title":"","ast-breadcrumbs-content":"","ast-featured-img":"","footer-sml-layout":"","theme-transparent-header-meta":"","adv-header-id-meta":"","stick-header-meta":"","header-above-stick-meta":"","header-main-stick-meta":"","header-below-stick-meta":"","astra-migrate-meta-layouts":"default","ast-page-background-enabled":"default","ast-page-background-meta":{"desktop":{"background-color":"var(--ast-global-color-4)","background-image":"","background-repeat":"repeat","background-position":"center center","background-size":"auto","background-attachment":"scroll","background-type":"","background-media":"","overlay-type":"","overlay-color":"","overlay-opacity":"","overlay-gradient":""},"tablet":{"background-color":"","background-image":"","background-repeat":"repeat","background-position":"center center","background-size":"auto","background-attachment":"scroll","background-type":"","background-media":"","overlay-type":"","overlay-color":"","overlay-opacity":"","overlay-gradient":""},"mobile":{"background-color":"","background-image":"","background-repeat":"repeat","background-position":"center center","background-size":"auto","background-attachment":"scroll","background-type":"","background-media":"","overlay-type":"","overlay-color":"","overlay-opacity":"","overlay-gradient":""}},"ast-content-background-meta":{"desktop":{"background-color":"var(--ast-global-color-5)","background-image":"","background-repeat":"repeat","background-position":"center center","background-size":"auto","background-attachment":"scroll","background-type":"","background-media":"","overlay-type":"","overlay-color":"","overlay-opacity":"","overlay-gradient":""},"tablet":{"background-color":"var(--ast-global-color-5)","background-image":"","background-repeat":"repeat","background-position":"center center","background-size":"auto","background-attachment":"scroll","background-type":"","background-media":"","overlay-type":"","overlay-color":"","overlay-opacity":"","overlay-gradient":""},"mobile":{"background-color":"var(--ast-global-color-5)","background-image":"","background-repeat":"repeat","background-position":"center center","background-size":"auto","background-attachment":"scroll","background-type":"","background-media":"","overlay-type":"","overlay-color":"","overlay-opacity":"","overlay-gradient":""}},"footnotes":""},"categories":[14,1,4],"tags":[],"class_list":["post-4263","post","type-post","status-publish","format-standard","has-post-thumbnail","hentry","category-5e","category-general","category-portada"],"post_mailing_queue_ids":[],"_links":{"self":[{"href":"https:\/\/agora.xtec.cat\/ceip-simeo-rabasa\/wp-json\/wp\/v2\/posts\/4263","targetHints":{"allow":["GET"]}}],"collection":[{"href":"https:\/\/agora.xtec.cat\/ceip-simeo-rabasa\/wp-json\/wp\/v2\/posts"}],"about":[{"href":"https:\/\/agora.xtec.cat\/ceip-simeo-rabasa\/wp-json\/wp\/v2\/types\/post"}],"author":[{"embeddable":true,"href":"https:\/\/agora.xtec.cat\/ceip-simeo-rabasa\/wp-json\/wp\/v2\/users\/1"}],"replies":[{"embeddable":true,"href":"https:\/\/agora.xtec.cat\/ceip-simeo-rabasa\/wp-json\/wp\/v2\/comments?post=4263"}],"version-history":[{"count":4,"href":"https:\/\/agora.xtec.cat\/ceip-simeo-rabasa\/wp-json\/wp\/v2\/posts\/4263\/revisions"}],"predecessor-version":[{"id":4289,"href":"https:\/\/agora.xtec.cat\/ceip-simeo-rabasa\/wp-json\/wp\/v2\/posts\/4263\/revisions\/4289"}],"wp:featuredmedia":[{"embeddable":true,"href":"https:\/\/agora.xtec.cat\/ceip-simeo-rabasa\/wp-json\/wp\/v2\/media\/4273"}],"wp:attachment":[{"href":"https:\/\/agora.xtec.cat\/ceip-simeo-rabasa\/wp-json\/wp\/v2\/media?parent=4263"}],"wp:term":[{"taxonomy":"category","embeddable":true,"href":"https:\/\/agora.xtec.cat\/ceip-simeo-rabasa\/wp-json\/wp\/v2\/categories?post=4263"},{"taxonomy":"post_tag","embeddable":true,"href":"https:\/\/agora.xtec.cat\/ceip-simeo-rabasa\/wp-json\/wp\/v2\/tags?post=4263"}],"curies":[{"name":"wp","href":"https:\/\/api.w.org\/{rel}","templated":true}]}}