{"id":4176,"date":"2021-05-03T18:17:04","date_gmt":"2021-05-03T16:17:04","guid":{"rendered":"http:\/\/agora.xtec.cat\/ceip-simeo-rabasa\/?p=4176"},"modified":"2021-05-03T18:17:04","modified_gmt":"2021-05-03T16:17:04","slug":"dia-internacional-contra-lassetjament-escolar-2-de-maig","status":"publish","type":"post","link":"https:\/\/agora.xtec.cat\/ceip-simeo-rabasa\/general\/dia-internacional-contra-lassetjament-escolar-2-de-maig\/","title":{"rendered":"DIA INTERNACIONAL CONTRA L&#8217;ASSETJAMENT ESCOLAR (2 de maig)"},"content":{"rendered":"<p style=\"text-align: justify;\">L\u2019assetjament afecta milions d\u2019infants i joves a les escoles d\u2019arreu del m\u00f3n, per aix\u00f2 la UNESCO va recon\u00e8ixer el <strong>Dia internacional contra l\u2019assetjament escolar<\/strong> el <strong>2 de maig<\/strong> de l\u2019any 2013 amb l\u2019objectiu de conscienciar tota la poblaci\u00f3.<\/p>\n<p style=\"text-align: justify;\">L\u2019assetjament escolar \u00e9s un tipus de viol\u00e8ncia entre iguals, on es produeixen agressions intencionals, reiterades i en les que es posa de manifest una situaci\u00f3 d\u2019ab\u00fas de poder. Aquestes agressions poden ser f\u00edsiques, verbals o d\u2019exclusi\u00f3 social i es poden manifestar de forma directa o indirecta.<\/p>\n<p style=\"text-align: justify;\">L&#8217;escola, com ja sabeu, est\u00e0 duent a terme el projecte #aquiproubullying (tot i que aquest curs, amb el protocol C\u00d2VID, ha redu\u00eft les seves actuacions) i est\u00e0 molt conscienciada sobre com prevenir les situacions d&#8217;assetjament. Divendres 30 d&#8217;abril i avui 3 de maig, alumnat i mestres n&#8217;han parlat del tema i han fet reflexions a partir de diferents v\u00eddeos.<\/p>\n<p style=\"text-align: justify;\">Aqu\u00ed us deixem un recull de contes i uns v\u00eddeos que ens han semblat que us poden agradar i us poden fer reflexionar amb els vostres fills i filles.<\/p>\n<p>\u2013\u00a0<a href=\"http:\/\/www.super3.cat\/unamadecontes\/tallers\/dibuix\">Una m\u00e0 de contes<\/a>\u00a0( col\u00b7lecci\u00f3 de cinc contes contra l\u2019assetjament per a infants).<\/p>\n<p>\u2013 Clica damunt les imatges.<\/p>\n<p><a href=\"https:\/\/youtu.be\/kMSDD619o7o\"><img loading=\"lazy\" decoding=\"async\" class=\"alignnone wp-image-4179\" src=\"https:\/\/agora.xtec.cat\/ceip-simeo-rabasa\/wp-content\/uploads\/usu903\/2021\/05\/eri\u00e7\u00f3-300x162.png\" alt=\"\" width=\"233\" height=\"126\" srcset=\"https:\/\/agora.xtec.cat\/ceip-simeo-rabasa\/wp-content\/uploads\/usu903\/2021\/05\/eri\u00e7\u00f3-300x162.png 300w, https:\/\/agora.xtec.cat\/ceip-simeo-rabasa\/wp-content\/uploads\/usu903\/2021\/05\/eri\u00e7\u00f3.png 571w\" sizes=\"auto, (max-width: 233px) 100vw, 233px\" \/> <\/a><a href=\"https:\/\/agora.xtec.cat\/ceip-simeo-rabasa\/wp-content\/uploads\/usu903\/2021\/05\/ACTIVA-TU-PODER.png\">\u00a0 \u00a0 \u00a0 \u00a0 \u00a0<\/a><a href=\"https:\/\/youtu.be\/0Ai8_SR8Ncw\"><img loading=\"lazy\" decoding=\"async\" class=\"alignnone wp-image-4182\" src=\"https:\/\/agora.xtec.cat\/ceip-simeo-rabasa\/wp-content\/uploads\/usu903\/2021\/05\/ACTIVA-TU-PODER-300x161.png\" alt=\"\" width=\"233\" height=\"125\" srcset=\"https:\/\/agora.xtec.cat\/ceip-simeo-rabasa\/wp-content\/uploads\/usu903\/2021\/05\/ACTIVA-TU-PODER-300x161.png 300w, https:\/\/agora.xtec.cat\/ceip-simeo-rabasa\/wp-content\/uploads\/usu903\/2021\/05\/ACTIVA-TU-PODER.png 623w\" sizes=\"auto, (max-width: 233px) 100vw, 233px\" \/> \u00a0 \u00a0 \u00a0 \u00a0 <\/a><a href=\"https:\/\/youtu.be\/POiKQ_mIKZQ\"><img loading=\"lazy\" decoding=\"async\" class=\"alignnone wp-image-4184\" src=\"https:\/\/agora.xtec.cat\/ceip-simeo-rabasa\/wp-content\/uploads\/usu903\/2021\/05\/BIRDS-300x171.png\" alt=\"\" width=\"219\" height=\"125\" srcset=\"https:\/\/agora.xtec.cat\/ceip-simeo-rabasa\/wp-content\/uploads\/usu903\/2021\/05\/BIRDS-300x171.png 300w, https:\/\/agora.xtec.cat\/ceip-simeo-rabasa\/wp-content\/uploads\/usu903\/2021\/05\/BIRDS.png 599w\" sizes=\"auto, (max-width: 219px) 100vw, 219px\" \/><\/a><\/p>\n","protected":false},"excerpt":{"rendered":"<p>La UNESCO va recon\u00e8ixer el Dia internacional contra l\u2019assetjament escolar el 2 de maig de l\u2019any 2013 amb l\u2019objectiu de conscienciar tota la poblaci\u00f3.<\/p>\n","protected":false},"author":1,"featured_media":4177,"comment_status":"open","ping_status":"closed","sticky":false,"template":"","format":"standard","meta":{"_bbp_topic_count":0,"_bbp_reply_count":0,"_bbp_total_topic_count":0,"_bbp_total_reply_count":0,"_bbp_voice_count":0,"_bbp_anonymous_reply_count":0,"_bbp_topic_count_hidden":0,"_bbp_reply_count_hidden":0,"_bbp_forum_subforum_count":0,"site-sidebar-layout":"default","site-content-layout":"","ast-site-content-layout":"","site-content-style":"default","site-sidebar-style":"default","ast-global-header-display":"","ast-banner-title-visibility":"","ast-main-header-display":"","ast-hfb-above-header-display":"","ast-hfb-below-header-display":"","ast-hfb-mobile-header-display":"","site-post-title":"","ast-breadcrumbs-content":"","ast-featured-img":"","footer-sml-layout":"","theme-transparent-header-meta":"","adv-header-id-meta":"","stick-header-meta":"","header-above-stick-meta":"","header-main-stick-meta":"","header-below-stick-meta":"","astra-migrate-meta-layouts":"default","ast-page-background-enabled":"default","ast-page-background-meta":{"desktop":{"background-color":"var(--ast-global-color-4)","background-image":"","background-repeat":"repeat","background-position":"center center","background-size":"auto","background-attachment":"scroll","background-type":"","background-media":"","overlay-type":"","overlay-color":"","overlay-opacity":"","overlay-gradient":""},"tablet":{"background-color":"","background-image":"","background-repeat":"repeat","background-position":"center center","background-size":"auto","background-attachment":"scroll","background-type":"","background-media":"","overlay-type":"","overlay-color":"","overlay-opacity":"","overlay-gradient":""},"mobile":{"background-color":"","background-image":"","background-repeat":"repeat","background-position":"center center","background-size":"auto","background-attachment":"scroll","background-type":"","background-media":"","overlay-type":"","overlay-color":"","overlay-opacity":"","overlay-gradient":""}},"ast-content-background-meta":{"desktop":{"background-color":"var(--ast-global-color-5)","background-image":"","background-repeat":"repeat","background-position":"center center","background-size":"auto","background-attachment":"scroll","background-type":"","background-media":"","overlay-type":"","overlay-color":"","overlay-opacity":"","overlay-gradient":""},"tablet":{"background-color":"var(--ast-global-color-5)","background-image":"","background-repeat":"repeat","background-position":"center center","background-size":"auto","background-attachment":"scroll","background-type":"","background-media":"","overlay-type":"","overlay-color":"","overlay-opacity":"","overlay-gradient":""},"mobile":{"background-color":"var(--ast-global-color-5)","background-image":"","background-repeat":"repeat","background-position":"center center","background-size":"auto","background-attachment":"scroll","background-type":"","background-media":"","overlay-type":"","overlay-color":"","overlay-opacity":"","overlay-gradient":""}},"footnotes":""},"categories":[1,4,106],"tags":[],"class_list":["post-4176","post","type-post","status-publish","format-standard","has-post-thumbnail","hentry","category-general","category-portada","category-projecte-interdisciplinar"],"post_mailing_queue_ids":[],"_links":{"self":[{"href":"https:\/\/agora.xtec.cat\/ceip-simeo-rabasa\/wp-json\/wp\/v2\/posts\/4176","targetHints":{"allow":["GET"]}}],"collection":[{"href":"https:\/\/agora.xtec.cat\/ceip-simeo-rabasa\/wp-json\/wp\/v2\/posts"}],"about":[{"href":"https:\/\/agora.xtec.cat\/ceip-simeo-rabasa\/wp-json\/wp\/v2\/types\/post"}],"author":[{"embeddable":true,"href":"https:\/\/agora.xtec.cat\/ceip-simeo-rabasa\/wp-json\/wp\/v2\/users\/1"}],"replies":[{"embeddable":true,"href":"https:\/\/agora.xtec.cat\/ceip-simeo-rabasa\/wp-json\/wp\/v2\/comments?post=4176"}],"version-history":[{"count":3,"href":"https:\/\/agora.xtec.cat\/ceip-simeo-rabasa\/wp-json\/wp\/v2\/posts\/4176\/revisions"}],"predecessor-version":[{"id":4185,"href":"https:\/\/agora.xtec.cat\/ceip-simeo-rabasa\/wp-json\/wp\/v2\/posts\/4176\/revisions\/4185"}],"wp:featuredmedia":[{"embeddable":true,"href":"https:\/\/agora.xtec.cat\/ceip-simeo-rabasa\/wp-json\/wp\/v2\/media\/4177"}],"wp:attachment":[{"href":"https:\/\/agora.xtec.cat\/ceip-simeo-rabasa\/wp-json\/wp\/v2\/media?parent=4176"}],"wp:term":[{"taxonomy":"category","embeddable":true,"href":"https:\/\/agora.xtec.cat\/ceip-simeo-rabasa\/wp-json\/wp\/v2\/categories?post=4176"},{"taxonomy":"post_tag","embeddable":true,"href":"https:\/\/agora.xtec.cat\/ceip-simeo-rabasa\/wp-json\/wp\/v2\/tags?post=4176"}],"curies":[{"name":"wp","href":"https:\/\/api.w.org\/{rel}","templated":true}]}}