{"id":4046,"date":"2021-03-08T18:58:17","date_gmt":"2021-03-08T17:58:17","guid":{"rendered":"http:\/\/agora.xtec.cat\/ceip-simeo-rabasa\/?p=4046"},"modified":"2021-03-08T18:58:17","modified_gmt":"2021-03-08T17:58:17","slug":"felic-dia-de-la-dona","status":"publish","type":"post","link":"https:\/\/agora.xtec.cat\/ceip-simeo-rabasa\/general\/felic-dia-de-la-dona\/","title":{"rendered":"FELI\u00c7 DIA DE LA DONA!"},"content":{"rendered":"<p>Avui, per commemorar el Dia de la Dona amb el nostre alumnat, hem realitzat diverses activitats de sensibilitzaci\u00f3 i conscienciaci\u00f3 de l&#8217;equitat de g\u00e8nere. A les aules, a partir de contes, documentals, imatges&#8230; s&#8217;ha creat un clima de reflexi\u00f3 i di\u00e0leg, i s&#8217;han recollit les impressions dels infants en un v\u00eddeo que hem publicat en el <strong>classroom de festes<\/strong>. Esperem que us agradi!<\/p>\n<p>A continuaci\u00f3 us deixem una selecci\u00f3 de llibres sobre <strong>coeducaci\u00f3 i igualtat de g\u00e8nere.<\/strong> Us animem a que llegiu amb els vostres fills i filles ja que, aquestes lectures compartides, potencien la igualtat de g\u00e8nere i d&#8217;oportunitats, la superaci\u00f3 dels clix\u00e9s de g\u00e8nere i la visibilitat del paper de les dones al m\u00f3n, entre d&#8217;altres aspectes. Que gaudiu d&#8217;aquests moments de lectura!<\/p>\n<p>&nbsp;<\/p>\n<p><a href=\"https:\/\/agora.xtec.cat\/ceip-simeo-rabasa\/wp-content\/uploads\/usu903\/2021\/03\/Que.-O-quer\u00eda-ser-rosa-azul.jpg\"><img loading=\"lazy\" decoding=\"async\" class=\"alignnone wp-image-4044 size-thumbnail\" src=\"https:\/\/agora.xtec.cat\/ceip-simeo-rabasa\/wp-content\/uploads\/usu903\/2021\/03\/Que.-O-quer\u00eda-ser-rosa-azul-150x150.jpg\" alt=\"\" width=\"150\" height=\"150\" \/><\/a> <a href=\"https:\/\/agora.xtec.cat\/ceip-simeo-rabasa\/wp-content\/uploads\/usu903\/2021\/03\/RESEM346CV-LAS-CHICAS_CAT_CTP.jpg\"><img loading=\"lazy\" decoding=\"async\" class=\"alignnone wp-image-4045 size-thumbnail\" src=\"https:\/\/agora.xtec.cat\/ceip-simeo-rabasa\/wp-content\/uploads\/usu903\/2021\/03\/RESEM346CV-LAS-CHICAS_CAT_CTP-150x150.jpg\" alt=\"\" width=\"150\" height=\"150\" \/><\/a> <a href=\"https:\/\/agora.xtec.cat\/ceip-simeo-rabasa\/wp-content\/uploads\/usu903\/2021\/03\/Noies-s\u00f3n-capaces-de-tot.jpg\"><img loading=\"lazy\" decoding=\"async\" class=\"alignnone wp-image-4043 size-thumbnail\" src=\"https:\/\/agora.xtec.cat\/ceip-simeo-rabasa\/wp-content\/uploads\/usu903\/2021\/03\/Noies-s\u00f3n-capaces-de-tot-150x150.jpg\" alt=\"\" width=\"150\" height=\"150\" \/><\/a> <a href=\"https:\/\/agora.xtec.cat\/ceip-simeo-rabasa\/wp-content\/uploads\/usu903\/2021\/03\/Les-princeses-tamb\u00e9-es-tiren-pets.jpg\"><img loading=\"lazy\" decoding=\"async\" class=\"alignnone wp-image-4042 size-thumbnail\" src=\"https:\/\/agora.xtec.cat\/ceip-simeo-rabasa\/wp-content\/uploads\/usu903\/2021\/03\/Les-princeses-tamb\u00e9-es-tiren-pets-150x150.jpg\" alt=\"\" width=\"150\" height=\"150\" \/><\/a> <a href=\"https:\/\/agora.xtec.cat\/ceip-simeo-rabasa\/wp-content\/uploads\/usu903\/2021\/03\/lecturesgenere13-208x300.png\"><img loading=\"lazy\" decoding=\"async\" class=\"alignnone wp-image-4041 size-thumbnail\" src=\"https:\/\/agora.xtec.cat\/ceip-simeo-rabasa\/wp-content\/uploads\/usu903\/2021\/03\/lecturesgenere13-208x300-150x150.png\" alt=\"\" width=\"150\" height=\"150\" \/><\/a> <a href=\"https:\/\/agora.xtec.cat\/ceip-simeo-rabasa\/wp-content\/uploads\/usu903\/2021\/03\/lecturesgenere12-285x300.png\"><img loading=\"lazy\" decoding=\"async\" class=\"alignnone wp-image-4040 size-thumbnail\" src=\"https:\/\/agora.xtec.cat\/ceip-simeo-rabasa\/wp-content\/uploads\/usu903\/2021\/03\/lecturesgenere12-285x300-150x150.png\" alt=\"\" width=\"150\" height=\"150\" \/><\/a> <a href=\"https:\/\/agora.xtec.cat\/ceip-simeo-rabasa\/wp-content\/uploads\/usu903\/2021\/03\/lecturesgenere8-300x270.png\"><img loading=\"lazy\" decoding=\"async\" class=\"alignnone wp-image-4039 size-thumbnail\" src=\"https:\/\/agora.xtec.cat\/ceip-simeo-rabasa\/wp-content\/uploads\/usu903\/2021\/03\/lecturesgenere8-300x270-150x150.png\" alt=\"\" width=\"150\" height=\"150\" \/><\/a> <a href=\"https:\/\/agora.xtec.cat\/ceip-simeo-rabasa\/wp-content\/uploads\/usu903\/2021\/03\/lecturesgenere5.png\"><img loading=\"lazy\" decoding=\"async\" class=\"alignnone wp-image-4038 size-thumbnail\" src=\"https:\/\/agora.xtec.cat\/ceip-simeo-rabasa\/wp-content\/uploads\/usu903\/2021\/03\/lecturesgenere5-150x150.png\" alt=\"\" width=\"150\" height=\"150\" \/><\/a> <a href=\"https:\/\/agora.xtec.cat\/ceip-simeo-rabasa\/wp-content\/uploads\/usu903\/2021\/03\/lecturesgenere1-260x300.png\"><img loading=\"lazy\" decoding=\"async\" class=\"alignnone wp-image-4037 size-thumbnail\" src=\"https:\/\/agora.xtec.cat\/ceip-simeo-rabasa\/wp-content\/uploads\/usu903\/2021\/03\/lecturesgenere1-260x300-150x150.png\" alt=\"\" width=\"150\" height=\"150\" \/><\/a> <a href=\"https:\/\/agora.xtec.cat\/ceip-simeo-rabasa\/wp-content\/uploads\/usu903\/2021\/03\/La-caputxeta-for\u00e7uda.jpg\"><img loading=\"lazy\" decoding=\"async\" class=\"alignnone wp-image-4036 size-thumbnail\" src=\"https:\/\/agora.xtec.cat\/ceip-simeo-rabasa\/wp-content\/uploads\/usu903\/2021\/03\/La-caputxeta-for\u00e7uda-150x150.jpg\" alt=\"\" width=\"150\" height=\"150\" srcset=\"https:\/\/agora.xtec.cat\/ceip-simeo-rabasa\/wp-content\/uploads\/usu903\/2021\/03\/La-caputxeta-for\u00e7uda-150x150.jpg 150w, https:\/\/agora.xtec.cat\/ceip-simeo-rabasa\/wp-content\/uploads\/usu903\/2021\/03\/La-caputxeta-for\u00e7uda.jpg 300w\" sizes=\"auto, (max-width: 150px) 100vw, 150px\" \/><\/a> <a href=\"https:\/\/agora.xtec.cat\/ceip-simeo-rabasa\/wp-content\/uploads\/usu903\/2021\/03\/El-pr\u00edncep-ventafocs.jpg\"><img loading=\"lazy\" decoding=\"async\" class=\"alignnone wp-image-4034 size-thumbnail\" src=\"https:\/\/agora.xtec.cat\/ceip-simeo-rabasa\/wp-content\/uploads\/usu903\/2021\/03\/El-pr\u00edncep-ventafocs-150x150.jpg\" alt=\"\" width=\"150\" height=\"150\" \/><\/a> <a href=\"https:\/\/agora.xtec.cat\/ceip-simeo-rabasa\/wp-content\/uploads\/usu903\/2021\/03\/El-drac-que-no-volia-lluitar.jpeg\"><img loading=\"lazy\" decoding=\"async\" class=\"alignnone wp-image-4033 size-thumbnail\" src=\"https:\/\/agora.xtec.cat\/ceip-simeo-rabasa\/wp-content\/uploads\/usu903\/2021\/03\/El-drac-que-no-volia-lluitar-150x150.jpeg\" alt=\"\" width=\"150\" height=\"150\" \/><\/a> <a href=\"https:\/\/agora.xtec.cat\/ceip-simeo-rabasa\/wp-content\/uploads\/usu903\/2021\/03\/El-club-dels-valents-1.jpg\"><img loading=\"lazy\" decoding=\"async\" class=\"alignnone wp-image-4032 size-thumbnail\" src=\"https:\/\/agora.xtec.cat\/ceip-simeo-rabasa\/wp-content\/uploads\/usu903\/2021\/03\/El-club-dels-valents-1-150x150.jpg\" alt=\"\" width=\"150\" height=\"150\" srcset=\"https:\/\/agora.xtec.cat\/ceip-simeo-rabasa\/wp-content\/uploads\/usu903\/2021\/03\/El-club-dels-valents-1-150x150.jpg 150w, https:\/\/agora.xtec.cat\/ceip-simeo-rabasa\/wp-content\/uploads\/usu903\/2021\/03\/El-club-dels-valents-1-299x300.jpg 299w, https:\/\/agora.xtec.cat\/ceip-simeo-rabasa\/wp-content\/uploads\/usu903\/2021\/03\/El-club-dels-valents-1.jpg 300w\" sizes=\"auto, (max-width: 150px) 100vw, 150px\" \/><\/a> <a href=\"https:\/\/agora.xtec.cat\/ceip-simeo-rabasa\/wp-content\/uploads\/usu903\/2021\/03\/amb-la-tango-son-tres-Cat-1.jpg\"><img loading=\"lazy\" decoding=\"async\" class=\"alignnone wp-image-4031 size-thumbnail\" src=\"https:\/\/agora.xtec.cat\/ceip-simeo-rabasa\/wp-content\/uploads\/usu903\/2021\/03\/amb-la-tango-son-tres-Cat-1-150x150.jpg\" alt=\"\" width=\"150\" height=\"150\" \/><\/a> <a href=\"https:\/\/agora.xtec.cat\/ceip-simeo-rabasa\/wp-content\/uploads\/usu903\/2021\/03\/Al-pa\u00eds-de-les-marietes...-arriba-el-circ-1.jpg\"><img loading=\"lazy\" decoding=\"async\" class=\"alignnone wp-image-4030 size-thumbnail\" src=\"https:\/\/agora.xtec.cat\/ceip-simeo-rabasa\/wp-content\/uploads\/usu903\/2021\/03\/Al-pa\u00eds-de-les-marietes...-arriba-el-circ-1-150x150.jpg\" alt=\"\" width=\"150\" height=\"150\" \/><\/a><\/p>\n<p>Si en voleu m\u00e9s, cliqueu <a href=\"https:\/\/cooperativa.abacus.coop\/ca\/comunitats\/comunitat-cultural\/coneixement-compartit-cultural\/25-propostes-de-literatura-per-a-nenes-noies-i-dones\/\"><strong>aquest enlla\u00e7<\/strong><\/a>.<\/p>\n<p>&nbsp;<\/p>\n","protected":false},"excerpt":{"rendered":"<p>Avui, per commemorar el Dia de la Dona amb el nostre alumnat, hem realitzat diverses activitats de sensibilitzaci\u00f3 i conscienciaci\u00f3 de l&#8217;equitat de g\u00e8nere. A les aules, a partir de contes,<\/p>\n","protected":false},"author":1,"featured_media":4029,"comment_status":"open","ping_status":"closed","sticky":false,"template":"","format":"standard","meta":{"_bbp_topic_count":0,"_bbp_reply_count":0,"_bbp_total_topic_count":0,"_bbp_total_reply_count":0,"_bbp_voice_count":0,"_bbp_anonymous_reply_count":0,"_bbp_topic_count_hidden":0,"_bbp_reply_count_hidden":0,"_bbp_forum_subforum_count":0,"site-sidebar-layout":"default","site-content-layout":"","ast-site-content-layout":"","site-content-style":"default","site-sidebar-style":"default","ast-global-header-display":"","ast-banner-title-visibility":"","ast-main-header-display":"","ast-hfb-above-header-display":"","ast-hfb-below-header-display":"","ast-hfb-mobile-header-display":"","site-post-title":"","ast-breadcrumbs-content":"","ast-featured-img":"","footer-sml-layout":"","theme-transparent-header-meta":"","adv-header-id-meta":"","stick-header-meta":"","header-above-stick-meta":"","header-main-stick-meta":"","header-below-stick-meta":"","astra-migrate-meta-layouts":"default","ast-page-background-enabled":"default","ast-page-background-meta":{"desktop":{"background-color":"var(--ast-global-color-4)","background-image":"","background-repeat":"repeat","background-position":"center center","background-size":"auto","background-attachment":"scroll","background-type":"","background-media":"","overlay-type":"","overlay-color":"","overlay-opacity":"","overlay-gradient":""},"tablet":{"background-color":"","background-image":"","background-repeat":"repeat","background-position":"center center","background-size":"auto","background-attachment":"scroll","background-type":"","background-media":"","overlay-type":"","overlay-color":"","overlay-opacity":"","overlay-gradient":""},"mobile":{"background-color":"","background-image":"","background-repeat":"repeat","background-position":"center center","background-size":"auto","background-attachment":"scroll","background-type":"","background-media":"","overlay-type":"","overlay-color":"","overlay-opacity":"","overlay-gradient":""}},"ast-content-background-meta":{"desktop":{"background-color":"var(--ast-global-color-5)","background-image":"","background-repeat":"repeat","background-position":"center center","background-size":"auto","background-attachment":"scroll","background-type":"","background-media":"","overlay-type":"","overlay-color":"","overlay-opacity":"","overlay-gradient":""},"tablet":{"background-color":"var(--ast-global-color-5)","background-image":"","background-repeat":"repeat","background-position":"center center","background-size":"auto","background-attachment":"scroll","background-type":"","background-media":"","overlay-type":"","overlay-color":"","overlay-opacity":"","overlay-gradient":""},"mobile":{"background-color":"var(--ast-global-color-5)","background-image":"","background-repeat":"repeat","background-position":"center center","background-size":"auto","background-attachment":"scroll","background-type":"","background-media":"","overlay-type":"","overlay-color":"","overlay-opacity":"","overlay-gradient":""}},"footnotes":""},"categories":[1,4],"tags":[],"class_list":["post-4046","post","type-post","status-publish","format-standard","has-post-thumbnail","hentry","category-general","category-portada"],"post_mailing_queue_ids":[],"_links":{"self":[{"href":"https:\/\/agora.xtec.cat\/ceip-simeo-rabasa\/wp-json\/wp\/v2\/posts\/4046","targetHints":{"allow":["GET"]}}],"collection":[{"href":"https:\/\/agora.xtec.cat\/ceip-simeo-rabasa\/wp-json\/wp\/v2\/posts"}],"about":[{"href":"https:\/\/agora.xtec.cat\/ceip-simeo-rabasa\/wp-json\/wp\/v2\/types\/post"}],"author":[{"embeddable":true,"href":"https:\/\/agora.xtec.cat\/ceip-simeo-rabasa\/wp-json\/wp\/v2\/users\/1"}],"replies":[{"embeddable":true,"href":"https:\/\/agora.xtec.cat\/ceip-simeo-rabasa\/wp-json\/wp\/v2\/comments?post=4046"}],"version-history":[{"count":2,"href":"https:\/\/agora.xtec.cat\/ceip-simeo-rabasa\/wp-json\/wp\/v2\/posts\/4046\/revisions"}],"predecessor-version":[{"id":4048,"href":"https:\/\/agora.xtec.cat\/ceip-simeo-rabasa\/wp-json\/wp\/v2\/posts\/4046\/revisions\/4048"}],"wp:featuredmedia":[{"embeddable":true,"href":"https:\/\/agora.xtec.cat\/ceip-simeo-rabasa\/wp-json\/wp\/v2\/media\/4029"}],"wp:attachment":[{"href":"https:\/\/agora.xtec.cat\/ceip-simeo-rabasa\/wp-json\/wp\/v2\/media?parent=4046"}],"wp:term":[{"taxonomy":"category","embeddable":true,"href":"https:\/\/agora.xtec.cat\/ceip-simeo-rabasa\/wp-json\/wp\/v2\/categories?post=4046"},{"taxonomy":"post_tag","embeddable":true,"href":"https:\/\/agora.xtec.cat\/ceip-simeo-rabasa\/wp-json\/wp\/v2\/tags?post=4046"}],"curies":[{"name":"wp","href":"https:\/\/api.w.org\/{rel}","templated":true}]}}