{"id":3253,"date":"2020-03-27T19:59:03","date_gmt":"2020-03-27T18:59:03","guid":{"rendered":"http:\/\/agora.xtec.cat\/ceip-simeo-rabasa\/?p=3253"},"modified":"2020-04-04T17:31:46","modified_gmt":"2020-04-04T15:31:46","slug":"video-joemquedoacasa","status":"publish","type":"post","link":"https:\/\/agora.xtec.cat\/ceip-simeo-rabasa\/general\/video-joemquedoacasa\/","title":{"rendered":"L&#8217;ESCOLA SIME\u00d3 RABASA #joemquedoacasa"},"content":{"rendered":"<p>El 2n trimestre d&#8217;aquest curs escolar ha finalitzat d&#8217;una manera que mai ens haur\u00edem pogut imaginar. Ara ens acomiadem; ens retrobarem el dimarts 14 d&#8217;abril. Fins aleshores, tot l&#8217;equip docent us desitja molta salut en aquesta setmana santa.<\/p>\n<p>Un enllacem el darrer v\u00eddeo informatiu de l&#8217;escola amb algunes novetats de cara al tercer trimestre. <strong><span style=\"color: #3366ff;\">CLIQUEU DAMUNT LA IMATGE.<\/span><\/strong><\/p>\n<p><a href=\"https:\/\/drive.google.com\/open?id=1tIdimwAqek0yCUm-RwXrIWclRcGqtFqQ\"><img loading=\"lazy\" decoding=\"async\" class=\"aligncenter wp-image-3321 size-full\" src=\"https:\/\/agora.xtec.cat\/ceip-simeo-rabasa\/wp-content\/uploads\/usu903\/2020\/04\/PORTADA-V\u00cdDEO.png\" alt=\"\" width=\"822\" height=\"392\" srcset=\"https:\/\/agora.xtec.cat\/ceip-simeo-rabasa\/wp-content\/uploads\/usu903\/2020\/04\/PORTADA-V\u00cdDEO.png 822w, https:\/\/agora.xtec.cat\/ceip-simeo-rabasa\/wp-content\/uploads\/usu903\/2020\/04\/PORTADA-V\u00cdDEO-300x143.png 300w, https:\/\/agora.xtec.cat\/ceip-simeo-rabasa\/wp-content\/uploads\/usu903\/2020\/04\/PORTADA-V\u00cdDEO-768x366.png 768w\" sizes=\"auto, (max-width: 822px) 100vw, 822px\" \/><\/a><\/p>\n<p>&nbsp;<\/p>\n<p>Volem compartir amb vosaltres dos magn\u00edfics v\u00eddeos que ens ha fet arribar una fam\u00edlia de l&#8217;escola. S\u00f3n v\u00eddeos plens de tendresa i molt emotius. Un d&#8217;ells t\u00e9 com a protagonistes els nens i nenes de 5\u00e8 curs; de fons, hi ha la can\u00e7\u00f3 &#8220;Vivir&#8221;de Rozal\u00e9n (i Estopa). L&#8217;altre v\u00eddeo t\u00e9 com a escenari l&#8217;escola: mestres, alumnes, conserge, administrativa, monitors&#8230; tot el personal del centre; i l&#8217;acompanya la can\u00e7\u00f3 &#8220;Volveremos a brindar&#8221; de Luc\u00eda Gil.<\/p>\n<p>Esperem que gaudiu d&#8217;aquests v\u00eddeos tan especials que ens ajuden a superar aquests moments tan dif\u00edcils que estem vivint.<\/p>\n<p>Per a veure els v\u00eddeos, <strong>cliqueu damunt les imatges<\/strong>.<\/p>\n<p>&nbsp;<\/p>\n<p><a href=\"https:\/\/drive.google.com\/file\/d\/1x0dFutRt1lD5_ptOAu0M2tuJ_LJh-BQ2\/view?usp=sharing\"><img loading=\"lazy\" decoding=\"async\" class=\"aligncenter wp-image-3306 size-large\" src=\"https:\/\/agora.xtec.cat\/ceip-simeo-rabasa\/wp-content\/uploads\/usu903\/2020\/04\/INICI-V\u00cdDEO-ESCOLA-1024x443.png\" alt=\"\" width=\"1024\" height=\"443\" srcset=\"https:\/\/agora.xtec.cat\/ceip-simeo-rabasa\/wp-content\/uploads\/usu903\/2020\/04\/INICI-V\u00cdDEO-ESCOLA-1024x443.png 1024w, https:\/\/agora.xtec.cat\/ceip-simeo-rabasa\/wp-content\/uploads\/usu903\/2020\/04\/INICI-V\u00cdDEO-ESCOLA-300x130.png 300w, https:\/\/agora.xtec.cat\/ceip-simeo-rabasa\/wp-content\/uploads\/usu903\/2020\/04\/INICI-V\u00cdDEO-ESCOLA-768x332.png 768w, https:\/\/agora.xtec.cat\/ceip-simeo-rabasa\/wp-content\/uploads\/usu903\/2020\/04\/INICI-V\u00cdDEO-ESCOLA.png 1155w\" sizes=\"auto, (max-width: 1024px) 100vw, 1024px\" \/><\/a><\/p>\n<p>&nbsp;<\/p>\n<p><a href=\"https:\/\/drive.google.com\/file\/d\/1P-Y2D63cVHcCkGzKXsy4-k-6RQ3WQ5mu\/view?usp=sharing\"><img loading=\"lazy\" decoding=\"async\" class=\"aligncenter wp-image-3305 size-large\" src=\"https:\/\/agora.xtec.cat\/ceip-simeo-rabasa\/wp-content\/uploads\/usu903\/2020\/04\/BO-PORTADA-V\u00cdDEO-5-1024x360.png\" alt=\"\" width=\"1024\" height=\"360\" srcset=\"https:\/\/agora.xtec.cat\/ceip-simeo-rabasa\/wp-content\/uploads\/usu903\/2020\/04\/BO-PORTADA-V\u00cdDEO-5.png 1024w, https:\/\/agora.xtec.cat\/ceip-simeo-rabasa\/wp-content\/uploads\/usu903\/2020\/04\/BO-PORTADA-V\u00cdDEO-5-300x105.png 300w, https:\/\/agora.xtec.cat\/ceip-simeo-rabasa\/wp-content\/uploads\/usu903\/2020\/04\/BO-PORTADA-V\u00cdDEO-5-768x270.png 768w\" sizes=\"auto, (max-width: 1024px) 100vw, 1024px\" \/><\/a><\/p>\n<p>&nbsp;<\/p>\n<p>Les persones que treballem a l&#8217;escola us hem fet un petit v\u00eddeo per compartir-lo amb ELS NENS I NENES de l&#8217;escola i amb tota la comunitat educativa en aquests moments tant dif\u00edcils per a tothom.Est\u00e0 fet amb molt de carinyo per a qu\u00e8 els nostres infants puguin veure les seves mestres, els seus mestres, monitors i monitores, conserge i administrativa.<\/p>\n<p>Esperem que us agradi!<\/p>\n<p>Desitgem que aviat torni la normalitat!!<\/p>\n<p>VOLEU VEURE EL V\u00cdDEO&#8230; DONCS CLIQUEU SOBRE LA IMATGE!!<\/p>\n<p><a href=\"https:\/\/drive.google.com\/open?id=1CrTgQ_85SiDM9rshlyscPRA0FnMlEkWK\"><img loading=\"lazy\" decoding=\"async\" class=\"size-large wp-image-3254 aligncenter\" src=\"https:\/\/agora.xtec.cat\/ceip-simeo-rabasa\/wp-content\/uploads\/usu903\/2020\/03\/8b85f667-8c21-4233-a287-e08c5ddc42dd-1024x609.jpg\" alt=\"\" width=\"1024\" height=\"609\" srcset=\"https:\/\/agora.xtec.cat\/ceip-simeo-rabasa\/wp-content\/uploads\/usu903\/2020\/03\/8b85f667-8c21-4233-a287-e08c5ddc42dd-1024x609.jpg 1024w, https:\/\/agora.xtec.cat\/ceip-simeo-rabasa\/wp-content\/uploads\/usu903\/2020\/03\/8b85f667-8c21-4233-a287-e08c5ddc42dd-300x178.jpg 300w, https:\/\/agora.xtec.cat\/ceip-simeo-rabasa\/wp-content\/uploads\/usu903\/2020\/03\/8b85f667-8c21-4233-a287-e08c5ddc42dd-768x457.jpg 768w, https:\/\/agora.xtec.cat\/ceip-simeo-rabasa\/wp-content\/uploads\/usu903\/2020\/03\/8b85f667-8c21-4233-a287-e08c5ddc42dd.jpg 1761w\" sizes=\"auto, (max-width: 1024px) 100vw, 1024px\" \/><\/a><\/p>\n","protected":false},"excerpt":{"rendered":"<p>El 2n trimestre d&#8217;aquest curs escolar ha finalitzat d&#8217;una manera que mai ens haur\u00edem pogut imaginar. Ara ens acomiadem; ens retrobarem el dimarts 14 d&#8217;abril. Fins aleshores, tot l&#8217;equip docent us desitja molta salut en aquesta setmana santa.<\/p>\n","protected":false},"author":1,"featured_media":3254,"comment_status":"open","ping_status":"closed","sticky":false,"template":"","format":"standard","meta":{"_bbp_topic_count":0,"_bbp_reply_count":0,"_bbp_total_topic_count":0,"_bbp_total_reply_count":0,"_bbp_voice_count":0,"_bbp_anonymous_reply_count":0,"_bbp_topic_count_hidden":0,"_bbp_reply_count_hidden":0,"_bbp_forum_subforum_count":0,"site-sidebar-layout":"default","site-content-layout":"","ast-site-content-layout":"","site-content-style":"default","site-sidebar-style":"default","ast-global-header-display":"","ast-banner-title-visibility":"","ast-main-header-display":"","ast-hfb-above-header-display":"","ast-hfb-below-header-display":"","ast-hfb-mobile-header-display":"","site-post-title":"","ast-breadcrumbs-content":"","ast-featured-img":"","footer-sml-layout":"","theme-transparent-header-meta":"","adv-header-id-meta":"","stick-header-meta":"","header-above-stick-meta":"","header-main-stick-meta":"","header-below-stick-meta":"","astra-migrate-meta-layouts":"default","ast-page-background-enabled":"default","ast-page-background-meta":{"desktop":{"background-color":"var(--ast-global-color-4)","background-image":"","background-repeat":"repeat","background-position":"center center","background-size":"auto","background-attachment":"scroll","background-type":"","background-media":"","overlay-type":"","overlay-color":"","overlay-opacity":"","overlay-gradient":""},"tablet":{"background-color":"","background-image":"","background-repeat":"repeat","background-position":"center center","background-size":"auto","background-attachment":"scroll","background-type":"","background-media":"","overlay-type":"","overlay-color":"","overlay-opacity":"","overlay-gradient":""},"mobile":{"background-color":"","background-image":"","background-repeat":"repeat","background-position":"center center","background-size":"auto","background-attachment":"scroll","background-type":"","background-media":"","overlay-type":"","overlay-color":"","overlay-opacity":"","overlay-gradient":""}},"ast-content-background-meta":{"desktop":{"background-color":"var(--ast-global-color-5)","background-image":"","background-repeat":"repeat","background-position":"center center","background-size":"auto","background-attachment":"scroll","background-type":"","background-media":"","overlay-type":"","overlay-color":"","overlay-opacity":"","overlay-gradient":""},"tablet":{"background-color":"var(--ast-global-color-5)","background-image":"","background-repeat":"repeat","background-position":"center center","background-size":"auto","background-attachment":"scroll","background-type":"","background-media":"","overlay-type":"","overlay-color":"","overlay-opacity":"","overlay-gradient":""},"mobile":{"background-color":"var(--ast-global-color-5)","background-image":"","background-repeat":"repeat","background-position":"center center","background-size":"auto","background-attachment":"scroll","background-type":"","background-media":"","overlay-type":"","overlay-color":"","overlay-opacity":"","overlay-gradient":""}},"footnotes":""},"categories":[80,1,4],"tags":[],"class_list":["post-3253","post","type-post","status-publish","format-standard","has-post-thumbnail","hentry","category-comunicats","category-general","category-portada"],"post_mailing_queue_ids":[],"_links":{"self":[{"href":"https:\/\/agora.xtec.cat\/ceip-simeo-rabasa\/wp-json\/wp\/v2\/posts\/3253","targetHints":{"allow":["GET"]}}],"collection":[{"href":"https:\/\/agora.xtec.cat\/ceip-simeo-rabasa\/wp-json\/wp\/v2\/posts"}],"about":[{"href":"https:\/\/agora.xtec.cat\/ceip-simeo-rabasa\/wp-json\/wp\/v2\/types\/post"}],"author":[{"embeddable":true,"href":"https:\/\/agora.xtec.cat\/ceip-simeo-rabasa\/wp-json\/wp\/v2\/users\/1"}],"replies":[{"embeddable":true,"href":"https:\/\/agora.xtec.cat\/ceip-simeo-rabasa\/wp-json\/wp\/v2\/comments?post=3253"}],"version-history":[{"count":4,"href":"https:\/\/agora.xtec.cat\/ceip-simeo-rabasa\/wp-json\/wp\/v2\/posts\/3253\/revisions"}],"predecessor-version":[{"id":3324,"href":"https:\/\/agora.xtec.cat\/ceip-simeo-rabasa\/wp-json\/wp\/v2\/posts\/3253\/revisions\/3324"}],"wp:featuredmedia":[{"embeddable":true,"href":"https:\/\/agora.xtec.cat\/ceip-simeo-rabasa\/wp-json\/wp\/v2\/media\/3254"}],"wp:attachment":[{"href":"https:\/\/agora.xtec.cat\/ceip-simeo-rabasa\/wp-json\/wp\/v2\/media?parent=3253"}],"wp:term":[{"taxonomy":"category","embeddable":true,"href":"https:\/\/agora.xtec.cat\/ceip-simeo-rabasa\/wp-json\/wp\/v2\/categories?post=3253"},{"taxonomy":"post_tag","embeddable":true,"href":"https:\/\/agora.xtec.cat\/ceip-simeo-rabasa\/wp-json\/wp\/v2\/tags?post=3253"}],"curies":[{"name":"wp","href":"https:\/\/api.w.org\/{rel}","templated":true}]}}