{"id":3234,"date":"2020-03-26T18:22:45","date_gmt":"2020-03-26T17:22:45","guid":{"rendered":"http:\/\/agora.xtec.cat\/ceip-simeo-rabasa\/?p=3234"},"modified":"2020-04-21T21:18:41","modified_gmt":"2020-04-21T19:18:41","slug":"tot-anira-be","status":"publish","type":"post","link":"https:\/\/agora.xtec.cat\/ceip-simeo-rabasa\/general\/tot-anira-be\/","title":{"rendered":"#TOT ANIR\u00c0 B\u00c9 &#8211; COL\u00b7LAGE DE L&#8217;ESCOLA SIM\u00c9O RABASA"},"content":{"rendered":"<p style=\"text-align: justify;\">Iniciem aquest article amb el collage que ens ha fet arribar les fam\u00edlies de la classe de 4 anys ELS TAURONS.<\/p>\n<p style=\"text-align: justify;\">Si hi ha m\u00e9s classes o alumnes que vulguin compartir amb nosaltres els seus dibuixos els envieu al mail de l&#8217;escola : a8020656@xtec.cat<\/p>\n<p style=\"text-align: justify;\">I els anirem afegint en aquest article!!!<\/p>\n<p><a href=\"https:\/\/agora.xtec.cat\/ceip-simeo-rabasa\/wp-content\/uploads\/usu903\/2020\/03\/totanirabe2-.jpg\">\u00a0 <\/a><a href=\"https:\/\/agora.xtec.cat\/ceip-simeo-rabasa\/wp-content\/uploads\/usu903\/2020\/03\/totanirabe2-.jpg\"><img loading=\"lazy\" decoding=\"async\" class=\"aligncenter wp-image-3455\" src=\"https:\/\/agora.xtec.cat\/ceip-simeo-rabasa\/wp-content\/uploads\/usu903\/2020\/03\/totanirabe2--1024x768.jpg\" alt=\"\" width=\"500\" height=\"375\" srcset=\"https:\/\/agora.xtec.cat\/ceip-simeo-rabasa\/wp-content\/uploads\/usu903\/2020\/03\/totanirabe2--1024x768.jpg 1024w, https:\/\/agora.xtec.cat\/ceip-simeo-rabasa\/wp-content\/uploads\/usu903\/2020\/03\/totanirabe2--300x225.jpg 300w, https:\/\/agora.xtec.cat\/ceip-simeo-rabasa\/wp-content\/uploads\/usu903\/2020\/03\/totanirabe2--768x576.jpg 768w, https:\/\/agora.xtec.cat\/ceip-simeo-rabasa\/wp-content\/uploads\/usu903\/2020\/03\/totanirabe2--200x150.jpg 200w, https:\/\/agora.xtec.cat\/ceip-simeo-rabasa\/wp-content\/uploads\/usu903\/2020\/03\/totanirabe2-.jpg 1600w\" sizes=\"auto, (max-width: 500px) 100vw, 500px\" \/><\/a><\/p>\n<p style=\"text-align: center;\">PAU I MARTINA &#8211; 6\u00e8 i 4t<\/p>\n<p>&nbsp;<\/p>\n<p><a href=\"https:\/\/agora.xtec.cat\/ceip-simeo-rabasa\/wp-content\/uploads\/usu903\/2020\/04\/TOT-ANIR\u00c0-B\u00c9_5\u00e8.jpg\"><img loading=\"lazy\" decoding=\"async\" class=\"wp-image-3297 aligncenter\" src=\"https:\/\/agora.xtec.cat\/ceip-simeo-rabasa\/wp-content\/uploads\/usu903\/2020\/04\/TOT-ANIR\u00c0-B\u00c9_5\u00e8-1024x1024.jpg\" alt=\"\" width=\"724\" height=\"724\" srcset=\"https:\/\/agora.xtec.cat\/ceip-simeo-rabasa\/wp-content\/uploads\/usu903\/2020\/04\/TOT-ANIR\u00c0-B\u00c9_5\u00e8-1024x1024.jpg 1024w, https:\/\/agora.xtec.cat\/ceip-simeo-rabasa\/wp-content\/uploads\/usu903\/2020\/04\/TOT-ANIR\u00c0-B\u00c9_5\u00e8-150x150.jpg 150w, https:\/\/agora.xtec.cat\/ceip-simeo-rabasa\/wp-content\/uploads\/usu903\/2020\/04\/TOT-ANIR\u00c0-B\u00c9_5\u00e8-300x300.jpg 300w, https:\/\/agora.xtec.cat\/ceip-simeo-rabasa\/wp-content\/uploads\/usu903\/2020\/04\/TOT-ANIR\u00c0-B\u00c9_5\u00e8-768x768.jpg 768w, https:\/\/agora.xtec.cat\/ceip-simeo-rabasa\/wp-content\/uploads\/usu903\/2020\/04\/TOT-ANIR\u00c0-B\u00c9_5\u00e8.jpg 1599w\" sizes=\"auto, (max-width: 724px) 100vw, 724px\" \/><\/a><\/p>\n<p>&nbsp;<\/p>\n<p style=\"text-align: center;\"><strong>NENS I NENES DE P3: TOT ANIR\u00c0 B\u00c9!<\/strong><\/p>\n<p><a href=\"https:\/\/agora.xtec.cat\/ceip-simeo-rabasa\/wp-content\/uploads\/usu903\/2020\/04\/LEX-P3-e1585733381412.jpeg\"><img loading=\"lazy\" decoding=\"async\" class=\"wp-image-3295 aligncenter\" src=\"https:\/\/agora.xtec.cat\/ceip-simeo-rabasa\/wp-content\/uploads\/usu903\/2020\/04\/LEX-P3-e1585733381412-150x150.jpeg\" alt=\"\" width=\"500\" height=\"577\" srcset=\"https:\/\/agora.xtec.cat\/ceip-simeo-rabasa\/wp-content\/uploads\/usu903\/2020\/04\/LEX-P3-e1585733381412-260x300.jpeg 260w, https:\/\/agora.xtec.cat\/ceip-simeo-rabasa\/wp-content\/uploads\/usu903\/2020\/04\/LEX-P3-e1585733381412.jpeg 336w\" sizes=\"auto, (max-width: 500px) 100vw, 500px\" \/><\/a><\/p>\n<p>&nbsp;<\/p>\n<p><a href=\"https:\/\/agora.xtec.cat\/ceip-simeo-rabasa\/wp-content\/uploads\/usu903\/2020\/03\/Mare-Eva-P\u00e9rez.jpg\"><img loading=\"lazy\" decoding=\"async\" class=\"aligncenter wp-image-3266\" src=\"https:\/\/agora.xtec.cat\/ceip-simeo-rabasa\/wp-content\/uploads\/usu903\/2020\/03\/Mare-Eva-P\u00e9rez-961x1024.jpg\" alt=\"\" width=\"500\" height=\"533\" srcset=\"https:\/\/agora.xtec.cat\/ceip-simeo-rabasa\/wp-content\/uploads\/usu903\/2020\/03\/Mare-Eva-P\u00e9rez-961x1024.jpg 961w, https:\/\/agora.xtec.cat\/ceip-simeo-rabasa\/wp-content\/uploads\/usu903\/2020\/03\/Mare-Eva-P\u00e9rez-282x300.jpg 282w, https:\/\/agora.xtec.cat\/ceip-simeo-rabasa\/wp-content\/uploads\/usu903\/2020\/03\/Mare-Eva-P\u00e9rez-768x818.jpg 768w\" sizes=\"auto, (max-width: 500px) 100vw, 500px\" \/><\/a><\/p>\n<p><a href=\"https:\/\/agora.xtec.cat\/ceip-simeo-rabasa\/wp-content\/uploads\/usu903\/2020\/03\/YAGO-P3.jpg\"><img loading=\"lazy\" decoding=\"async\" class=\"wp-image-3259 aligncenter\" src=\"https:\/\/agora.xtec.cat\/ceip-simeo-rabasa\/wp-content\/uploads\/usu903\/2020\/03\/YAGO-P3-775x1024.jpg\" alt=\"\" width=\"500\" height=\"661\" srcset=\"https:\/\/agora.xtec.cat\/ceip-simeo-rabasa\/wp-content\/uploads\/usu903\/2020\/03\/YAGO-P3-775x1024.jpg 775w, https:\/\/agora.xtec.cat\/ceip-simeo-rabasa\/wp-content\/uploads\/usu903\/2020\/03\/YAGO-P3-227x300.jpg 227w, https:\/\/agora.xtec.cat\/ceip-simeo-rabasa\/wp-content\/uploads\/usu903\/2020\/03\/YAGO-P3-768x1015.jpg 768w, https:\/\/agora.xtec.cat\/ceip-simeo-rabasa\/wp-content\/uploads\/usu903\/2020\/03\/YAGO-P3.jpg 1423w\" sizes=\"auto, (max-width: 500px) 100vw, 500px\" \/><\/a><\/p>\n<p>&nbsp;<\/p>\n<p><a href=\"https:\/\/agora.xtec.cat\/ceip-simeo-rabasa\/wp-content\/uploads\/usu903\/2020\/03\/unnamed.jpg\"><img loading=\"lazy\" decoding=\"async\" class=\"aligncenter wp-image-3251\" src=\"https:\/\/agora.xtec.cat\/ceip-simeo-rabasa\/wp-content\/uploads\/usu903\/2020\/03\/unnamed-768x1024.jpg\" alt=\"\" width=\"500\" height=\"667\" srcset=\"https:\/\/agora.xtec.cat\/ceip-simeo-rabasa\/wp-content\/uploads\/usu903\/2020\/03\/unnamed-768x1024.jpg 768w, https:\/\/agora.xtec.cat\/ceip-simeo-rabasa\/wp-content\/uploads\/usu903\/2020\/03\/unnamed-225x300.jpg 225w, https:\/\/agora.xtec.cat\/ceip-simeo-rabasa\/wp-content\/uploads\/usu903\/2020\/03\/unnamed.jpg 1512w\" sizes=\"auto, (max-width: 500px) 100vw, 500px\" \/><\/a><\/p>\n<p><a href=\"https:\/\/agora.xtec.cat\/ceip-simeo-rabasa\/wp-content\/uploads\/usu903\/2020\/03\/20200327_162320.jpg\"><img loading=\"lazy\" decoding=\"async\" class=\"wp-image-3248 aligncenter\" src=\"https:\/\/agora.xtec.cat\/ceip-simeo-rabasa\/wp-content\/uploads\/usu903\/2020\/03\/20200327_162320-300x286.jpg\" alt=\"\" width=\"500\" height=\"476\" srcset=\"https:\/\/agora.xtec.cat\/ceip-simeo-rabasa\/wp-content\/uploads\/usu903\/2020\/03\/20200327_162320-300x286.jpg 300w, https:\/\/agora.xtec.cat\/ceip-simeo-rabasa\/wp-content\/uploads\/usu903\/2020\/03\/20200327_162320-768x731.jpg 768w, https:\/\/agora.xtec.cat\/ceip-simeo-rabasa\/wp-content\/uploads\/usu903\/2020\/03\/20200327_162320-1024x975.jpg 1024w\" sizes=\"auto, (max-width: 500px) 100vw, 500px\" \/><\/a><\/p>\n<p>&nbsp;<\/p>\n<p><a href=\"https:\/\/agora.xtec.cat\/ceip-simeo-rabasa\/wp-content\/uploads\/usu903\/2020\/03\/TOT-ANIR\u00c0-B\u00c9-P3-1.jpg\"><img loading=\"lazy\" decoding=\"async\" class=\"wp-image-3244 aligncenter\" src=\"https:\/\/agora.xtec.cat\/ceip-simeo-rabasa\/wp-content\/uploads\/usu903\/2020\/03\/TOT-ANIR\u00c0-B\u00c9-P3-1-806x1024.jpg\" alt=\"\" width=\"500\" height=\"635\" srcset=\"https:\/\/agora.xtec.cat\/ceip-simeo-rabasa\/wp-content\/uploads\/usu903\/2020\/03\/TOT-ANIR\u00c0-B\u00c9-P3-1-806x1024.jpg 806w, https:\/\/agora.xtec.cat\/ceip-simeo-rabasa\/wp-content\/uploads\/usu903\/2020\/03\/TOT-ANIR\u00c0-B\u00c9-P3-1-236x300.jpg 236w, https:\/\/agora.xtec.cat\/ceip-simeo-rabasa\/wp-content\/uploads\/usu903\/2020\/03\/TOT-ANIR\u00c0-B\u00c9-P3-1-768x976.jpg 768w\" sizes=\"auto, (max-width: 500px) 100vw, 500px\" \/><\/a><\/p>\n<p>&nbsp;<\/p>\n<p style=\"text-align: center;\"><a href=\"https:\/\/agora.xtec.cat\/ceip-simeo-rabasa\/wp-content\/uploads\/usu903\/2020\/03\/TOT-ANIR\u00c0-B\u00c9-P3-e1585314033541.jpg\"><img loading=\"lazy\" decoding=\"async\" class=\"size-large wp-image-3246 aligncenter\" src=\"https:\/\/agora.xtec.cat\/ceip-simeo-rabasa\/wp-content\/uploads\/usu903\/2020\/03\/TOT-ANIR\u00c0-B\u00c9-P3-e1585314033541-472x1024.jpg\" alt=\"\" width=\"472\" height=\"1024\" srcset=\"https:\/\/agora.xtec.cat\/ceip-simeo-rabasa\/wp-content\/uploads\/usu903\/2020\/03\/TOT-ANIR\u00c0-B\u00c9-P3-e1585314033541-472x1024.jpg 472w, https:\/\/agora.xtec.cat\/ceip-simeo-rabasa\/wp-content\/uploads\/usu903\/2020\/03\/TOT-ANIR\u00c0-B\u00c9-P3-e1585314033541-138x300.jpg 138w, https:\/\/agora.xtec.cat\/ceip-simeo-rabasa\/wp-content\/uploads\/usu903\/2020\/03\/TOT-ANIR\u00c0-B\u00c9-P3-e1585314033541-768x1665.jpg 768w, https:\/\/agora.xtec.cat\/ceip-simeo-rabasa\/wp-content\/uploads\/usu903\/2020\/03\/TOT-ANIR\u00c0-B\u00c9-P3-e1585314033541.jpg 1860w\" sizes=\"auto, (max-width: 472px) 100vw, 472px\" \/><\/a><\/p>\n<p>&nbsp;<\/p>\n<p>&nbsp;<\/p>\n<p><a href=\"https:\/\/agora.xtec.cat\/ceip-simeo-rabasa\/wp-content\/uploads\/usu903\/2020\/03\/TOT-ANIRA\u0300-BE\u0301-P4-TAURONS.jpg\"><img loading=\"lazy\" decoding=\"async\" class=\"size-large wp-image-3235 aligncenter\" src=\"https:\/\/agora.xtec.cat\/ceip-simeo-rabasa\/wp-content\/uploads\/usu903\/2020\/03\/TOT-ANIRA\u0300-BE\u0301-P4-TAURONS-724x1024.jpg\" alt=\"\" width=\"724\" height=\"1024\" srcset=\"https:\/\/agora.xtec.cat\/ceip-simeo-rabasa\/wp-content\/uploads\/usu903\/2020\/03\/TOT-ANIRA\u0300-BE\u0301-P4-TAURONS-724x1024.jpg 724w, https:\/\/agora.xtec.cat\/ceip-simeo-rabasa\/wp-content\/uploads\/usu903\/2020\/03\/TOT-ANIRA\u0300-BE\u0301-P4-TAURONS-212x300.jpg 212w, https:\/\/agora.xtec.cat\/ceip-simeo-rabasa\/wp-content\/uploads\/usu903\/2020\/03\/TOT-ANIRA\u0300-BE\u0301-P4-TAURONS-768x1086.jpg 768w, https:\/\/agora.xtec.cat\/ceip-simeo-rabasa\/wp-content\/uploads\/usu903\/2020\/03\/TOT-ANIRA\u0300-BE\u0301-P4-TAURONS.jpg 1587w\" sizes=\"auto, (max-width: 724px) 100vw, 724px\" \/><\/a><\/p>\n<p>&nbsp;<\/p>\n<p>Un dels murals de la nostra escola tamb\u00e9 ens serveix molt aquests dies!! El va dissenyar l&#8217;Ian, un exalumne de l&#8217;escola que quan feia 6\u00e8 a l&#8217;escola el va dibuixar i vam poder fer el gran mural del carrer de l&#8217;escola.<\/p>\n<p>&nbsp;<\/p>\n<p><a href=\"https:\/\/agora.xtec.cat\/ceip-simeo-rabasa\/wp-content\/uploads\/usu903\/2016\/02\/IMG_6166.jpg\"><img loading=\"lazy\" decoding=\"async\" class=\"size-large wp-image-1272 aligncenter\" src=\"https:\/\/agora.xtec.cat\/ceip-simeo-rabasa\/wp-content\/uploads\/usu903\/2016\/02\/IMG_6166-1024x277.jpg\" alt=\"\" width=\"1024\" height=\"277\" srcset=\"https:\/\/agora.xtec.cat\/ceip-simeo-rabasa\/wp-content\/uploads\/usu903\/2016\/02\/IMG_6166-1024x277.jpg 1024w, https:\/\/agora.xtec.cat\/ceip-simeo-rabasa\/wp-content\/uploads\/usu903\/2016\/02\/IMG_6166-300x81.jpg 300w, https:\/\/agora.xtec.cat\/ceip-simeo-rabasa\/wp-content\/uploads\/usu903\/2016\/02\/IMG_6166-768x208.jpg 768w, https:\/\/agora.xtec.cat\/ceip-simeo-rabasa\/wp-content\/uploads\/usu903\/2016\/02\/IMG_6166.jpg 1590w\" sizes=\"auto, (max-width: 1024px) 100vw, 1024px\" \/><\/a><a href=\"https:\/\/agora.xtec.cat\/ceip-simeo-rabasa\/wp-content\/uploads\/usu903\/2020\/03\/811582b0-33ec-4076-8c36-1f2032659728.jpg\"><img loading=\"lazy\" decoding=\"async\" class=\"size-full wp-image-3236 aligncenter\" src=\"https:\/\/agora.xtec.cat\/ceip-simeo-rabasa\/wp-content\/uploads\/usu903\/2020\/03\/811582b0-33ec-4076-8c36-1f2032659728.jpg\" alt=\"\" width=\"1003\" height=\"653\" srcset=\"https:\/\/agora.xtec.cat\/ceip-simeo-rabasa\/wp-content\/uploads\/usu903\/2020\/03\/811582b0-33ec-4076-8c36-1f2032659728.jpg 1003w, https:\/\/agora.xtec.cat\/ceip-simeo-rabasa\/wp-content\/uploads\/usu903\/2020\/03\/811582b0-33ec-4076-8c36-1f2032659728-300x195.jpg 300w, https:\/\/agora.xtec.cat\/ceip-simeo-rabasa\/wp-content\/uploads\/usu903\/2020\/03\/811582b0-33ec-4076-8c36-1f2032659728-768x500.jpg 768w\" sizes=\"auto, (max-width: 1003px) 100vw, 1003px\" \/><\/a><\/p>\n","protected":false},"excerpt":{"rendered":"<p>Iniciem aquest article amb el collage que ens ha fet arribar les fam\u00edlies de la classe de 4 anys ELS TAURONS.Si hi ha m\u00e9s classes o alumnes que vulguin compartir amb nosaltres els seus dibuixos els envieu<\/p>\n","protected":false},"author":1,"featured_media":3236,"comment_status":"open","ping_status":"closed","sticky":false,"template":"","format":"standard","meta":{"_bbp_topic_count":0,"_bbp_reply_count":0,"_bbp_total_topic_count":0,"_bbp_total_reply_count":0,"_bbp_voice_count":0,"_bbp_anonymous_reply_count":0,"_bbp_topic_count_hidden":0,"_bbp_reply_count_hidden":0,"_bbp_forum_subforum_count":0,"site-sidebar-layout":"default","site-content-layout":"","ast-site-content-layout":"","site-content-style":"default","site-sidebar-style":"default","ast-global-header-display":"","ast-banner-title-visibility":"","ast-main-header-display":"","ast-hfb-above-header-display":"","ast-hfb-below-header-display":"","ast-hfb-mobile-header-display":"","site-post-title":"","ast-breadcrumbs-content":"","ast-featured-img":"","footer-sml-layout":"","theme-transparent-header-meta":"","adv-header-id-meta":"","stick-header-meta":"","header-above-stick-meta":"","header-main-stick-meta":"","header-below-stick-meta":"","astra-migrate-meta-layouts":"default","ast-page-background-enabled":"default","ast-page-background-meta":{"desktop":{"background-color":"var(--ast-global-color-4)","background-image":"","background-repeat":"repeat","background-position":"center center","background-size":"auto","background-attachment":"scroll","background-type":"","background-media":"","overlay-type":"","overlay-color":"","overlay-opacity":"","overlay-gradient":""},"tablet":{"background-color":"","background-image":"","background-repeat":"repeat","background-position":"center center","background-size":"auto","background-attachment":"scroll","background-type":"","background-media":"","overlay-type":"","overlay-color":"","overlay-opacity":"","overlay-gradient":""},"mobile":{"background-color":"","background-image":"","background-repeat":"repeat","background-position":"center center","background-size":"auto","background-attachment":"scroll","background-type":"","background-media":"","overlay-type":"","overlay-color":"","overlay-opacity":"","overlay-gradient":""}},"ast-content-background-meta":{"desktop":{"background-color":"var(--ast-global-color-5)","background-image":"","background-repeat":"repeat","background-position":"center center","background-size":"auto","background-attachment":"scroll","background-type":"","background-media":"","overlay-type":"","overlay-color":"","overlay-opacity":"","overlay-gradient":""},"tablet":{"background-color":"var(--ast-global-color-5)","background-image":"","background-repeat":"repeat","background-position":"center center","background-size":"auto","background-attachment":"scroll","background-type":"","background-media":"","overlay-type":"","overlay-color":"","overlay-opacity":"","overlay-gradient":""},"mobile":{"background-color":"var(--ast-global-color-5)","background-image":"","background-repeat":"repeat","background-position":"center center","background-size":"auto","background-attachment":"scroll","background-type":"","background-media":"","overlay-type":"","overlay-color":"","overlay-opacity":"","overlay-gradient":""}},"footnotes":""},"categories":[80,1,4],"tags":[],"class_list":["post-3234","post","type-post","status-publish","format-standard","has-post-thumbnail","hentry","category-comunicats","category-general","category-portada"],"post_mailing_queue_ids":[],"_links":{"self":[{"href":"https:\/\/agora.xtec.cat\/ceip-simeo-rabasa\/wp-json\/wp\/v2\/posts\/3234","targetHints":{"allow":["GET"]}}],"collection":[{"href":"https:\/\/agora.xtec.cat\/ceip-simeo-rabasa\/wp-json\/wp\/v2\/posts"}],"about":[{"href":"https:\/\/agora.xtec.cat\/ceip-simeo-rabasa\/wp-json\/wp\/v2\/types\/post"}],"author":[{"embeddable":true,"href":"https:\/\/agora.xtec.cat\/ceip-simeo-rabasa\/wp-json\/wp\/v2\/users\/1"}],"replies":[{"embeddable":true,"href":"https:\/\/agora.xtec.cat\/ceip-simeo-rabasa\/wp-json\/wp\/v2\/comments?post=3234"}],"version-history":[{"count":4,"href":"https:\/\/agora.xtec.cat\/ceip-simeo-rabasa\/wp-json\/wp\/v2\/posts\/3234\/revisions"}],"predecessor-version":[{"id":3460,"href":"https:\/\/agora.xtec.cat\/ceip-simeo-rabasa\/wp-json\/wp\/v2\/posts\/3234\/revisions\/3460"}],"wp:featuredmedia":[{"embeddable":true,"href":"https:\/\/agora.xtec.cat\/ceip-simeo-rabasa\/wp-json\/wp\/v2\/media\/3236"}],"wp:attachment":[{"href":"https:\/\/agora.xtec.cat\/ceip-simeo-rabasa\/wp-json\/wp\/v2\/media?parent=3234"}],"wp:term":[{"taxonomy":"category","embeddable":true,"href":"https:\/\/agora.xtec.cat\/ceip-simeo-rabasa\/wp-json\/wp\/v2\/categories?post=3234"},{"taxonomy":"post_tag","embeddable":true,"href":"https:\/\/agora.xtec.cat\/ceip-simeo-rabasa\/wp-json\/wp\/v2\/tags?post=3234"}],"curies":[{"name":"wp","href":"https:\/\/api.w.org\/{rel}","templated":true}]}}