{"id":2887,"date":"2019-12-07T18:23:49","date_gmt":"2019-12-07T17:23:49","guid":{"rendered":"http:\/\/agora.xtec.cat\/ceip-simeo-rabasa\/?p=2887"},"modified":"2019-12-18T10:30:07","modified_gmt":"2019-12-18T09:30:07","slug":"ens-hem-fet-fotografies-amb-un-dron","status":"publish","type":"post","link":"https:\/\/agora.xtec.cat\/ceip-simeo-rabasa\/general\/ens-hem-fet-fotografies-amb-un-dron\/","title":{"rendered":"ENS HEM FET FOTOGRAFIES AMB UN DRON!!!"},"content":{"rendered":"<!--[if lt IE 9]><script>document.createElement('audio');<\/script><![endif]-->\n<audio class=\"wp-audio-shortcode\" id=\"audio-2887-1\" preload=\"none\" style=\"width: 100%;\" controls=\"controls\"><source type=\"audio\/mpeg\" src=\"https:\/\/agora.xtec.cat\/ceip-simeo-rabasa\/wp-content\/uploads\/usu903\/2019\/12\/01-Llum-de-la-Vida.mp3?_=1\" \/><a href=\"https:\/\/agora.xtec.cat\/ceip-simeo-rabasa\/wp-content\/uploads\/usu903\/2019\/12\/01-Llum-de-la-Vida.mp3\">https:\/\/agora.xtec.cat\/ceip-simeo-rabasa\/wp-content\/uploads\/usu903\/2019\/12\/01-Llum-de-la-Vida.mp3<\/a><\/audio>\n<h5>El passat 11 de novembre vam tenir la sort que l&#8217;Aran Flores, ex-alumne de l&#8217;escola,\u00a0 junt amb el seu pare el Joan Marc, vinguessin a fer-nos unes fotografies amb un DRON.<\/h5>\n<h5>Tots els infants de l&#8217;escola es van col\u00b7locar estirats a la pista fent com si fos un gran castell hum\u00e0; vam fer una gran PINYA. El i les mestres ens vam animar i tamb\u00e9 ens va fer gr\u00e0cia posar-nos-hi.<\/h5>\n<h5>Us deixem una petita mostra de les fotografies i l&#8217;enlla\u00e7 a dos petits v\u00eddeos on es pot observar unes imatges espectaculars i l&#8217;alegria i emoci\u00f3 dels infants de l&#8217;escola.<\/h5>\n<p><a href=\"https:\/\/agora.xtec.cat\/ceip-simeo-rabasa\/wp-content\/uploads\/usu903\/2019\/12\/DJI_0002-reduida.jpg\"><img loading=\"lazy\" decoding=\"async\" class=\"size-large wp-image-2881\" src=\"https:\/\/agora.xtec.cat\/ceip-simeo-rabasa\/wp-content\/uploads\/usu903\/2019\/12\/DJI_0002-reduida-1024x576.jpg\" alt=\"\" width=\"1024\" height=\"576\" srcset=\"https:\/\/agora.xtec.cat\/ceip-simeo-rabasa\/wp-content\/uploads\/usu903\/2019\/12\/DJI_0002-reduida-1024x576.jpg 1024w, https:\/\/agora.xtec.cat\/ceip-simeo-rabasa\/wp-content\/uploads\/usu903\/2019\/12\/DJI_0002-reduida-300x169.jpg 300w, https:\/\/agora.xtec.cat\/ceip-simeo-rabasa\/wp-content\/uploads\/usu903\/2019\/12\/DJI_0002-reduida-768x432.jpg 768w\" sizes=\"auto, (max-width: 1024px) 100vw, 1024px\" \/><\/a><\/p>\n<p><a href=\"https:\/\/agora.xtec.cat\/ceip-simeo-rabasa\/wp-content\/uploads\/usu903\/2019\/12\/fem-pinya-dron-2.jpg\"><img loading=\"lazy\" decoding=\"async\" class=\"alignnone size-large wp-image-2882\" src=\"https:\/\/agora.xtec.cat\/ceip-simeo-rabasa\/wp-content\/uploads\/usu903\/2019\/12\/fem-pinya-dron-2-1024x668.jpg\" alt=\"\" width=\"1024\" height=\"668\" srcset=\"https:\/\/agora.xtec.cat\/ceip-simeo-rabasa\/wp-content\/uploads\/usu903\/2019\/12\/fem-pinya-dron-2-1024x668.jpg 1024w, https:\/\/agora.xtec.cat\/ceip-simeo-rabasa\/wp-content\/uploads\/usu903\/2019\/12\/fem-pinya-dron-2-300x196.jpg 300w, https:\/\/agora.xtec.cat\/ceip-simeo-rabasa\/wp-content\/uploads\/usu903\/2019\/12\/fem-pinya-dron-2-768x501.jpg 768w, https:\/\/agora.xtec.cat\/ceip-simeo-rabasa\/wp-content\/uploads\/usu903\/2019\/12\/fem-pinya-dron-2.jpg 1531w\" sizes=\"auto, (max-width: 1024px) 100vw, 1024px\" \/><\/a><\/p>\n<p><a href=\"https:\/\/agora.xtec.cat\/ceip-simeo-rabasa\/wp-content\/uploads\/usu903\/2019\/12\/foto-fem-pinya-aprop-dron.jpg\"><img loading=\"lazy\" decoding=\"async\" class=\"alignnone size-large wp-image-2883\" src=\"https:\/\/agora.xtec.cat\/ceip-simeo-rabasa\/wp-content\/uploads\/usu903\/2019\/12\/foto-fem-pinya-aprop-dron-1024x573.jpg\" alt=\"\" width=\"1024\" height=\"573\" srcset=\"https:\/\/agora.xtec.cat\/ceip-simeo-rabasa\/wp-content\/uploads\/usu903\/2019\/12\/foto-fem-pinya-aprop-dron-1024x573.jpg 1024w, https:\/\/agora.xtec.cat\/ceip-simeo-rabasa\/wp-content\/uploads\/usu903\/2019\/12\/foto-fem-pinya-aprop-dron-300x168.jpg 300w, https:\/\/agora.xtec.cat\/ceip-simeo-rabasa\/wp-content\/uploads\/usu903\/2019\/12\/foto-fem-pinya-aprop-dron-768x430.jpg 768w, https:\/\/agora.xtec.cat\/ceip-simeo-rabasa\/wp-content\/uploads\/usu903\/2019\/12\/foto-fem-pinya-aprop-dron.jpg 1802w\" sizes=\"auto, (max-width: 1024px) 100vw, 1024px\" \/><\/a><\/p>\n<p><a href=\"https:\/\/agora.xtec.cat\/ceip-simeo-rabasa\/wp-content\/uploads\/usu903\/2019\/12\/foto-fem-pinya-dron-3.jpg\"><img loading=\"lazy\" decoding=\"async\" class=\"alignnone size-large wp-image-2884\" src=\"https:\/\/agora.xtec.cat\/ceip-simeo-rabasa\/wp-content\/uploads\/usu903\/2019\/12\/foto-fem-pinya-dron-3-1024x692.jpg\" alt=\"\" width=\"1024\" height=\"692\" srcset=\"https:\/\/agora.xtec.cat\/ceip-simeo-rabasa\/wp-content\/uploads\/usu903\/2019\/12\/foto-fem-pinya-dron-3-1024x692.jpg 1024w, https:\/\/agora.xtec.cat\/ceip-simeo-rabasa\/wp-content\/uploads\/usu903\/2019\/12\/foto-fem-pinya-dron-3-300x203.jpg 300w, https:\/\/agora.xtec.cat\/ceip-simeo-rabasa\/wp-content\/uploads\/usu903\/2019\/12\/foto-fem-pinya-dron-3-768x519.jpg 768w, https:\/\/agora.xtec.cat\/ceip-simeo-rabasa\/wp-content\/uploads\/usu903\/2019\/12\/foto-fem-pinya-dron-3.jpg 1446w\" sizes=\"auto, (max-width: 1024px) 100vw, 1024px\" \/><\/a><\/p>\n<p>Aquestes fotografies serviran per fer el calendari 2020 de l&#8217;AFA i farem una gran fotografia pel mural del projecte d&#8217;aquest curs FEM PINYA!<\/p>\n<p>&nbsp;<\/p>\n<p><a href=\"https:\/\/drive.google.com\/open?id=13tb4Re3D7IwWfGgIYDyYd0eCjBpo7hEM\">CLIQUEU AQUEST ENLLA\u00c7\u00a0 PER\u00a0 VEURE L&#8217;ESPECTACULAR V\u00cdDEO\u00a0 DEL DRON<\/a><\/p>\n<p><a href=\"https:\/\/drive.google.com\/open?id=1WQv0kQyAQURjJQcPqbh85rvAHdJvoi2D\">CLIQUEU EL SEGON ENLLA\u00c7 PER VEURE EL V\u00cdDEO DE L&#8217;ASCENS CAP EL CEL DEL DRON!!<\/a><\/p>\n<h3>Aran i Joan Marc, us volem agrair molt\u00edssim que h\u00e0giu vingut a fer-nos aquestes fotografies amb aquesta tecnologia puntera.<\/h3>\n<h3>Les imatges han quedat espectaculars!<\/h3>\n<h3>Moltes gr\u00e0cies de part de tota la comunitat educativa!!!<\/h3>\n","protected":false},"excerpt":{"rendered":"<p>El passat 11 de novembre vam tenir la sort que l&#8217;Aran Flores, ex-alumne de l&#8217;escola,\u00a0 junt amb el seu pare el Joan Marc, vinguessin a fer-nos unes fotografies amb un DRON. Tots els infants de l&#8217;escola es van col\u00b7locar estirats a la pista fent com si fos un gran castell hum\u00e0; vam fer una gran [&hellip;]<\/p>\n","protected":false},"author":1,"featured_media":2881,"comment_status":"open","ping_status":"closed","sticky":false,"template":"","format":"standard","meta":{"_bbp_topic_count":0,"_bbp_reply_count":0,"_bbp_total_topic_count":0,"_bbp_total_reply_count":0,"_bbp_voice_count":0,"_bbp_anonymous_reply_count":0,"_bbp_topic_count_hidden":0,"_bbp_reply_count_hidden":0,"_bbp_forum_subforum_count":0,"site-sidebar-layout":"default","site-content-layout":"","ast-site-content-layout":"","site-content-style":"default","site-sidebar-style":"default","ast-global-header-display":"","ast-banner-title-visibility":"","ast-main-header-display":"","ast-hfb-above-header-display":"","ast-hfb-below-header-display":"","ast-hfb-mobile-header-display":"","site-post-title":"","ast-breadcrumbs-content":"","ast-featured-img":"","footer-sml-layout":"","theme-transparent-header-meta":"","adv-header-id-meta":"","stick-header-meta":"","header-above-stick-meta":"","header-main-stick-meta":"","header-below-stick-meta":"","astra-migrate-meta-layouts":"default","ast-page-background-enabled":"default","ast-page-background-meta":{"desktop":{"background-color":"var(--ast-global-color-4)","background-image":"","background-repeat":"repeat","background-position":"center center","background-size":"auto","background-attachment":"scroll","background-type":"","background-media":"","overlay-type":"","overlay-color":"","overlay-opacity":"","overlay-gradient":""},"tablet":{"background-color":"","background-image":"","background-repeat":"repeat","background-position":"center center","background-size":"auto","background-attachment":"scroll","background-type":"","background-media":"","overlay-type":"","overlay-color":"","overlay-opacity":"","overlay-gradient":""},"mobile":{"background-color":"","background-image":"","background-repeat":"repeat","background-position":"center center","background-size":"auto","background-attachment":"scroll","background-type":"","background-media":"","overlay-type":"","overlay-color":"","overlay-opacity":"","overlay-gradient":""}},"ast-content-background-meta":{"desktop":{"background-color":"var(--ast-global-color-5)","background-image":"","background-repeat":"repeat","background-position":"center center","background-size":"auto","background-attachment":"scroll","background-type":"","background-media":"","overlay-type":"","overlay-color":"","overlay-opacity":"","overlay-gradient":""},"tablet":{"background-color":"var(--ast-global-color-5)","background-image":"","background-repeat":"repeat","background-position":"center center","background-size":"auto","background-attachment":"scroll","background-type":"","background-media":"","overlay-type":"","overlay-color":"","overlay-opacity":"","overlay-gradient":""},"mobile":{"background-color":"var(--ast-global-color-5)","background-image":"","background-repeat":"repeat","background-position":"center center","background-size":"auto","background-attachment":"scroll","background-type":"","background-media":"","overlay-type":"","overlay-color":"","overlay-opacity":"","overlay-gradient":""}},"footnotes":""},"categories":[1,4],"tags":[],"class_list":["post-2887","post","type-post","status-publish","format-standard","has-post-thumbnail","hentry","category-general","category-portada"],"post_mailing_queue_ids":[],"_links":{"self":[{"href":"https:\/\/agora.xtec.cat\/ceip-simeo-rabasa\/wp-json\/wp\/v2\/posts\/2887","targetHints":{"allow":["GET"]}}],"collection":[{"href":"https:\/\/agora.xtec.cat\/ceip-simeo-rabasa\/wp-json\/wp\/v2\/posts"}],"about":[{"href":"https:\/\/agora.xtec.cat\/ceip-simeo-rabasa\/wp-json\/wp\/v2\/types\/post"}],"author":[{"embeddable":true,"href":"https:\/\/agora.xtec.cat\/ceip-simeo-rabasa\/wp-json\/wp\/v2\/users\/1"}],"replies":[{"embeddable":true,"href":"https:\/\/agora.xtec.cat\/ceip-simeo-rabasa\/wp-json\/wp\/v2\/comments?post=2887"}],"version-history":[{"count":3,"href":"https:\/\/agora.xtec.cat\/ceip-simeo-rabasa\/wp-json\/wp\/v2\/posts\/2887\/revisions"}],"predecessor-version":[{"id":2920,"href":"https:\/\/agora.xtec.cat\/ceip-simeo-rabasa\/wp-json\/wp\/v2\/posts\/2887\/revisions\/2920"}],"wp:featuredmedia":[{"embeddable":true,"href":"https:\/\/agora.xtec.cat\/ceip-simeo-rabasa\/wp-json\/wp\/v2\/media\/2881"}],"wp:attachment":[{"href":"https:\/\/agora.xtec.cat\/ceip-simeo-rabasa\/wp-json\/wp\/v2\/media?parent=2887"}],"wp:term":[{"taxonomy":"category","embeddable":true,"href":"https:\/\/agora.xtec.cat\/ceip-simeo-rabasa\/wp-json\/wp\/v2\/categories?post=2887"},{"taxonomy":"post_tag","embeddable":true,"href":"https:\/\/agora.xtec.cat\/ceip-simeo-rabasa\/wp-json\/wp\/v2\/tags?post=2887"}],"curies":[{"name":"wp","href":"https:\/\/api.w.org\/{rel}","templated":true}]}}