{"id":2859,"date":"2019-12-03T20:09:30","date_gmt":"2019-12-03T19:09:30","guid":{"rendered":"http:\/\/agora.xtec.cat\/ceip-simeo-rabasa\/?p=2859"},"modified":"2019-12-07T17:27:22","modified_gmt":"2019-12-07T16:27:22","slug":"english-festival-2019","status":"publish","type":"post","link":"https:\/\/agora.xtec.cat\/ceip-simeo-rabasa\/general\/english-festival-2019\/","title":{"rendered":"ENGLISH FESTIVAL 2019"},"content":{"rendered":"<p>Avui 3 de desembre de 2019 s&#8217;ha realitzat el 12\u00e8 English Festival de la nostra zona amb la participaci\u00f3 dels infants de 6\u00e8 d&#8217;educaci\u00f3 prim\u00e0ria de les escoles de Martorelles, Sant Fost i Sta. Maria de Martorelles i l&#8217;alumnat de 1r d&#8217;ESO de l&#8217;institut Alba del Vall\u00e8s. Enguany les can\u00e7ons han tingut un nexe com\u00fa de caire ecologista i medioambiental.<\/p>\n<p>Per l&#8217;organitzaci\u00f3 del concert i l&#8217;esmorzar hem rebut l&#8217;ajuda i subvenci\u00f3 dels Ajuntaments dels tres municipis.<\/p>\n<p>\u00c9s una activitat molt ben valorada per a tothom, on s&#8217;assoleixen molts objectius competencials de llengua anglesa, de m\u00fasica i de compet\u00e8ncia social i ciutadana.<\/p>\n<p>Els nostres infants de 6\u00e8 han treballat de valent junt amb la seva mestra d&#8217;angl\u00e8s i han fet molt bona feina.<\/p>\n<p>MOLTES FELICITATS!!!<\/p>\n<p>Per veure l&#8217;actuaci\u00f3 dels nostres infants, CLIQUEU a sobre la imatge del r\u00e8tol del concert :<\/p>\n<p><a href=\"https:\/\/drive.google.com\/file\/d\/16IMPjajxHVZzMAOr0b2jgPpirMplPxiZ\/view?usp=sharing\"><img loading=\"lazy\" decoding=\"async\" class=\"wp-image-2860 size-large aligncenter\" src=\"https:\/\/agora.xtec.cat\/ceip-simeo-rabasa\/wp-content\/uploads\/usu903\/2019\/12\/IMG_2444-e1575399645998-768x1024.jpg\" alt=\"\" width=\"768\" height=\"1024\" srcset=\"https:\/\/agora.xtec.cat\/ceip-simeo-rabasa\/wp-content\/uploads\/usu903\/2019\/12\/IMG_2444-e1575399645998-768x1024.jpg 768w, https:\/\/agora.xtec.cat\/ceip-simeo-rabasa\/wp-content\/uploads\/usu903\/2019\/12\/IMG_2444-e1575399645998-225x300.jpg 225w, https:\/\/agora.xtec.cat\/ceip-simeo-rabasa\/wp-content\/uploads\/usu903\/2019\/12\/IMG_2444-e1575399645998.jpg 1512w\" sizes=\"auto, (max-width: 768px) 100vw, 768px\" \/><\/a><\/p>\n<p><a href=\"https:\/\/agora.xtec.cat\/ceip-simeo-rabasa\/wp-content\/uploads\/usu903\/2019\/12\/IMG_2473.jpg\"><img loading=\"lazy\" decoding=\"async\" class=\"aligncenter wp-image-2861 size-large\" src=\"https:\/\/agora.xtec.cat\/ceip-simeo-rabasa\/wp-content\/uploads\/usu903\/2019\/12\/IMG_2473-1024x768.jpg\" alt=\"\" width=\"1024\" height=\"768\" srcset=\"https:\/\/agora.xtec.cat\/ceip-simeo-rabasa\/wp-content\/uploads\/usu903\/2019\/12\/IMG_2473-1024x768.jpg 1024w, https:\/\/agora.xtec.cat\/ceip-simeo-rabasa\/wp-content\/uploads\/usu903\/2019\/12\/IMG_2473-300x225.jpg 300w, https:\/\/agora.xtec.cat\/ceip-simeo-rabasa\/wp-content\/uploads\/usu903\/2019\/12\/IMG_2473-768x576.jpg 768w, https:\/\/agora.xtec.cat\/ceip-simeo-rabasa\/wp-content\/uploads\/usu903\/2019\/12\/IMG_2473-200x150.jpg 200w, https:\/\/agora.xtec.cat\/ceip-simeo-rabasa\/wp-content\/uploads\/usu903\/2019\/12\/IMG_2473.jpg 2016w\" sizes=\"auto, (max-width: 1024px) 100vw, 1024px\" \/><\/a><\/p>\n<p><a href=\"https:\/\/agora.xtec.cat\/ceip-simeo-rabasa\/wp-content\/uploads\/usu903\/2019\/12\/IMG_2481.jpg\"><img loading=\"lazy\" decoding=\"async\" class=\"size-large wp-image-2862 aligncenter\" src=\"https:\/\/agora.xtec.cat\/ceip-simeo-rabasa\/wp-content\/uploads\/usu903\/2019\/12\/IMG_2481-1024x331.jpg\" alt=\"\" width=\"1024\" height=\"331\" srcset=\"https:\/\/agora.xtec.cat\/ceip-simeo-rabasa\/wp-content\/uploads\/usu903\/2019\/12\/IMG_2481-1024x331.jpg 1024w, https:\/\/agora.xtec.cat\/ceip-simeo-rabasa\/wp-content\/uploads\/usu903\/2019\/12\/IMG_2481-300x97.jpg 300w, https:\/\/agora.xtec.cat\/ceip-simeo-rabasa\/wp-content\/uploads\/usu903\/2019\/12\/IMG_2481-768x248.jpg 768w, https:\/\/agora.xtec.cat\/ceip-simeo-rabasa\/wp-content\/uploads\/usu903\/2019\/12\/IMG_2481.jpg 1568w\" sizes=\"auto, (max-width: 1024px) 100vw, 1024px\" \/><\/a><\/p>\n","protected":false},"excerpt":{"rendered":"<p>Avui 3 de desembre de 2019 s&#8217;ha realitzat el 12\u00e8 English Festival de la nostra zona amb la participaci\u00f3 dels infants de 6\u00e8 d&#8217;educaci\u00f3 prim\u00e0ria de les escoles de Martorelles, Sant Fost i Sta. Maria de Martorelles i l&#8217;alumnat de 1r d&#8217;ESO de l&#8217;intitut Alba del Vall\u00e8s.<\/p>\n","protected":false},"author":1,"featured_media":2861,"comment_status":"open","ping_status":"closed","sticky":false,"template":"","format":"standard","meta":{"_bbp_topic_count":0,"_bbp_reply_count":0,"_bbp_total_topic_count":0,"_bbp_total_reply_count":0,"_bbp_voice_count":0,"_bbp_anonymous_reply_count":0,"_bbp_topic_count_hidden":0,"_bbp_reply_count_hidden":0,"_bbp_forum_subforum_count":0,"site-sidebar-layout":"default","site-content-layout":"","ast-site-content-layout":"","site-content-style":"default","site-sidebar-style":"default","ast-global-header-display":"","ast-banner-title-visibility":"","ast-main-header-display":"","ast-hfb-above-header-display":"","ast-hfb-below-header-display":"","ast-hfb-mobile-header-display":"","site-post-title":"","ast-breadcrumbs-content":"","ast-featured-img":"","footer-sml-layout":"","theme-transparent-header-meta":"","adv-header-id-meta":"","stick-header-meta":"","header-above-stick-meta":"","header-main-stick-meta":"","header-below-stick-meta":"","astra-migrate-meta-layouts":"default","ast-page-background-enabled":"default","ast-page-background-meta":{"desktop":{"background-color":"var(--ast-global-color-4)","background-image":"","background-repeat":"repeat","background-position":"center center","background-size":"auto","background-attachment":"scroll","background-type":"","background-media":"","overlay-type":"","overlay-color":"","overlay-opacity":"","overlay-gradient":""},"tablet":{"background-color":"","background-image":"","background-repeat":"repeat","background-position":"center center","background-size":"auto","background-attachment":"scroll","background-type":"","background-media":"","overlay-type":"","overlay-color":"","overlay-opacity":"","overlay-gradient":""},"mobile":{"background-color":"","background-image":"","background-repeat":"repeat","background-position":"center center","background-size":"auto","background-attachment":"scroll","background-type":"","background-media":"","overlay-type":"","overlay-color":"","overlay-opacity":"","overlay-gradient":""}},"ast-content-background-meta":{"desktop":{"background-color":"var(--ast-global-color-5)","background-image":"","background-repeat":"repeat","background-position":"center center","background-size":"auto","background-attachment":"scroll","background-type":"","background-media":"","overlay-type":"","overlay-color":"","overlay-opacity":"","overlay-gradient":""},"tablet":{"background-color":"var(--ast-global-color-5)","background-image":"","background-repeat":"repeat","background-position":"center center","background-size":"auto","background-attachment":"scroll","background-type":"","background-media":"","overlay-type":"","overlay-color":"","overlay-opacity":"","overlay-gradient":""},"mobile":{"background-color":"var(--ast-global-color-5)","background-image":"","background-repeat":"repeat","background-position":"center center","background-size":"auto","background-attachment":"scroll","background-type":"","background-media":"","overlay-type":"","overlay-color":"","overlay-opacity":"","overlay-gradient":""}},"footnotes":""},"categories":[15,79,1,4],"tags":[],"class_list":["post-2859","post","type-post","status-publish","format-standard","has-post-thumbnail","hentry","category-6e","category-articles","category-general","category-portada"],"post_mailing_queue_ids":[],"_links":{"self":[{"href":"https:\/\/agora.xtec.cat\/ceip-simeo-rabasa\/wp-json\/wp\/v2\/posts\/2859","targetHints":{"allow":["GET"]}}],"collection":[{"href":"https:\/\/agora.xtec.cat\/ceip-simeo-rabasa\/wp-json\/wp\/v2\/posts"}],"about":[{"href":"https:\/\/agora.xtec.cat\/ceip-simeo-rabasa\/wp-json\/wp\/v2\/types\/post"}],"author":[{"embeddable":true,"href":"https:\/\/agora.xtec.cat\/ceip-simeo-rabasa\/wp-json\/wp\/v2\/users\/1"}],"replies":[{"embeddable":true,"href":"https:\/\/agora.xtec.cat\/ceip-simeo-rabasa\/wp-json\/wp\/v2\/comments?post=2859"}],"version-history":[{"count":3,"href":"https:\/\/agora.xtec.cat\/ceip-simeo-rabasa\/wp-json\/wp\/v2\/posts\/2859\/revisions"}],"predecessor-version":[{"id":2879,"href":"https:\/\/agora.xtec.cat\/ceip-simeo-rabasa\/wp-json\/wp\/v2\/posts\/2859\/revisions\/2879"}],"wp:featuredmedia":[{"embeddable":true,"href":"https:\/\/agora.xtec.cat\/ceip-simeo-rabasa\/wp-json\/wp\/v2\/media\/2861"}],"wp:attachment":[{"href":"https:\/\/agora.xtec.cat\/ceip-simeo-rabasa\/wp-json\/wp\/v2\/media?parent=2859"}],"wp:term":[{"taxonomy":"category","embeddable":true,"href":"https:\/\/agora.xtec.cat\/ceip-simeo-rabasa\/wp-json\/wp\/v2\/categories?post=2859"},{"taxonomy":"post_tag","embeddable":true,"href":"https:\/\/agora.xtec.cat\/ceip-simeo-rabasa\/wp-json\/wp\/v2\/tags?post=2859"}],"curies":[{"name":"wp","href":"https:\/\/api.w.org\/{rel}","templated":true}]}}