{"id":2836,"date":"2019-11-18T17:31:29","date_gmt":"2019-11-18T16:31:29","guid":{"rendered":"http:\/\/agora.xtec.cat\/ceip-simeo-rabasa\/?p=2836"},"modified":"2019-11-18T17:33:30","modified_gmt":"2019-11-18T16:33:30","slug":"reunio-dels-equips-energetics","status":"publish","type":"post","link":"https:\/\/agora.xtec.cat\/ceip-simeo-rabasa\/general\/reunio-dels-equips-energetics\/","title":{"rendered":"REUNI\u00d3 DELS EQUIPS ENERG\u00c8TICS"},"content":{"rendered":"<p>Avui hem fet la 1a reuni\u00f3 dels equips energ\u00e8tics de prim\u00e0ria. N&#8217;hi ha dos representants per curs i, a la reuni\u00f3, hem concretat les actuacions a fer per aconseguir m\u00e9s estalvi energ\u00e8tic.<\/p>\n<p>Algunes de les actuacions s\u00f3n: tancar les portes dels lavabos per estalviar electricitat i calefacci\u00f3, airejar les classes a l&#8217;hora del pati, tancar els radiadors quan no calgui escalfor (si es pot) i controlar el tancament de les llums i aparells tecnol\u00f2gics de les aules, entre d&#8217;altres.<\/p>\n<p>Els i les representants traspassaran la informaci\u00f3 a l&#8217;alumnat de les seves aules.<\/p>\n<p><a href=\"https:\/\/agora.xtec.cat\/ceip-simeo-rabasa\/wp-content\/uploads\/usu903\/2019\/11\/Equips_energ\u00e8tics.jpg\"><img loading=\"lazy\" decoding=\"async\" class=\"wp-image-2835 size-large aligncenter\" src=\"https:\/\/agora.xtec.cat\/ceip-simeo-rabasa\/wp-content\/uploads\/usu903\/2019\/11\/Equips_energ\u00e8tics-1024x688.jpg\" alt=\"\" width=\"1024\" height=\"688\" srcset=\"https:\/\/agora.xtec.cat\/ceip-simeo-rabasa\/wp-content\/uploads\/usu903\/2019\/11\/Equips_energ\u00e8tics-1024x688.jpg 1024w, https:\/\/agora.xtec.cat\/ceip-simeo-rabasa\/wp-content\/uploads\/usu903\/2019\/11\/Equips_energ\u00e8tics-300x202.jpg 300w, https:\/\/agora.xtec.cat\/ceip-simeo-rabasa\/wp-content\/uploads\/usu903\/2019\/11\/Equips_energ\u00e8tics-768x516.jpg 768w\" sizes=\"auto, (max-width: 1024px) 100vw, 1024px\" \/><\/a><\/p>\n","protected":false},"excerpt":{"rendered":"<p>Avui hem fet la 1a reuni\u00f3 dels equips energ\u00e8tics de prim\u00e0ria. N&#8217;hi ha dos representants per curs i avui hem concretat les actuacions a fer per aconseguir m\u00e9s estalvi energ\u00e8tic.<\/p>\n","protected":false},"author":1,"featured_media":2835,"comment_status":"open","ping_status":"closed","sticky":false,"template":"","format":"standard","meta":{"_bbp_topic_count":0,"_bbp_reply_count":0,"_bbp_total_topic_count":0,"_bbp_total_reply_count":0,"_bbp_voice_count":0,"_bbp_anonymous_reply_count":0,"_bbp_topic_count_hidden":0,"_bbp_reply_count_hidden":0,"_bbp_forum_subforum_count":0,"site-sidebar-layout":"default","site-content-layout":"","ast-site-content-layout":"","site-content-style":"default","site-sidebar-style":"default","ast-global-header-display":"","ast-banner-title-visibility":"","ast-main-header-display":"","ast-hfb-above-header-display":"","ast-hfb-below-header-display":"","ast-hfb-mobile-header-display":"","site-post-title":"","ast-breadcrumbs-content":"","ast-featured-img":"","footer-sml-layout":"","theme-transparent-header-meta":"","adv-header-id-meta":"","stick-header-meta":"","header-above-stick-meta":"","header-main-stick-meta":"","header-below-stick-meta":"","astra-migrate-meta-layouts":"default","ast-page-background-enabled":"default","ast-page-background-meta":{"desktop":{"background-color":"var(--ast-global-color-4)","background-image":"","background-repeat":"repeat","background-position":"center center","background-size":"auto","background-attachment":"scroll","background-type":"","background-media":"","overlay-type":"","overlay-color":"","overlay-opacity":"","overlay-gradient":""},"tablet":{"background-color":"","background-image":"","background-repeat":"repeat","background-position":"center center","background-size":"auto","background-attachment":"scroll","background-type":"","background-media":"","overlay-type":"","overlay-color":"","overlay-opacity":"","overlay-gradient":""},"mobile":{"background-color":"","background-image":"","background-repeat":"repeat","background-position":"center center","background-size":"auto","background-attachment":"scroll","background-type":"","background-media":"","overlay-type":"","overlay-color":"","overlay-opacity":"","overlay-gradient":""}},"ast-content-background-meta":{"desktop":{"background-color":"var(--ast-global-color-5)","background-image":"","background-repeat":"repeat","background-position":"center center","background-size":"auto","background-attachment":"scroll","background-type":"","background-media":"","overlay-type":"","overlay-color":"","overlay-opacity":"","overlay-gradient":""},"tablet":{"background-color":"var(--ast-global-color-5)","background-image":"","background-repeat":"repeat","background-position":"center center","background-size":"auto","background-attachment":"scroll","background-type":"","background-media":"","overlay-type":"","overlay-color":"","overlay-opacity":"","overlay-gradient":""},"mobile":{"background-color":"var(--ast-global-color-5)","background-image":"","background-repeat":"repeat","background-position":"center center","background-size":"auto","background-attachment":"scroll","background-type":"","background-media":"","overlay-type":"","overlay-color":"","overlay-opacity":"","overlay-gradient":""}},"footnotes":""},"categories":[1,4],"tags":[],"class_list":["post-2836","post","type-post","status-publish","format-standard","has-post-thumbnail","hentry","category-general","category-portada"],"post_mailing_queue_ids":[],"_links":{"self":[{"href":"https:\/\/agora.xtec.cat\/ceip-simeo-rabasa\/wp-json\/wp\/v2\/posts\/2836","targetHints":{"allow":["GET"]}}],"collection":[{"href":"https:\/\/agora.xtec.cat\/ceip-simeo-rabasa\/wp-json\/wp\/v2\/posts"}],"about":[{"href":"https:\/\/agora.xtec.cat\/ceip-simeo-rabasa\/wp-json\/wp\/v2\/types\/post"}],"author":[{"embeddable":true,"href":"https:\/\/agora.xtec.cat\/ceip-simeo-rabasa\/wp-json\/wp\/v2\/users\/1"}],"replies":[{"embeddable":true,"href":"https:\/\/agora.xtec.cat\/ceip-simeo-rabasa\/wp-json\/wp\/v2\/comments?post=2836"}],"version-history":[{"count":1,"href":"https:\/\/agora.xtec.cat\/ceip-simeo-rabasa\/wp-json\/wp\/v2\/posts\/2836\/revisions"}],"predecessor-version":[{"id":2837,"href":"https:\/\/agora.xtec.cat\/ceip-simeo-rabasa\/wp-json\/wp\/v2\/posts\/2836\/revisions\/2837"}],"wp:featuredmedia":[{"embeddable":true,"href":"https:\/\/agora.xtec.cat\/ceip-simeo-rabasa\/wp-json\/wp\/v2\/media\/2835"}],"wp:attachment":[{"href":"https:\/\/agora.xtec.cat\/ceip-simeo-rabasa\/wp-json\/wp\/v2\/media?parent=2836"}],"wp:term":[{"taxonomy":"category","embeddable":true,"href":"https:\/\/agora.xtec.cat\/ceip-simeo-rabasa\/wp-json\/wp\/v2\/categories?post=2836"},{"taxonomy":"post_tag","embeddable":true,"href":"https:\/\/agora.xtec.cat\/ceip-simeo-rabasa\/wp-json\/wp\/v2\/tags?post=2836"}],"curies":[{"name":"wp","href":"https:\/\/api.w.org\/{rel}","templated":true}]}}