{"id":2326,"date":"2019-03-04T19:10:11","date_gmt":"2019-03-04T18:10:11","guid":{"rendered":"http:\/\/agora.xtec.cat\/ceip-simeo-rabasa\/?p=2326"},"modified":"2019-03-04T19:22:29","modified_gmt":"2019-03-04T18:22:29","slug":"festa-de-carnaval-2019","status":"publish","type":"post","link":"https:\/\/agora.xtec.cat\/ceip-simeo-rabasa\/general\/festa-de-carnaval-2019\/","title":{"rendered":"FESTA DE CARNAVAL 2019"},"content":{"rendered":"<p>Al llarg de tota la setmana hem realitzat les divertides ordres que ens va deixar el Sr. Carnestoltes.<\/p>\n<p>El divendres 1 de mar\u00e7 per la tarda hem celebrat la <strong>FESTA GROSSA<\/strong> compartida entre tot la comunitat educativa: alumnat, mestres, fam\u00edlies, altres professionals que treballen a l&#8217;escola. Tots amb il\u00b7lusi\u00f3 i alegria ens hem trobat a la pista de l&#8217;escola on ens ha vingut a visitar el Sr. Carnestoltes de Martorelles. Amb nosaltres ha estat una estoneta ja que tamb\u00e9 havia de visitar l&#8217;altra escola del poble.<\/p>\n<p>Ha estat una festa gran on hem volgut fer un petit homenatge a les <strong>DANSES D&#8217;ARREU DEL M\u00d3N,<\/strong> per continuar manifestant que volem la <strong>PAU AL M\u00d3N<\/strong>.<\/p>\n<p>Ha hagut un gran treball i un gran ESFOR\u00c7 per part dels alumnes i les alumnes, mestres, fam\u00edlies&#8230; ja que entre tothom s&#8217;han fet les disfresses, gracies als tutor\/es i mestres d&#8217;educaci\u00f3 f\u00edsica i m\u00fasica els nens i nenes han apr\u00e8s les danses, la m\u00fasica s&#8217;ha escolat superb\u00e9 gr\u00e0cies al Carlos pare de l&#8217;escola d&#8217;un alumne de 5\u00e8.<\/p>\n<p>Ah! aquest anys tamb\u00e9 hem fet un petit ball mestres i fam\u00edlies de l&#8217;escola, un petit homenatge als nostres herois i hero\u00efnes que cada any ho fan superb\u00e9.<\/p>\n<p>Moltes gr\u00e0cies a totes les persones que han col\u00b7laborat i han participat en aquesta GRAN FESTA DE CARNAVAL 2019!!!<\/p>\n<p>Senyor Carnestoltes la setmana vinent et veurem a la RUA DE MARTORELLES!!! Les fam\u00edlies de l&#8217;escola estan preparant una comparsa ben bonica relacionada amb un projecte de l&#8217;escola. Creiem que tindran molt d&#8217;\u00e8xit!!!<\/p>\n<p>Un posem el link del v\u00eddeo resum de la FESTA DE CARNAVAL 2019<\/p>\n<figure id=\"attachment_2329\" aria-describedby=\"caption-attachment-2329\" style=\"width: 1024px\" class=\"wp-caption alignnone\"><a href=\"https:\/\/drive.google.com\/file\/d\/1UBSaxT6zaoc5_uX1X-zkNbIAI7Fg09H8\/view?usp=sharing\"><img loading=\"lazy\" decoding=\"async\" class=\"wp-image-2329 size-large\" src=\"https:\/\/agora.xtec.cat\/ceip-simeo-rabasa\/wp-content\/uploads\/usu903\/2019\/03\/Carnestoltes-1024x768.jpg\" alt=\"\" width=\"1024\" height=\"768\" srcset=\"https:\/\/agora.xtec.cat\/ceip-simeo-rabasa\/wp-content\/uploads\/usu903\/2019\/03\/Carnestoltes-1024x768.jpg 1024w, https:\/\/agora.xtec.cat\/ceip-simeo-rabasa\/wp-content\/uploads\/usu903\/2019\/03\/Carnestoltes-300x225.jpg 300w, https:\/\/agora.xtec.cat\/ceip-simeo-rabasa\/wp-content\/uploads\/usu903\/2019\/03\/Carnestoltes-768x576.jpg 768w, https:\/\/agora.xtec.cat\/ceip-simeo-rabasa\/wp-content\/uploads\/usu903\/2019\/03\/Carnestoltes-200x150.jpg 200w\" sizes=\"auto, (max-width: 1024px) 100vw, 1024px\" \/><\/a><figcaption id=\"caption-attachment-2329\" class=\"wp-caption-text\">V\u00cdDEO CARNAVAL 2019<\/figcaption><\/figure>\n<p>&nbsp;<\/p>\n<p>En aquest link podreu veure totes les fotografies de la\u00a0 magn\u00edfica <a href=\"https:\/\/photos.app.goo.gl\/Dkrrhvm9w1nFR1Sg9\">FESTA DE DE CARNAVAL 2019 !!!<\/a><\/p>\n<p>&nbsp;<\/p>\n","protected":false},"excerpt":{"rendered":"<p>Al llarg de tota la setmana hem realitzat les divertides ordres que ens va deixar el Sr. Carnestoltes. El divendres 1 de mar\u00e7 per la tarda hem celebrat la FESTA GROSSA compartida entre tot la comunitat educativa: alumnat, mestres, fam\u00edlies, altres professionals que treballen a l&#8217;escola. Tots amb il\u00b7lusi\u00f3 i alegria ens hem trobat a [&hellip;]<\/p>\n","protected":false},"author":1,"featured_media":2328,"comment_status":"open","ping_status":"closed","sticky":false,"template":"","format":"standard","meta":{"_bbp_topic_count":0,"_bbp_reply_count":0,"_bbp_total_topic_count":0,"_bbp_total_reply_count":0,"_bbp_voice_count":0,"_bbp_anonymous_reply_count":0,"_bbp_topic_count_hidden":0,"_bbp_reply_count_hidden":0,"_bbp_forum_subforum_count":0,"site-sidebar-layout":"default","site-content-layout":"","ast-site-content-layout":"","site-content-style":"default","site-sidebar-style":"default","ast-global-header-display":"","ast-banner-title-visibility":"","ast-main-header-display":"","ast-hfb-above-header-display":"","ast-hfb-below-header-display":"","ast-hfb-mobile-header-display":"","site-post-title":"","ast-breadcrumbs-content":"","ast-featured-img":"","footer-sml-layout":"","theme-transparent-header-meta":"","adv-header-id-meta":"","stick-header-meta":"","header-above-stick-meta":"","header-main-stick-meta":"","header-below-stick-meta":"","astra-migrate-meta-layouts":"default","ast-page-background-enabled":"default","ast-page-background-meta":{"desktop":{"background-color":"var(--ast-global-color-4)","background-image":"","background-repeat":"repeat","background-position":"center center","background-size":"auto","background-attachment":"scroll","background-type":"","background-media":"","overlay-type":"","overlay-color":"","overlay-opacity":"","overlay-gradient":""},"tablet":{"background-color":"","background-image":"","background-repeat":"repeat","background-position":"center center","background-size":"auto","background-attachment":"scroll","background-type":"","background-media":"","overlay-type":"","overlay-color":"","overlay-opacity":"","overlay-gradient":""},"mobile":{"background-color":"","background-image":"","background-repeat":"repeat","background-position":"center center","background-size":"auto","background-attachment":"scroll","background-type":"","background-media":"","overlay-type":"","overlay-color":"","overlay-opacity":"","overlay-gradient":""}},"ast-content-background-meta":{"desktop":{"background-color":"var(--ast-global-color-5)","background-image":"","background-repeat":"repeat","background-position":"center center","background-size":"auto","background-attachment":"scroll","background-type":"","background-media":"","overlay-type":"","overlay-color":"","overlay-opacity":"","overlay-gradient":""},"tablet":{"background-color":"var(--ast-global-color-5)","background-image":"","background-repeat":"repeat","background-position":"center center","background-size":"auto","background-attachment":"scroll","background-type":"","background-media":"","overlay-type":"","overlay-color":"","overlay-opacity":"","overlay-gradient":""},"mobile":{"background-color":"var(--ast-global-color-5)","background-image":"","background-repeat":"repeat","background-position":"center center","background-size":"auto","background-attachment":"scroll","background-type":"","background-media":"","overlay-type":"","overlay-color":"","overlay-opacity":"","overlay-gradient":""}},"footnotes":""},"categories":[38,22,1,4],"tags":[],"class_list":["post-2326","post","type-post","status-publish","format-standard","has-post-thumbnail","hentry","category-carnaval","category-festes","category-general","category-portada"],"post_mailing_queue_ids":[],"_links":{"self":[{"href":"https:\/\/agora.xtec.cat\/ceip-simeo-rabasa\/wp-json\/wp\/v2\/posts\/2326","targetHints":{"allow":["GET"]}}],"collection":[{"href":"https:\/\/agora.xtec.cat\/ceip-simeo-rabasa\/wp-json\/wp\/v2\/posts"}],"about":[{"href":"https:\/\/agora.xtec.cat\/ceip-simeo-rabasa\/wp-json\/wp\/v2\/types\/post"}],"author":[{"embeddable":true,"href":"https:\/\/agora.xtec.cat\/ceip-simeo-rabasa\/wp-json\/wp\/v2\/users\/1"}],"replies":[{"embeddable":true,"href":"https:\/\/agora.xtec.cat\/ceip-simeo-rabasa\/wp-json\/wp\/v2\/comments?post=2326"}],"version-history":[{"count":3,"href":"https:\/\/agora.xtec.cat\/ceip-simeo-rabasa\/wp-json\/wp\/v2\/posts\/2326\/revisions"}],"predecessor-version":[{"id":2335,"href":"https:\/\/agora.xtec.cat\/ceip-simeo-rabasa\/wp-json\/wp\/v2\/posts\/2326\/revisions\/2335"}],"wp:featuredmedia":[{"embeddable":true,"href":"https:\/\/agora.xtec.cat\/ceip-simeo-rabasa\/wp-json\/wp\/v2\/media\/2328"}],"wp:attachment":[{"href":"https:\/\/agora.xtec.cat\/ceip-simeo-rabasa\/wp-json\/wp\/v2\/media?parent=2326"}],"wp:term":[{"taxonomy":"category","embeddable":true,"href":"https:\/\/agora.xtec.cat\/ceip-simeo-rabasa\/wp-json\/wp\/v2\/categories?post=2326"},{"taxonomy":"post_tag","embeddable":true,"href":"https:\/\/agora.xtec.cat\/ceip-simeo-rabasa\/wp-json\/wp\/v2\/tags?post=2326"}],"curies":[{"name":"wp","href":"https:\/\/api.w.org\/{rel}","templated":true}]}}