{"id":2180,"date":"2019-02-10T22:15:31","date_gmt":"2019-02-10T21:15:31","guid":{"rendered":"http:\/\/agora.xtec.cat\/ceip-simeo-rabasa\/?p=2180"},"modified":"2019-02-11T13:09:14","modified_gmt":"2019-02-11T12:09:14","slug":"el-projecte-biodiversitat-comenca-a-donar-les-primeres-passes","status":"publish","type":"post","link":"https:\/\/agora.xtec.cat\/ceip-simeo-rabasa\/general\/el-projecte-biodiversitat-comenca-a-donar-les-primeres-passes\/","title":{"rendered":"EL PROJECTE BIODIVERSITAT COMEN\u00c7A A DONAR LES PRIMERES PASSES"},"content":{"rendered":"<h1 style=\"text-align: center;\"><span style=\"color: #008000;\">PROJECTE BIODIVERSITAT<\/span><\/h1>\n<p>EDIFICI INFANTIL\u00a0\u00a0\u00a0\u00a0\u00a0\u00a0\u00a0\u00a0\u00a0\u00a0\u00a0\u00a0\u00a0\u00a0\u00a0\u00a0\u00a0\u00a0\u00a0\u00a0\u00a0\u00a0\u00a0\u00a0\u00a0\u00a0\u00a0\u00a0\u00a0\u00a0\u00a0\u00a0\u00a0\u00a0\u00a0\u00a0\u00a0\u00a0\u00a0\u00a0\u00a0\u00a0\u00a0\u00a0\u00a0\u00a0\u00a0\u00a0\u00a0\u00a0\u00a0\u00a0\u00a0\u00a0\u00a0\u00a0\u00a0\u00a0\u00a0\u00a0\u00a0\u00a0\u00a0\u00a0\u00a0\u00a0\u00a0\u00a0\u00a0\u00a0\u00a0\u00a0\u00a0\u00a0\u00a0\u00a0\u00a0\u00a0\u00a0\u00a0\u00a0\u00a0\u00a0\u00a0\u00a0\u00a0\u00a0\u00a0\u00a0\u00a0\u00a0\u00a0\u00a0\u00a0\u00a0\u00a0\u00a0\u00a0\u00a0\u00a0\u00a0\u00a0\u00a0\u00a0\u00a0\u00a0\u00a0\u00a0\u00a0\u00a0\u00a0\u00a0\u00a0\u00a0\u00a0\u00a0\u00a0\u00a0\u00a0\u00a0\u00a0 EDIFICI PRIM\u00c0RIA<\/p>\n<p><a href=\"https:\/\/agora.xtec.cat\/ceip-simeo-rabasa\/wp-content\/uploads\/usu903\/2019\/02\/PROPOSTA-INFANTIL.png\"><img loading=\"lazy\" decoding=\"async\" class=\" wp-image-2181 alignleft\" src=\"https:\/\/agora.xtec.cat\/ceip-simeo-rabasa\/wp-content\/uploads\/usu903\/2019\/02\/PROPOSTA-INFANTIL.png\" alt=\"\" width=\"371\" height=\"251\" srcset=\"https:\/\/agora.xtec.cat\/ceip-simeo-rabasa\/wp-content\/uploads\/usu903\/2019\/02\/PROPOSTA-INFANTIL.png 523w, https:\/\/agora.xtec.cat\/ceip-simeo-rabasa\/wp-content\/uploads\/usu903\/2019\/02\/PROPOSTA-INFANTIL-300x203.png 300w\" sizes=\"auto, (max-width: 371px) 100vw, 371px\" \/><\/a><a href=\"https:\/\/agora.xtec.cat\/ceip-simeo-rabasa\/wp-content\/uploads\/usu903\/2019\/02\/proposta-projecte-biodiversitat-PRI.png\"><img loading=\"lazy\" decoding=\"async\" class=\" wp-image-2182 alignright\" src=\"https:\/\/agora.xtec.cat\/ceip-simeo-rabasa\/wp-content\/uploads\/usu903\/2019\/02\/proposta-projecte-biodiversitat-PRI.png\" alt=\"\" width=\"524\" height=\"306\" srcset=\"https:\/\/agora.xtec.cat\/ceip-simeo-rabasa\/wp-content\/uploads\/usu903\/2019\/02\/proposta-projecte-biodiversitat-PRI.png 563w, https:\/\/agora.xtec.cat\/ceip-simeo-rabasa\/wp-content\/uploads\/usu903\/2019\/02\/proposta-projecte-biodiversitat-PRI-300x175.png 300w\" sizes=\"auto, (max-width: 524px) 100vw, 524px\" \/><\/a><\/p>\n<h5><span style=\"color: #008000;\">\u00a0<\/span><\/h5>\n<p>&nbsp;<\/p>\n<p>&nbsp;<\/p>\n<p>&nbsp;<\/p>\n<p>&nbsp;<\/p>\n<p>&nbsp;<\/p>\n<p>&nbsp;<\/p>\n<p>&nbsp;<\/p>\n<p>Ja hem comen\u00e7at a donar les primeres passes visibles del PROJECTE BIODIVERSITAT amb la primera fase de desplegament del projecte: ENTRADA EDIFICI DE PARVULARI I EL TAL\u00daS DEL PATI GRAN DE L&#8217;EDIFICI DE PRIM\u00c0RIA.<\/p>\n<ul>\n<li>Setmana passada, del 4 al 8 de febrer, es van treure herbes i es va remoure la terra.<\/li>\n<\/ul>\n<p><a href=\"https:\/\/agora.xtec.cat\/ceip-simeo-rabasa\/wp-content\/uploads\/usu903\/2019\/02\/comenc\u0327a-projecte-biodiversitat.jpg\"><img loading=\"lazy\" decoding=\"async\" class=\"wp-image-2187 aligncenter\" src=\"https:\/\/agora.xtec.cat\/ceip-simeo-rabasa\/wp-content\/uploads\/usu903\/2019\/02\/comenc\u0327a-projecte-biodiversitat-768x1024.jpg\" alt=\"\" width=\"438\" height=\"584\" srcset=\"https:\/\/agora.xtec.cat\/ceip-simeo-rabasa\/wp-content\/uploads\/usu903\/2019\/02\/comenc\u0327a-projecte-biodiversitat-768x1024.jpg 768w, https:\/\/agora.xtec.cat\/ceip-simeo-rabasa\/wp-content\/uploads\/usu903\/2019\/02\/comenc\u0327a-projecte-biodiversitat-225x300.jpg 225w\" sizes=\"auto, (max-width: 438px) 100vw, 438px\" \/><\/a><\/p>\n<ul>\n<li>\n<h5>Ja es poden portar les seg\u00fcents plantes a l&#8217;escola per anar preparant la plantada dels dies 20 i 22 de febrer:<\/h5>\n<\/li>\n<\/ul>\n<h3>PER A L&#8217;ENTRADA DE PARVULARI, PODEU PORTAR:<\/h3>\n<p><a href=\"https:\/\/agora.xtec.cat\/ceip-simeo-rabasa\/wp-content\/uploads\/usu903\/2019\/02\/plantes-infantil-2.png\"><img loading=\"lazy\" decoding=\"async\" class=\"alignnone size-large wp-image-2183\" src=\"https:\/\/agora.xtec.cat\/ceip-simeo-rabasa\/wp-content\/uploads\/usu903\/2019\/02\/plantes-infantil-2.png\" alt=\"\" width=\"714\" height=\"330\" srcset=\"https:\/\/agora.xtec.cat\/ceip-simeo-rabasa\/wp-content\/uploads\/usu903\/2019\/02\/plantes-infantil-2.png 714w, https:\/\/agora.xtec.cat\/ceip-simeo-rabasa\/wp-content\/uploads\/usu903\/2019\/02\/plantes-infantil-2-300x139.png 300w\" sizes=\"auto, (max-width: 714px) 100vw, 714px\" \/><\/a><\/p>\n<p>&nbsp;<\/p>\n<p><a href=\"https:\/\/agora.xtec.cat\/ceip-simeo-rabasa\/wp-content\/uploads\/usu903\/2019\/02\/plantes-infantil.png\"><img loading=\"lazy\" decoding=\"async\" class=\"alignnone wp-image-2184 size-full\" src=\"https:\/\/agora.xtec.cat\/ceip-simeo-rabasa\/wp-content\/uploads\/usu903\/2019\/02\/plantes-infantil.png\" alt=\"\" width=\"528\" height=\"264\" srcset=\"https:\/\/agora.xtec.cat\/ceip-simeo-rabasa\/wp-content\/uploads\/usu903\/2019\/02\/plantes-infantil.png 528w, https:\/\/agora.xtec.cat\/ceip-simeo-rabasa\/wp-content\/uploads\/usu903\/2019\/02\/plantes-infantil-300x150.png 300w\" sizes=\"auto, (max-width: 528px) 100vw, 528px\" \/><\/a><\/p>\n<h3>PER AL TAL\u00daS DEL PATI GRAN, PODEU PORTAR:<\/h3>\n<p><a href=\"https:\/\/agora.xtec.cat\/ceip-simeo-rabasa\/wp-content\/uploads\/usu903\/2019\/02\/llistat-plantes-primaria-1.png\"><img loading=\"lazy\" decoding=\"async\" class=\"alignnone size-full wp-image-2185\" src=\"https:\/\/agora.xtec.cat\/ceip-simeo-rabasa\/wp-content\/uploads\/usu903\/2019\/02\/llistat-plantes-primaria-1.png\" alt=\"\" width=\"507\" height=\"407\" srcset=\"https:\/\/agora.xtec.cat\/ceip-simeo-rabasa\/wp-content\/uploads\/usu903\/2019\/02\/llistat-plantes-primaria-1.png 507w, https:\/\/agora.xtec.cat\/ceip-simeo-rabasa\/wp-content\/uploads\/usu903\/2019\/02\/llistat-plantes-primaria-1-300x241.png 300w\" sizes=\"auto, (max-width: 507px) 100vw, 507px\" \/><\/a><a href=\"https:\/\/agora.xtec.cat\/ceip-simeo-rabasa\/wp-content\/uploads\/usu903\/2019\/02\/plantes-primaria-2.png\"><img loading=\"lazy\" decoding=\"async\" class=\"size-full wp-image-2186 alignright\" src=\"https:\/\/agora.xtec.cat\/ceip-simeo-rabasa\/wp-content\/uploads\/usu903\/2019\/02\/plantes-primaria-2.png\" alt=\"\" width=\"504\" height=\"815\" srcset=\"https:\/\/agora.xtec.cat\/ceip-simeo-rabasa\/wp-content\/uploads\/usu903\/2019\/02\/plantes-primaria-2.png 504w, https:\/\/agora.xtec.cat\/ceip-simeo-rabasa\/wp-content\/uploads\/usu903\/2019\/02\/plantes-primaria-2-186x300.png 186w\" sizes=\"auto, (max-width: 504px) 100vw, 504px\" \/><\/a><\/p>\n<p>&nbsp;<\/p>\n<p>&nbsp;<\/p>\n<p>&nbsp;<\/p>\n<p>&nbsp;<\/p>\n<p>&nbsp;<\/p>\n<p>&nbsp;<\/p>\n<p>&nbsp;<\/p>\n<p>&nbsp;<\/p>\n<p>&nbsp;<\/p>\n<h5>CONTINUAR PREPARANT LA TERRA:<\/h5>\n<ul>\n<li>Setmana, de l&#8217;11 al 14 de febrer, es posar\u00e0 l&#8217;adob. Els pares, mares, avis i \u00e0vies que vulgueu participar podeu venir a l&#8217;escola.<\/li>\n<\/ul>\n<h5>PLANTADA PARTICIPATIVA:<\/h5>\n<ul>\n<li>El dimecres 20 de febrer es col\u00b7locaran les plantes de l&#8217;entrada\u00a0 de l&#8217;edifici de parvulari per fer un jard\u00ed de papallones.<\/li>\n<li>El divendres 22 de febrer es plantar\u00e0 al tal\u00fas del pati de prim\u00e0ria; es fara un jard\u00ed de plantes arom\u00e0tiques i comestibles.<\/li>\n<\/ul>\n<p>Les plantades es realitzaran en horari lectiu i poden participar les fam\u00edlies que ho desitgin de l&#8217;escola.<\/p>\n<p>\u00c9s una gran experi\u00e8ncia que podeu compartir amb tos els\/les alumnes del centre, mestres i especialistes que estan ajudant a dur a terme aquest projecte.<\/p>\n<p>FAREM UN PROJECTE MOLT BONIC CREANT UNA ESCOLA \u00daNICA ON L&#8217;APRENENTATGE SER\u00c0 MOLT VIVENCIAL!<\/p>\n<p>PER LA MILLORA DELS APRENENTATGES DELS VOSTRES FILLS I FILLES!<\/p>\n<p>ELLS S&#8217;HO MEREIXEN!!<\/p>\n<p>US HI ESPEREM!<\/p>\n<p>&nbsp;<\/p>\n","protected":false},"excerpt":{"rendered":"<p>Ja hem comen\u00e7at a donar les primeres passes visibles del PROJECTE BIODIVERSITAT amb la primera fase de desplegament del projecte: ENTRADA EDIFICI DE PARVULARI I EL TAL\u00daS DEL PATI GRAN DE L&#8217;EDIFICI DE PRIM\u00c0RIA.<\/p>\n","protected":false},"author":1,"featured_media":2182,"comment_status":"open","ping_status":"closed","sticky":false,"template":"","format":"standard","meta":{"_bbp_topic_count":0,"_bbp_reply_count":0,"_bbp_total_topic_count":0,"_bbp_total_reply_count":0,"_bbp_voice_count":0,"_bbp_anonymous_reply_count":0,"_bbp_topic_count_hidden":0,"_bbp_reply_count_hidden":0,"_bbp_forum_subforum_count":0,"site-sidebar-layout":"default","site-content-layout":"","ast-site-content-layout":"","site-content-style":"default","site-sidebar-style":"default","ast-global-header-display":"","ast-banner-title-visibility":"","ast-main-header-display":"","ast-hfb-above-header-display":"","ast-hfb-below-header-display":"","ast-hfb-mobile-header-display":"","site-post-title":"","ast-breadcrumbs-content":"","ast-featured-img":"","footer-sml-layout":"","theme-transparent-header-meta":"","adv-header-id-meta":"","stick-header-meta":"","header-above-stick-meta":"","header-main-stick-meta":"","header-below-stick-meta":"","astra-migrate-meta-layouts":"default","ast-page-background-enabled":"default","ast-page-background-meta":{"desktop":{"background-color":"var(--ast-global-color-4)","background-image":"","background-repeat":"repeat","background-position":"center center","background-size":"auto","background-attachment":"scroll","background-type":"","background-media":"","overlay-type":"","overlay-color":"","overlay-opacity":"","overlay-gradient":""},"tablet":{"background-color":"","background-image":"","background-repeat":"repeat","background-position":"center center","background-size":"auto","background-attachment":"scroll","background-type":"","background-media":"","overlay-type":"","overlay-color":"","overlay-opacity":"","overlay-gradient":""},"mobile":{"background-color":"","background-image":"","background-repeat":"repeat","background-position":"center center","background-size":"auto","background-attachment":"scroll","background-type":"","background-media":"","overlay-type":"","overlay-color":"","overlay-opacity":"","overlay-gradient":""}},"ast-content-background-meta":{"desktop":{"background-color":"var(--ast-global-color-5)","background-image":"","background-repeat":"repeat","background-position":"center center","background-size":"auto","background-attachment":"scroll","background-type":"","background-media":"","overlay-type":"","overlay-color":"","overlay-opacity":"","overlay-gradient":""},"tablet":{"background-color":"var(--ast-global-color-5)","background-image":"","background-repeat":"repeat","background-position":"center center","background-size":"auto","background-attachment":"scroll","background-type":"","background-media":"","overlay-type":"","overlay-color":"","overlay-opacity":"","overlay-gradient":""},"mobile":{"background-color":"var(--ast-global-color-5)","background-image":"","background-repeat":"repeat","background-position":"center center","background-size":"auto","background-attachment":"scroll","background-type":"","background-media":"","overlay-type":"","overlay-color":"","overlay-opacity":"","overlay-gradient":""}},"footnotes":""},"categories":[1,4,106],"tags":[],"class_list":["post-2180","post","type-post","status-publish","format-standard","has-post-thumbnail","hentry","category-general","category-portada","category-projecte-interdisciplinar"],"post_mailing_queue_ids":[],"_links":{"self":[{"href":"https:\/\/agora.xtec.cat\/ceip-simeo-rabasa\/wp-json\/wp\/v2\/posts\/2180","targetHints":{"allow":["GET"]}}],"collection":[{"href":"https:\/\/agora.xtec.cat\/ceip-simeo-rabasa\/wp-json\/wp\/v2\/posts"}],"about":[{"href":"https:\/\/agora.xtec.cat\/ceip-simeo-rabasa\/wp-json\/wp\/v2\/types\/post"}],"author":[{"embeddable":true,"href":"https:\/\/agora.xtec.cat\/ceip-simeo-rabasa\/wp-json\/wp\/v2\/users\/1"}],"replies":[{"embeddable":true,"href":"https:\/\/agora.xtec.cat\/ceip-simeo-rabasa\/wp-json\/wp\/v2\/comments?post=2180"}],"version-history":[{"count":3,"href":"https:\/\/agora.xtec.cat\/ceip-simeo-rabasa\/wp-json\/wp\/v2\/posts\/2180\/revisions"}],"predecessor-version":[{"id":2196,"href":"https:\/\/agora.xtec.cat\/ceip-simeo-rabasa\/wp-json\/wp\/v2\/posts\/2180\/revisions\/2196"}],"wp:featuredmedia":[{"embeddable":true,"href":"https:\/\/agora.xtec.cat\/ceip-simeo-rabasa\/wp-json\/wp\/v2\/media\/2182"}],"wp:attachment":[{"href":"https:\/\/agora.xtec.cat\/ceip-simeo-rabasa\/wp-json\/wp\/v2\/media?parent=2180"}],"wp:term":[{"taxonomy":"category","embeddable":true,"href":"https:\/\/agora.xtec.cat\/ceip-simeo-rabasa\/wp-json\/wp\/v2\/categories?post=2180"},{"taxonomy":"post_tag","embeddable":true,"href":"https:\/\/agora.xtec.cat\/ceip-simeo-rabasa\/wp-json\/wp\/v2\/tags?post=2180"}],"curies":[{"name":"wp","href":"https:\/\/api.w.org\/{rel}","templated":true}]}}