{"id":2145,"date":"2019-01-27T21:25:19","date_gmt":"2019-01-27T20:25:19","guid":{"rendered":"http:\/\/agora.xtec.cat\/ceip-simeo-rabasa\/?p=2145"},"modified":"2019-03-18T20:56:47","modified_gmt":"2019-03-18T19:56:47","slug":"per-la-pau","status":"publish","type":"post","link":"https:\/\/agora.xtec.cat\/ceip-simeo-rabasa\/general\/per-la-pau\/","title":{"rendered":"PER LA PAU"},"content":{"rendered":"<h1><a href=\"https:\/\/drive.google.com\/file\/d\/1ggsPUYp2JFtBXd4W7hBSbiBFtGfKCr9q\/view?usp=sharing\">DIA DE LA PAU 30 GENER 2019, LIP DUB<\/a><\/h1>\n<figure id=\"attachment_2153\" aria-describedby=\"caption-attachment-2153\" style=\"width: 369px\" class=\"wp-caption aligncenter\"><a href=\"https:\/\/drive.google.com\/file\/d\/1ggsPUYp2JFtBXd4W7hBSbiBFtGfKCr9q\/view?usp=sharing\"><img loading=\"lazy\" decoding=\"async\" class=\"wp-image-2153\" src=\"https:\/\/agora.xtec.cat\/ceip-simeo-rabasa\/wp-content\/uploads\/usu903\/2019\/01\/IMG_0101-992x1024.jpg\" alt=\"\" width=\"369\" height=\"381\" srcset=\"https:\/\/agora.xtec.cat\/ceip-simeo-rabasa\/wp-content\/uploads\/usu903\/2019\/01\/IMG_0101-992x1024.jpg 992w, https:\/\/agora.xtec.cat\/ceip-simeo-rabasa\/wp-content\/uploads\/usu903\/2019\/01\/IMG_0101-291x300.jpg 291w, https:\/\/agora.xtec.cat\/ceip-simeo-rabasa\/wp-content\/uploads\/usu903\/2019\/01\/IMG_0101-768x793.jpg 768w\" sizes=\"auto, (max-width: 369px) 100vw, 369px\" \/><\/a><figcaption id=\"caption-attachment-2153\" class=\"wp-caption-text\">Cliqueu a la imatge per a veure el LIB DUP de la Pau!<\/figcaption><\/figure>\n<p>Aquesta setmana hem realitzat diverses activitats per treballar el Dia Escolar de la No Viol\u00e8ncia i la Pau.<\/p>\n<p>Dimarts 29 de gener, al mat\u00ed, els i les alumnes de P-3 fins a 6\u00e8 van participar en tres tallers tot\u00a0 barrejant-se els nens i nenes dels diferents cursos. Ha estat tot un repte i una experi\u00e8ncia molt engrescadora per a treballar el tema de la PAU.<\/p>\n<p>Dimecres 30 de gener, per la tarda, hem gravat un LIP DUB amb tot l&#8217;alumnat, mestres, fam\u00edlies i la resta de personal que treballa al centre.<\/p>\n<p><a href=\"https:\/\/agora.xtec.cat\/ceip-simeo-rabasa\/wp-content\/uploads\/usu903\/2019\/01\/IMG_0102.jpg\"><img loading=\"lazy\" decoding=\"async\" class=\"wp-image-2154 alignleft\" src=\"https:\/\/agora.xtec.cat\/ceip-simeo-rabasa\/wp-content\/uploads\/usu903\/2019\/01\/IMG_0102-1024x789.jpg\" alt=\"\" width=\"394\" height=\"304\" srcset=\"https:\/\/agora.xtec.cat\/ceip-simeo-rabasa\/wp-content\/uploads\/usu903\/2019\/01\/IMG_0102-1024x789.jpg 1024w, https:\/\/agora.xtec.cat\/ceip-simeo-rabasa\/wp-content\/uploads\/usu903\/2019\/01\/IMG_0102-300x231.jpg 300w, https:\/\/agora.xtec.cat\/ceip-simeo-rabasa\/wp-content\/uploads\/usu903\/2019\/01\/IMG_0102-768x591.jpg 768w\" sizes=\"auto, (max-width: 394px) 100vw, 394px\" \/><\/a><a href=\"https:\/\/agora.xtec.cat\/ceip-simeo-rabasa\/wp-content\/uploads\/usu903\/2019\/01\/IMG_0104.jpg\"><img loading=\"lazy\" decoding=\"async\" class=\"wp-image-2155 alignright\" src=\"https:\/\/agora.xtec.cat\/ceip-simeo-rabasa\/wp-content\/uploads\/usu903\/2019\/01\/IMG_0104-1024x769.jpg\" alt=\"\" width=\"401\" height=\"302\" srcset=\"https:\/\/agora.xtec.cat\/ceip-simeo-rabasa\/wp-content\/uploads\/usu903\/2019\/01\/IMG_0104-1024x769.jpg 1024w, https:\/\/agora.xtec.cat\/ceip-simeo-rabasa\/wp-content\/uploads\/usu903\/2019\/01\/IMG_0104-300x225.jpg 300w, https:\/\/agora.xtec.cat\/ceip-simeo-rabasa\/wp-content\/uploads\/usu903\/2019\/01\/IMG_0104-768x577.jpg 768w, https:\/\/agora.xtec.cat\/ceip-simeo-rabasa\/wp-content\/uploads\/usu903\/2019\/01\/IMG_0104-200x150.jpg 200w\" sizes=\"auto, (max-width: 401px) 100vw, 401px\" \/><\/a><\/p>\n<p>&nbsp;<\/p>\n<p>&nbsp;<\/p>\n<p>&nbsp;<\/p>\n<p>&nbsp;<\/p>\n<p>&nbsp;<\/p>\n<p>&nbsp;<\/p>\n<p>&nbsp;<\/p>\n<p>&nbsp;<\/p>\n<p>Ens ho hem passat molt b\u00e9 fent la celebraci\u00f3 d&#8217;aquest dia a favor de la No Viol\u00e8ncia i la PAU. VOLEM LA PAU AL M\u00d3N! PER UN M\u00d3N MILLOR!!!<\/p>\n<p>&nbsp;<\/p>\n","protected":false},"excerpt":{"rendered":"<p>Aquesta setmana hem realitzat diverses activitats per treballar el Dia Escolar de la No Viol\u00e8ncia i la Pau.<\/p>\n","protected":false},"author":1,"featured_media":2147,"comment_status":"open","ping_status":"closed","sticky":false,"template":"","format":"standard","meta":{"_bbp_topic_count":0,"_bbp_reply_count":0,"_bbp_total_topic_count":0,"_bbp_total_reply_count":0,"_bbp_voice_count":0,"_bbp_anonymous_reply_count":0,"_bbp_topic_count_hidden":0,"_bbp_reply_count_hidden":0,"_bbp_forum_subforum_count":0,"site-sidebar-layout":"default","site-content-layout":"","ast-site-content-layout":"","site-content-style":"default","site-sidebar-style":"default","ast-global-header-display":"","ast-banner-title-visibility":"","ast-main-header-display":"","ast-hfb-above-header-display":"","ast-hfb-below-header-display":"","ast-hfb-mobile-header-display":"","site-post-title":"","ast-breadcrumbs-content":"","ast-featured-img":"","footer-sml-layout":"","theme-transparent-header-meta":"","adv-header-id-meta":"","stick-header-meta":"","header-above-stick-meta":"","header-main-stick-meta":"","header-below-stick-meta":"","astra-migrate-meta-layouts":"default","ast-page-background-enabled":"default","ast-page-background-meta":{"desktop":{"background-color":"var(--ast-global-color-4)","background-image":"","background-repeat":"repeat","background-position":"center center","background-size":"auto","background-attachment":"scroll","background-type":"","background-media":"","overlay-type":"","overlay-color":"","overlay-opacity":"","overlay-gradient":""},"tablet":{"background-color":"","background-image":"","background-repeat":"repeat","background-position":"center center","background-size":"auto","background-attachment":"scroll","background-type":"","background-media":"","overlay-type":"","overlay-color":"","overlay-opacity":"","overlay-gradient":""},"mobile":{"background-color":"","background-image":"","background-repeat":"repeat","background-position":"center center","background-size":"auto","background-attachment":"scroll","background-type":"","background-media":"","overlay-type":"","overlay-color":"","overlay-opacity":"","overlay-gradient":""}},"ast-content-background-meta":{"desktop":{"background-color":"var(--ast-global-color-5)","background-image":"","background-repeat":"repeat","background-position":"center center","background-size":"auto","background-attachment":"scroll","background-type":"","background-media":"","overlay-type":"","overlay-color":"","overlay-opacity":"","overlay-gradient":""},"tablet":{"background-color":"var(--ast-global-color-5)","background-image":"","background-repeat":"repeat","background-position":"center center","background-size":"auto","background-attachment":"scroll","background-type":"","background-media":"","overlay-type":"","overlay-color":"","overlay-opacity":"","overlay-gradient":""},"mobile":{"background-color":"var(--ast-global-color-5)","background-image":"","background-repeat":"repeat","background-position":"center center","background-size":"auto","background-attachment":"scroll","background-type":"","background-media":"","overlay-type":"","overlay-color":"","overlay-opacity":"","overlay-gradient":""}},"footnotes":""},"categories":[1,4,106],"tags":[],"class_list":["post-2145","post","type-post","status-publish","format-standard","has-post-thumbnail","hentry","category-general","category-portada","category-projecte-interdisciplinar"],"post_mailing_queue_ids":[],"_links":{"self":[{"href":"https:\/\/agora.xtec.cat\/ceip-simeo-rabasa\/wp-json\/wp\/v2\/posts\/2145","targetHints":{"allow":["GET"]}}],"collection":[{"href":"https:\/\/agora.xtec.cat\/ceip-simeo-rabasa\/wp-json\/wp\/v2\/posts"}],"about":[{"href":"https:\/\/agora.xtec.cat\/ceip-simeo-rabasa\/wp-json\/wp\/v2\/types\/post"}],"author":[{"embeddable":true,"href":"https:\/\/agora.xtec.cat\/ceip-simeo-rabasa\/wp-json\/wp\/v2\/users\/1"}],"replies":[{"embeddable":true,"href":"https:\/\/agora.xtec.cat\/ceip-simeo-rabasa\/wp-json\/wp\/v2\/comments?post=2145"}],"version-history":[{"count":4,"href":"https:\/\/agora.xtec.cat\/ceip-simeo-rabasa\/wp-json\/wp\/v2\/posts\/2145\/revisions"}],"predecessor-version":[{"id":2356,"href":"https:\/\/agora.xtec.cat\/ceip-simeo-rabasa\/wp-json\/wp\/v2\/posts\/2145\/revisions\/2356"}],"wp:featuredmedia":[{"embeddable":true,"href":"https:\/\/agora.xtec.cat\/ceip-simeo-rabasa\/wp-json\/wp\/v2\/media\/2147"}],"wp:attachment":[{"href":"https:\/\/agora.xtec.cat\/ceip-simeo-rabasa\/wp-json\/wp\/v2\/media?parent=2145"}],"wp:term":[{"taxonomy":"category","embeddable":true,"href":"https:\/\/agora.xtec.cat\/ceip-simeo-rabasa\/wp-json\/wp\/v2\/categories?post=2145"},{"taxonomy":"post_tag","embeddable":true,"href":"https:\/\/agora.xtec.cat\/ceip-simeo-rabasa\/wp-json\/wp\/v2\/tags?post=2145"}],"curies":[{"name":"wp","href":"https:\/\/api.w.org\/{rel}","templated":true}]}}