{"id":1642,"date":"2018-05-14T15:44:37","date_gmt":"2018-05-14T13:44:37","guid":{"rendered":"http:\/\/agora.xtec.cat\/ceip-simeo-rabasa\/?p=1642"},"modified":"2018-05-18T16:28:39","modified_gmt":"2018-05-18T14:28:39","slug":"anem-de-colonies","status":"publish","type":"post","link":"https:\/\/agora.xtec.cat\/ceip-simeo-rabasa\/portada\/anem-de-colonies\/","title":{"rendered":"ANEM DE COL\u00d2NIES"},"content":{"rendered":"<p>Prepareu-vos perqu\u00e8 la setmana vinent anirem de col\u00f2nies tota l&#8217;escola&#8230;.<\/p>\n<p>EDUCACI\u00d3 INFANTIL: dimarts 22 i dimecres 23 a la casa La Llobeta d&#8217;Aiguafreda:<\/p>\n<p><a href=\"http:\/\/www.eixestels.com\/es\/casas-de-colonias\/la-llobeta\/\">http:\/\/www.eixestels.com\/es\/casas-de-colonias\/la-llobeta\/<\/a><\/p>\n<p><span style=\"color: #ff0000;\"><strong>Aqu\u00ed podreu fer el seguiment dels dies i les fotos:\u00a0 <a style=\"color: #ff0000;\" href=\"http:\/\/simeocoloniesinfantil.blogspot.com.es\/\">http:\/\/simeocoloniesinfantil.blogspot.com.es\/<\/a><\/strong><\/span><\/p>\n<p>EDUCACI\u00d3 PRIM\u00c0RIA: dimecres 23, dijous 24 i divendres 25 a l&#8217;alberg &#8220;Santa Maria del Mar&#8221; a Coma-ruga:<\/p>\n<p><a href=\"https:\/\/www.xanascat.cat\/showhostel.tjc?id=237&amp;index=4\">https:\/\/www.xanascat.cat\/showhostel.tjc?id=237&amp;index=4<\/a><\/p>\n<p><span style=\"color: #ff00ff;\"><strong>Aqu\u00ed podreu fer el seguiment dels dies i les fotos: <a style=\"color: #ff00ff;\" href=\"http:\/\/simeocoloniesprimaria.blogspot.com.es\/\">http:\/\/simeocoloniesprimaria.blogspot.com.es\/<\/a><\/strong><\/span><\/p>\n<p><a href=\"http:\/\/agora.xtec.cat\/ceip-simeo-rabasa\/wp-content\/uploads\/usu903\/2018\/05\/Foto-col\u00f2nies-2018.jpg\"><img loading=\"lazy\" decoding=\"async\" class=\"alignnone size-large wp-image-1676\" src=\"http:\/\/agora.xtec.cat\/ceip-simeo-rabasa\/wp-content\/uploads\/usu903\/2018\/05\/Foto-col\u00f2nies-2018-1024x323.jpg\" alt=\"\" width=\"1024\" height=\"323\" srcset=\"https:\/\/agora.xtec.cat\/ceip-simeo-rabasa\/wp-content\/uploads\/usu903\/2018\/05\/Foto-col\u00f2nies-2018-1024x323.jpg 1024w, https:\/\/agora.xtec.cat\/ceip-simeo-rabasa\/wp-content\/uploads\/usu903\/2018\/05\/Foto-col\u00f2nies-2018-300x95.jpg 300w, https:\/\/agora.xtec.cat\/ceip-simeo-rabasa\/wp-content\/uploads\/usu903\/2018\/05\/Foto-col\u00f2nies-2018-768x243.jpg 768w, https:\/\/agora.xtec.cat\/ceip-simeo-rabasa\/wp-content\/uploads\/usu903\/2018\/05\/Foto-col\u00f2nies-2018.jpg 1425w\" sizes=\"auto, (max-width: 1024px) 100vw, 1024px\" \/><\/a><\/p>\n","protected":false},"excerpt":{"rendered":"<p>Prepareu-vos perqu\u00e8 la setmana vinent anirem de col\u00f2nies tota l&#8217;escola&#8230;.<br \/>\nEDUCACI\u00d3 INFANTIL: dimarts 22 i dimecres 23 a la casa La Llobeta d&#8217;Aiguafreda.<br \/>\nEDUCACI\u00d3 PRIM\u00c0RIA: dimecres 23, dijous 24 i divendres 25 a l&#8217;alberg &#8220;Santa Maria del Mar&#8221; a Coma-ruga.<\/p>\n","protected":false},"author":1,"featured_media":1676,"comment_status":"open","ping_status":"closed","sticky":false,"template":"","format":"standard","meta":{"_bbp_topic_count":0,"_bbp_reply_count":0,"_bbp_total_topic_count":0,"_bbp_total_reply_count":0,"_bbp_voice_count":0,"_bbp_anonymous_reply_count":0,"_bbp_topic_count_hidden":0,"_bbp_reply_count_hidden":0,"_bbp_forum_subforum_count":0,"site-sidebar-layout":"default","site-content-layout":"","ast-site-content-layout":"","site-content-style":"default","site-sidebar-style":"default","ast-global-header-display":"","ast-banner-title-visibility":"","ast-main-header-display":"","ast-hfb-above-header-display":"","ast-hfb-below-header-display":"","ast-hfb-mobile-header-display":"","site-post-title":"","ast-breadcrumbs-content":"","ast-featured-img":"","footer-sml-layout":"","theme-transparent-header-meta":"","adv-header-id-meta":"","stick-header-meta":"","header-above-stick-meta":"","header-main-stick-meta":"","header-below-stick-meta":"","astra-migrate-meta-layouts":"default","ast-page-background-enabled":"default","ast-page-background-meta":{"desktop":{"background-color":"var(--ast-global-color-4)","background-image":"","background-repeat":"repeat","background-position":"center center","background-size":"auto","background-attachment":"scroll","background-type":"","background-media":"","overlay-type":"","overlay-color":"","overlay-opacity":"","overlay-gradient":""},"tablet":{"background-color":"","background-image":"","background-repeat":"repeat","background-position":"center center","background-size":"auto","background-attachment":"scroll","background-type":"","background-media":"","overlay-type":"","overlay-color":"","overlay-opacity":"","overlay-gradient":""},"mobile":{"background-color":"","background-image":"","background-repeat":"repeat","background-position":"center center","background-size":"auto","background-attachment":"scroll","background-type":"","background-media":"","overlay-type":"","overlay-color":"","overlay-opacity":"","overlay-gradient":""}},"ast-content-background-meta":{"desktop":{"background-color":"var(--ast-global-color-5)","background-image":"","background-repeat":"repeat","background-position":"center center","background-size":"auto","background-attachment":"scroll","background-type":"","background-media":"","overlay-type":"","overlay-color":"","overlay-opacity":"","overlay-gradient":""},"tablet":{"background-color":"var(--ast-global-color-5)","background-image":"","background-repeat":"repeat","background-position":"center center","background-size":"auto","background-attachment":"scroll","background-type":"","background-media":"","overlay-type":"","overlay-color":"","overlay-opacity":"","overlay-gradient":""},"mobile":{"background-color":"var(--ast-global-color-5)","background-image":"","background-repeat":"repeat","background-position":"center center","background-size":"auto","background-attachment":"scroll","background-type":"","background-media":"","overlay-type":"","overlay-color":"","overlay-opacity":"","overlay-gradient":""}},"footnotes":""},"categories":[4],"tags":[107],"class_list":["post-1642","post","type-post","status-publish","format-standard","has-post-thumbnail","hentry","category-portada","tag-colonies-simeo-2018"],"post_mailing_queue_ids":[],"_links":{"self":[{"href":"https:\/\/agora.xtec.cat\/ceip-simeo-rabasa\/wp-json\/wp\/v2\/posts\/1642","targetHints":{"allow":["GET"]}}],"collection":[{"href":"https:\/\/agora.xtec.cat\/ceip-simeo-rabasa\/wp-json\/wp\/v2\/posts"}],"about":[{"href":"https:\/\/agora.xtec.cat\/ceip-simeo-rabasa\/wp-json\/wp\/v2\/types\/post"}],"author":[{"embeddable":true,"href":"https:\/\/agora.xtec.cat\/ceip-simeo-rabasa\/wp-json\/wp\/v2\/users\/1"}],"replies":[{"embeddable":true,"href":"https:\/\/agora.xtec.cat\/ceip-simeo-rabasa\/wp-json\/wp\/v2\/comments?post=1642"}],"version-history":[{"count":3,"href":"https:\/\/agora.xtec.cat\/ceip-simeo-rabasa\/wp-json\/wp\/v2\/posts\/1642\/revisions"}],"predecessor-version":[{"id":1677,"href":"https:\/\/agora.xtec.cat\/ceip-simeo-rabasa\/wp-json\/wp\/v2\/posts\/1642\/revisions\/1677"}],"wp:featuredmedia":[{"embeddable":true,"href":"https:\/\/agora.xtec.cat\/ceip-simeo-rabasa\/wp-json\/wp\/v2\/media\/1676"}],"wp:attachment":[{"href":"https:\/\/agora.xtec.cat\/ceip-simeo-rabasa\/wp-json\/wp\/v2\/media?parent=1642"}],"wp:term":[{"taxonomy":"category","embeddable":true,"href":"https:\/\/agora.xtec.cat\/ceip-simeo-rabasa\/wp-json\/wp\/v2\/categories?post=1642"},{"taxonomy":"post_tag","embeddable":true,"href":"https:\/\/agora.xtec.cat\/ceip-simeo-rabasa\/wp-json\/wp\/v2\/tags?post=1642"}],"curies":[{"name":"wp","href":"https:\/\/api.w.org\/{rel}","templated":true}]}}