{"id":1015,"date":"2018-02-12T20:50:37","date_gmt":"2018-02-12T19:50:37","guid":{"rendered":"http:\/\/agora.xtec.cat\/ceip-simeo-rabasa\/?p=1015"},"modified":"2018-02-23T00:28:47","modified_gmt":"2018-02-22T23:28:47","slug":"festa-de-carnaval-2018","status":"publish","type":"post","link":"https:\/\/agora.xtec.cat\/ceip-simeo-rabasa\/general\/festa-de-carnaval-2018\/","title":{"rendered":"FESTA DE CARNAVAL 2018"},"content":{"rendered":"<p>Al llarg d&#8217;una setmana a l&#8217;escola hem realitzat diferents activitats per tal de celebrar el Carnaval.<\/p>\n<ul>\n<li>Dilluns 5 de febrer per la tarda va arribar el pregoner del Rei Carnestoltes. Ens va llegir un preg\u00f3 molt divertit i va repartir les ordres.<\/li>\n<li>Del dimarts 6 a divendres 9 de febrer al mat\u00ed. Vam realitzat les ordres que ens va deixar, podeu visitar els blogs de les classes on hem posat les fotos tant divertides d&#8217;aquests dies.<\/li>\n<li>Divendres 9 de febrer per la tarda: GRAN FESTA DE CARNAVAL<\/li>\n<\/ul>\n<p>Primer vam realitzar una petit rua per la pista de l&#8217;escola.<\/p>\n<figure id=\"attachment_1022\" aria-describedby=\"caption-attachment-1022\" style=\"width: 1024px\" class=\"wp-caption aligncenter\"><a href=\"https:\/\/drive.google.com\/file\/d\/13eo0DFheQuHifHAluChFAMEg1GEgiu3p\/view?usp=sharing\"><img loading=\"lazy\" decoding=\"async\" class=\"wp-image-1022 size-large\" src=\"http:\/\/agora.xtec.cat\/ceip-simeo-rabasa\/wp-content\/uploads\/usu903\/2018\/02\/6\u00e8-carnaval-1024x676.jpg\" alt=\"\" width=\"1024\" height=\"676\" srcset=\"https:\/\/agora.xtec.cat\/ceip-simeo-rabasa\/wp-content\/uploads\/usu903\/2018\/02\/6\u00e8-carnaval-1024x676.jpg 1024w, https:\/\/agora.xtec.cat\/ceip-simeo-rabasa\/wp-content\/uploads\/usu903\/2018\/02\/6\u00e8-carnaval-300x198.jpg 300w, https:\/\/agora.xtec.cat\/ceip-simeo-rabasa\/wp-content\/uploads\/usu903\/2018\/02\/6\u00e8-carnaval-768x507.jpg 768w, https:\/\/agora.xtec.cat\/ceip-simeo-rabasa\/wp-content\/uploads\/usu903\/2018\/02\/6\u00e8-carnaval.jpg 1326w\" sizes=\"auto, (max-width: 1024px) 100vw, 1024px\" \/><\/a><figcaption id=\"caption-attachment-1022\" class=\"wp-caption-text\">V\u00cdDEO PETITA RUA CARNAVAL 2018<\/figcaption><\/figure>\n<p>&nbsp;<\/p>\n<p>M\u00e9s tard els nens i nenes de l&#8217;escola Sime\u00f3 Rabasa van demostrar que s\u00f3n uns grans ARTISTES!!! El professorat d&#8217;aquesta escola hem fet una molt bona feina al crear entre tots aquest GRAN ESPECTACLE\u00a0al voltant del projecte Els Drets dels Infants. Estem editant el v\u00eddeo, aviat el tindrem preparat per compartir-lo amb tothom.<\/p>\n<p>&nbsp;<\/p>\n<p><a href=\"https:\/\/drive.google.com\/open?id=14uMP5KFbule6P2f-OQnJiJr8CVtYg_xT\">V\u00cdDEO DANSES DRETS INFANTS<\/a><\/p>\n","protected":false},"excerpt":{"rendered":"<p>Al llarg d&#8217;una setmana a l&#8217;escola hem realitzat diferents activitats per tal de celebrar el Carnaval.<\/p>\n","protected":false},"author":1,"featured_media":1017,"comment_status":"open","ping_status":"closed","sticky":false,"template":"","format":"standard","meta":{"_bbp_topic_count":0,"_bbp_reply_count":0,"_bbp_total_topic_count":0,"_bbp_total_reply_count":0,"_bbp_voice_count":0,"_bbp_anonymous_reply_count":0,"_bbp_topic_count_hidden":0,"_bbp_reply_count_hidden":0,"_bbp_forum_subforum_count":0,"site-sidebar-layout":"default","site-content-layout":"","ast-site-content-layout":"","site-content-style":"default","site-sidebar-style":"default","ast-global-header-display":"","ast-banner-title-visibility":"","ast-main-header-display":"","ast-hfb-above-header-display":"","ast-hfb-below-header-display":"","ast-hfb-mobile-header-display":"","site-post-title":"","ast-breadcrumbs-content":"","ast-featured-img":"","footer-sml-layout":"","theme-transparent-header-meta":"","adv-header-id-meta":"","stick-header-meta":"","header-above-stick-meta":"","header-main-stick-meta":"","header-below-stick-meta":"","astra-migrate-meta-layouts":"default","ast-page-background-enabled":"default","ast-page-background-meta":{"desktop":{"background-color":"var(--ast-global-color-4)","background-image":"","background-repeat":"repeat","background-position":"center center","background-size":"auto","background-attachment":"scroll","background-type":"","background-media":"","overlay-type":"","overlay-color":"","overlay-opacity":"","overlay-gradient":""},"tablet":{"background-color":"","background-image":"","background-repeat":"repeat","background-position":"center center","background-size":"auto","background-attachment":"scroll","background-type":"","background-media":"","overlay-type":"","overlay-color":"","overlay-opacity":"","overlay-gradient":""},"mobile":{"background-color":"","background-image":"","background-repeat":"repeat","background-position":"center center","background-size":"auto","background-attachment":"scroll","background-type":"","background-media":"","overlay-type":"","overlay-color":"","overlay-opacity":"","overlay-gradient":""}},"ast-content-background-meta":{"desktop":{"background-color":"var(--ast-global-color-5)","background-image":"","background-repeat":"repeat","background-position":"center center","background-size":"auto","background-attachment":"scroll","background-type":"","background-media":"","overlay-type":"","overlay-color":"","overlay-opacity":"","overlay-gradient":""},"tablet":{"background-color":"var(--ast-global-color-5)","background-image":"","background-repeat":"repeat","background-position":"center center","background-size":"auto","background-attachment":"scroll","background-type":"","background-media":"","overlay-type":"","overlay-color":"","overlay-opacity":"","overlay-gradient":""},"mobile":{"background-color":"var(--ast-global-color-5)","background-image":"","background-repeat":"repeat","background-position":"center center","background-size":"auto","background-attachment":"scroll","background-type":"","background-media":"","overlay-type":"","overlay-color":"","overlay-opacity":"","overlay-gradient":""}},"footnotes":""},"categories":[38,22,1,4],"tags":[100,25],"class_list":["post-1015","post","type-post","status-publish","format-standard","has-post-thumbnail","hentry","category-carnaval","category-festes","category-general","category-portada","tag-carnaval","tag-festes"],"post_mailing_queue_ids":[],"_links":{"self":[{"href":"https:\/\/agora.xtec.cat\/ceip-simeo-rabasa\/wp-json\/wp\/v2\/posts\/1015","targetHints":{"allow":["GET"]}}],"collection":[{"href":"https:\/\/agora.xtec.cat\/ceip-simeo-rabasa\/wp-json\/wp\/v2\/posts"}],"about":[{"href":"https:\/\/agora.xtec.cat\/ceip-simeo-rabasa\/wp-json\/wp\/v2\/types\/post"}],"author":[{"embeddable":true,"href":"https:\/\/agora.xtec.cat\/ceip-simeo-rabasa\/wp-json\/wp\/v2\/users\/1"}],"replies":[{"embeddable":true,"href":"https:\/\/agora.xtec.cat\/ceip-simeo-rabasa\/wp-json\/wp\/v2\/comments?post=1015"}],"version-history":[{"count":3,"href":"https:\/\/agora.xtec.cat\/ceip-simeo-rabasa\/wp-json\/wp\/v2\/posts\/1015\/revisions"}],"predecessor-version":[{"id":1134,"href":"https:\/\/agora.xtec.cat\/ceip-simeo-rabasa\/wp-json\/wp\/v2\/posts\/1015\/revisions\/1134"}],"wp:featuredmedia":[{"embeddable":true,"href":"https:\/\/agora.xtec.cat\/ceip-simeo-rabasa\/wp-json\/wp\/v2\/media\/1017"}],"wp:attachment":[{"href":"https:\/\/agora.xtec.cat\/ceip-simeo-rabasa\/wp-json\/wp\/v2\/media?parent=1015"}],"wp:term":[{"taxonomy":"category","embeddable":true,"href":"https:\/\/agora.xtec.cat\/ceip-simeo-rabasa\/wp-json\/wp\/v2\/categories?post=1015"},{"taxonomy":"post_tag","embeddable":true,"href":"https:\/\/agora.xtec.cat\/ceip-simeo-rabasa\/wp-json\/wp\/v2\/tags?post=1015"}],"curies":[{"name":"wp","href":"https:\/\/api.w.org\/{rel}","templated":true}]}}