{"id":1013,"date":"2018-02-12T19:51:10","date_gmt":"2018-02-12T18:51:10","guid":{"rendered":"http:\/\/agora.xtec.cat\/ceip-simeo-rabasa\/?p=1013"},"modified":"2018-02-24T21:08:17","modified_gmt":"2018-02-24T20:08:17","slug":"realitzem-sortides-molt-competencials","status":"publish","type":"post","link":"https:\/\/agora.xtec.cat\/ceip-simeo-rabasa\/general\/realitzem-sortides-molt-competencials\/","title":{"rendered":"REALITZEM  SORTIDES MOLT COMPETENCIALS"},"content":{"rendered":"<p>Divendres 16 de febrer, la classe de 6\u00e8 anir\u00e0 a visitar La casa de les Aig\u00fces de Montcada i Reixac.<\/p>\n<p>Per tal de con\u00e8ixer millor el m\u00f3n que ens envolta,\u00a0\u00a0a classe realitzaran les seg\u00fcents activitats:<\/p>\n<h4><span style=\"color: #0000ff;\">PREPARACI\u00d3 :<\/span><\/h4>\n<p><img loading=\"lazy\" decoding=\"async\" class=\"wp-image-1036 alignleft\" src=\"http:\/\/agora.xtec.cat\/ceip-simeo-rabasa\/wp-content\/uploads\/usu903\/2018\/02\/IMG_4219-e1518554375683-768x1024.jpg\" alt=\"\" width=\"331\" height=\"441\" srcset=\"https:\/\/agora.xtec.cat\/ceip-simeo-rabasa\/wp-content\/uploads\/usu903\/2018\/02\/IMG_4219-e1518554375683-768x1024.jpg 768w, https:\/\/agora.xtec.cat\/ceip-simeo-rabasa\/wp-content\/uploads\/usu903\/2018\/02\/IMG_4219-e1518554375683-225x300.jpg 225w\" sizes=\"auto, (max-width: 331px) 100vw, 331px\" \/>En equips de dos o tres alumnes, amb ipads cercaran informaci\u00f3 sobre:<\/p>\n<ul>\n<li>\u00a0Lloc que anem a visitar.<\/li>\n<li>Com arribar.<\/li>\n<li>Previsi\u00f3 del temps.<\/li>\n<li>&#8230;<\/li>\n<\/ul>\n<p>Amb tota la informaci\u00f3 crearan un document Pages on explicaran qu\u00e8 anem a visitar, la ruta que portar\u00e0 l&#8217;autocar, segons la previsi\u00f3 del temps qu\u00e8 hem de portar i deixarem espai per fer la valoraci\u00f3 i fotografies de la sortida.<\/p>\n<p>&nbsp;<\/p>\n<figure id=\"attachment_1035\" aria-describedby=\"caption-attachment-1035\" style=\"width: 389px\" class=\"wp-caption aligncenter\"><a href=\"https:\/\/drive.google.com\/file\/d\/1BU2MkPahij2vpAnx-I75vzwybMMOnkax\/view?usp=sharing\"><img loading=\"lazy\" decoding=\"async\" class=\"wp-image-1035\" src=\"http:\/\/agora.xtec.cat\/ceip-simeo-rabasa\/wp-content\/uploads\/usu903\/2018\/02\/IMG_4218-e1518554392918-768x1024.jpg\" alt=\"\" width=\"389\" height=\"518\" srcset=\"https:\/\/agora.xtec.cat\/ceip-simeo-rabasa\/wp-content\/uploads\/usu903\/2018\/02\/IMG_4218-e1518554392918-768x1024.jpg 768w, https:\/\/agora.xtec.cat\/ceip-simeo-rabasa\/wp-content\/uploads\/usu903\/2018\/02\/IMG_4218-e1518554392918-225x300.jpg 225w\" sizes=\"auto, (max-width: 389px) 100vw, 389px\" \/><\/a><figcaption id=\"caption-attachment-1035\" class=\"wp-caption-text\">CLIQUEU A LA FOTOGRAFIA PER VEURE EL V\u00cdDEO DE LA PREPARACI\u00d3 DE LA SORTIDA.<\/figcaption><\/figure>\n<p>&nbsp;<\/p>\n<h4><span style=\"color: #993366;\">REALITZACI\u00d3 SORTIDA:<\/span><\/h4>\n<p>&nbsp;<\/p>\n<figure id=\"attachment_1076\" aria-describedby=\"caption-attachment-1076\" style=\"width: 691px\" class=\"wp-caption aligncenter\"><a href=\"https:\/\/drive.google.com\/file\/d\/1P8vMJclJejX66gITBtkCG0KbOs26JHDG\/view?usp=sharing\"><img loading=\"lazy\" decoding=\"async\" class=\"wp-image-1076\" src=\"http:\/\/agora.xtec.cat\/ceip-simeo-rabasa\/wp-content\/uploads\/usu903\/2018\/02\/IMG_6037-1024x768.jpg\" alt=\"\" width=\"691\" height=\"518\" srcset=\"https:\/\/agora.xtec.cat\/ceip-simeo-rabasa\/wp-content\/uploads\/usu903\/2018\/02\/IMG_6037-1024x768.jpg 1024w, https:\/\/agora.xtec.cat\/ceip-simeo-rabasa\/wp-content\/uploads\/usu903\/2018\/02\/IMG_6037-300x225.jpg 300w, https:\/\/agora.xtec.cat\/ceip-simeo-rabasa\/wp-content\/uploads\/usu903\/2018\/02\/IMG_6037-768x576.jpg 768w, https:\/\/agora.xtec.cat\/ceip-simeo-rabasa\/wp-content\/uploads\/usu903\/2018\/02\/IMG_6037-200x150.jpg 200w, https:\/\/agora.xtec.cat\/ceip-simeo-rabasa\/wp-content\/uploads\/usu903\/2018\/02\/IMG_6037.jpg 1632w\" sizes=\"auto, (max-width: 691px) 100vw, 691px\" \/><\/a><figcaption id=\"caption-attachment-1076\" class=\"wp-caption-text\">CLIQUEU LA FOTO PER VEURE EL V\u00cdDEO RESUM DE LA VISITA A LA CASA DE LES AIG\u00dcES, alumnes 6\u00e8.<\/figcaption><\/figure>\n<p>&nbsp;<\/p>\n<h4><span style=\"color: #339966;\">VALORACI\u00d3 SORTIDA:<\/span><\/h4>\n<p>Cada grup d&#8217;alumnes acabar\u00e0 d&#8217;omplir el seu document de la sortida realitzant la valoraci\u00f3.<\/p>\n<p>Aqu\u00ed podeu veure una mostra d&#8217;aquest bons treballs realitzats pels nens i nenes de 6\u00e8.<\/p>\n<p><a href=\"http:\/\/agora.xtec.cat\/ceip-simeo-rabasa\/wp-content\/uploads\/usu903\/2018\/02\/Casa-de-les-aig\u00fces-Abdessamad-Joan-i-Sergi.pdf\">Casa de les aig\u00fces Abdessamad, Joan i Sergi<\/a><\/p>\n<p><a href=\"http:\/\/agora.xtec.cat\/ceip-simeo-rabasa\/wp-content\/uploads\/usu903\/2018\/02\/Lidia-i-Sandra.pdf\">Lidia i Sandra<\/a><\/p>\n\n<p>&nbsp;<\/p>\n","protected":false},"excerpt":{"rendered":"<p>Divendres 16 de febrer, la classe de 6\u00e8 anir\u00e0 a visitar La casa de les Aig\u00fces de Montcada i Reixac.<\/p>\n","protected":false},"author":1,"featured_media":1076,"comment_status":"open","ping_status":"closed","sticky":false,"template":"","format":"standard","meta":{"_bbp_topic_count":0,"_bbp_reply_count":0,"_bbp_total_topic_count":0,"_bbp_total_reply_count":0,"_bbp_voice_count":0,"_bbp_anonymous_reply_count":0,"_bbp_topic_count_hidden":0,"_bbp_reply_count_hidden":0,"_bbp_forum_subforum_count":0,"site-sidebar-layout":"default","site-content-layout":"","ast-site-content-layout":"","site-content-style":"default","site-sidebar-style":"default","ast-global-header-display":"","ast-banner-title-visibility":"","ast-main-header-display":"","ast-hfb-above-header-display":"","ast-hfb-below-header-display":"","ast-hfb-mobile-header-display":"","site-post-title":"","ast-breadcrumbs-content":"","ast-featured-img":"","footer-sml-layout":"","theme-transparent-header-meta":"","adv-header-id-meta":"","stick-header-meta":"","header-above-stick-meta":"","header-main-stick-meta":"","header-below-stick-meta":"","astra-migrate-meta-layouts":"default","ast-page-background-enabled":"default","ast-page-background-meta":{"desktop":{"background-color":"var(--ast-global-color-4)","background-image":"","background-repeat":"repeat","background-position":"center center","background-size":"auto","background-attachment":"scroll","background-type":"","background-media":"","overlay-type":"","overlay-color":"","overlay-opacity":"","overlay-gradient":""},"tablet":{"background-color":"","background-image":"","background-repeat":"repeat","background-position":"center center","background-size":"auto","background-attachment":"scroll","background-type":"","background-media":"","overlay-type":"","overlay-color":"","overlay-opacity":"","overlay-gradient":""},"mobile":{"background-color":"","background-image":"","background-repeat":"repeat","background-position":"center center","background-size":"auto","background-attachment":"scroll","background-type":"","background-media":"","overlay-type":"","overlay-color":"","overlay-opacity":"","overlay-gradient":""}},"ast-content-background-meta":{"desktop":{"background-color":"var(--ast-global-color-5)","background-image":"","background-repeat":"repeat","background-position":"center center","background-size":"auto","background-attachment":"scroll","background-type":"","background-media":"","overlay-type":"","overlay-color":"","overlay-opacity":"","overlay-gradient":""},"tablet":{"background-color":"var(--ast-global-color-5)","background-image":"","background-repeat":"repeat","background-position":"center center","background-size":"auto","background-attachment":"scroll","background-type":"","background-media":"","overlay-type":"","overlay-color":"","overlay-opacity":"","overlay-gradient":""},"mobile":{"background-color":"var(--ast-global-color-5)","background-image":"","background-repeat":"repeat","background-position":"center center","background-size":"auto","background-attachment":"scroll","background-type":"","background-media":"","overlay-type":"","overlay-color":"","overlay-opacity":"","overlay-gradient":""}},"footnotes":""},"categories":[15,79,1,4],"tags":[],"class_list":["post-1013","post","type-post","status-publish","format-standard","has-post-thumbnail","hentry","category-6e","category-articles","category-general","category-portada"],"post_mailing_queue_ids":[],"_links":{"self":[{"href":"https:\/\/agora.xtec.cat\/ceip-simeo-rabasa\/wp-json\/wp\/v2\/posts\/1013","targetHints":{"allow":["GET"]}}],"collection":[{"href":"https:\/\/agora.xtec.cat\/ceip-simeo-rabasa\/wp-json\/wp\/v2\/posts"}],"about":[{"href":"https:\/\/agora.xtec.cat\/ceip-simeo-rabasa\/wp-json\/wp\/v2\/types\/post"}],"author":[{"embeddable":true,"href":"https:\/\/agora.xtec.cat\/ceip-simeo-rabasa\/wp-json\/wp\/v2\/users\/1"}],"replies":[{"embeddable":true,"href":"https:\/\/agora.xtec.cat\/ceip-simeo-rabasa\/wp-json\/wp\/v2\/comments?post=1013"}],"version-history":[{"count":4,"href":"https:\/\/agora.xtec.cat\/ceip-simeo-rabasa\/wp-json\/wp\/v2\/posts\/1013\/revisions"}],"predecessor-version":[{"id":1205,"href":"https:\/\/agora.xtec.cat\/ceip-simeo-rabasa\/wp-json\/wp\/v2\/posts\/1013\/revisions\/1205"}],"wp:featuredmedia":[{"embeddable":true,"href":"https:\/\/agora.xtec.cat\/ceip-simeo-rabasa\/wp-json\/wp\/v2\/media\/1076"}],"wp:attachment":[{"href":"https:\/\/agora.xtec.cat\/ceip-simeo-rabasa\/wp-json\/wp\/v2\/media?parent=1013"}],"wp:term":[{"taxonomy":"category","embeddable":true,"href":"https:\/\/agora.xtec.cat\/ceip-simeo-rabasa\/wp-json\/wp\/v2\/categories?post=1013"},{"taxonomy":"post_tag","embeddable":true,"href":"https:\/\/agora.xtec.cat\/ceip-simeo-rabasa\/wp-json\/wp\/v2\/tags?post=1013"}],"curies":[{"name":"wp","href":"https:\/\/api.w.org\/{rel}","templated":true}]}}