{"id":961,"date":"2017-06-16T09:50:39","date_gmt":"2017-06-16T07:50:39","guid":{"rendered":"http:\/\/agora.xtec.cat\/ceip-serramarina-sta-coloma\/?p=961"},"modified":"2017-06-16T09:53:18","modified_gmt":"2017-06-16T07:53:18","slug":"concerts-de-fi-de-curs-i-graduacions","status":"publish","type":"post","link":"https:\/\/agora.xtec.cat\/ceip-serramarina-sta-coloma\/general\/concerts-de-fi-de-curs-i-graduacions\/","title":{"rendered":"Concerts de  Fi de Curs i Graduacions"},"content":{"rendered":"<p style=\"text-align: justify;\">Com els darrers anys, aquest final de curs tamb\u00e9 el podrem celebrar al Teatre Josep Ma. de Sagarra. Com que l&#8217;aforament \u00e9s limitat i volem que el major nombre de fam\u00edlies pugui venir a\u00a0 gaudir del concert amb nosaltres l&#8217;hem organitzat en tres torns. Seran el dia <strong>20 de juny <\/strong>(dimarts).<\/p>\n<h4 style=\"text-align: justify;\">9.30h 1r, 2n i 3r<\/h4>\n<p style=\"text-align: justify;\">Els alumnes aniran directament al teatre i <strong>han d\u2019estar a les 9h. <\/strong>Al finalitzar, tornaran a l\u2019escola acompanyats pel seus professors\/es.<\/p>\n<h4 style=\"text-align: justify;\">11.30h P3, P4 i P5<\/h4>\n<p style=\"text-align: justify;\">Al finalitzar, els alumnes que no fan \u00fas del menjador escolar, podran anar a casa directament, sempre que sigui acompanyats pel pare\/mare o tutor i amb el coneixement de la professora\/tutora. La resta d\u2019alumnes tornaran a l\u2019escola amb les seves professores.<\/p>\n<h4 style=\"text-align: justify;\">15.30h 4t, 5\u00e8 i 6\u00e8.<\/h4>\n<p style=\"text-align: justify;\">Els alumnes aniran directament al teatre i <strong>han d\u2019estar a les 15h<\/strong>. Al finalitzar el concert, tornaran a casa amb els seus pares\/mares o tutors i sempre amb el coneixement dels professors\/tutors.<\/p>\n","protected":false},"excerpt":{"rendered":"<p>Com els darrers anys, aquest final de curs tamb\u00e9 el podrem celebrar al Teatre Josep Ma. de Sagarra. Com que l&#8217;aforament \u00e9s limitat i volem que el major nombre de fam\u00edlies pugui venir a\u00a0 gaudir del concert amb nosaltres l&#8217;hem organitzat en tres torns. Seran&hellip;  <a href=\"https:\/\/agora.xtec.cat\/ceip-serramarina-sta-coloma\/general\/concerts-de-fi-de-curs-i-graduacions\/\" title=\"Read Concerts de  Fi de Curs i Graduacions\">Llegeix m\u00e9s\u00bb<\/a><\/p>\n","protected":false},"author":3,"featured_media":0,"comment_status":"closed","ping_status":"closed","sticky":false,"template":"","format":"standard","meta":{"_bbp_topic_count":0,"_bbp_reply_count":0,"_bbp_total_topic_count":0,"_bbp_total_reply_count":0,"_bbp_voice_count":0,"_bbp_anonymous_reply_count":0,"_bbp_topic_count_hidden":0,"_bbp_reply_count_hidden":0,"_bbp_forum_subforum_count":0,"footnotes":""},"categories":[52,2,5,22,1,48,4],"tags":[56,60,54,63],"class_list":["post-961","post","type-post","status-publish","format-standard","hentry","category-2016-2017","category-infantil","category-primaria","category-festes","category-general","category-musica","category-portada","tag-familia","tag-infantil","tag-musica","tag-primaria"],"post_mailing_queue_ids":[],"_links":{"self":[{"href":"https:\/\/agora.xtec.cat\/ceip-serramarina-sta-coloma\/wp-json\/wp\/v2\/posts\/961","targetHints":{"allow":["GET"]}}],"collection":[{"href":"https:\/\/agora.xtec.cat\/ceip-serramarina-sta-coloma\/wp-json\/wp\/v2\/posts"}],"about":[{"href":"https:\/\/agora.xtec.cat\/ceip-serramarina-sta-coloma\/wp-json\/wp\/v2\/types\/post"}],"author":[{"embeddable":true,"href":"https:\/\/agora.xtec.cat\/ceip-serramarina-sta-coloma\/wp-json\/wp\/v2\/users\/3"}],"replies":[{"embeddable":true,"href":"https:\/\/agora.xtec.cat\/ceip-serramarina-sta-coloma\/wp-json\/wp\/v2\/comments?post=961"}],"version-history":[{"count":3,"href":"https:\/\/agora.xtec.cat\/ceip-serramarina-sta-coloma\/wp-json\/wp\/v2\/posts\/961\/revisions"}],"predecessor-version":[{"id":969,"href":"https:\/\/agora.xtec.cat\/ceip-serramarina-sta-coloma\/wp-json\/wp\/v2\/posts\/961\/revisions\/969"}],"wp:attachment":[{"href":"https:\/\/agora.xtec.cat\/ceip-serramarina-sta-coloma\/wp-json\/wp\/v2\/media?parent=961"}],"wp:term":[{"taxonomy":"category","embeddable":true,"href":"https:\/\/agora.xtec.cat\/ceip-serramarina-sta-coloma\/wp-json\/wp\/v2\/categories?post=961"},{"taxonomy":"post_tag","embeddable":true,"href":"https:\/\/agora.xtec.cat\/ceip-serramarina-sta-coloma\/wp-json\/wp\/v2\/tags?post=961"}],"curies":[{"name":"wp","href":"https:\/\/api.w.org\/{rel}","templated":true}]}}