{"id":866,"date":"2017-04-05T10:28:32","date_gmt":"2017-04-05T08:28:32","guid":{"rendered":"http:\/\/agora.xtec.cat\/ceip-serramarina-sta-coloma\/?p=866"},"modified":"2017-04-05T10:28:32","modified_gmt":"2017-04-05T08:28:32","slug":"taller-de-natura","status":"publish","type":"post","link":"https:\/\/agora.xtec.cat\/ceip-serramarina-sta-coloma\/primaria\/3r\/taller-de-natura\/","title":{"rendered":"Taller de natura"},"content":{"rendered":"<p><iframe loading=\"lazy\" width=\"560\" height=\"315\" src=\"https:\/\/www.youtube.com\/embed\/Jd7F0GF06zw\" frameborder=\"0\" allowfullscreen><\/iframe><br \/>\nA l\u2019\u00e0rea de Naturals estem  treballant els animals vertebrats i invertebrats. Per parelles hem fet uns esquemes murals que recullen les principals caracter\u00edstiques de cada grup d\u2019animals (classificaci\u00f3, alimentaci\u00f3, reproducci\u00f3, despla\u00e7ament, pell i altres&#8230;). Entre tots i totes hem realitzat una confer\u00e8ncia a l\u2019aula sobre aquest tema. Aprenem a treballar amb els altres, a escoltar-nos i a parlar en p\u00fablic.<\/p>\n","protected":false},"excerpt":{"rendered":"<p>A l\u2019\u00e0rea de Naturals estem  treballant els animals vertebrats i invertebrats. Per parelles hem fet uns esquemes murals que recullen les principals caracter\u00edstiques de cada grup d\u2019animals (classificaci\u00f3, alimentaci\u00f3, reproducci\u00f3, despla\u00e7ament, pell i altres&#8230;). Entre tots i totes hem realitzat una confer\u00e8ncia a l\u2019aula&hellip;  <a href=\"https:\/\/agora.xtec.cat\/ceip-serramarina-sta-coloma\/primaria\/3r\/taller-de-natura\/\" title=\"Read Taller de natura\">Llegeix m\u00e9s\u00bb<\/a><\/p>\n","protected":false},"author":3,"featured_media":867,"comment_status":"closed","ping_status":"open","sticky":false,"template":"","format":"standard","meta":{"_bbp_topic_count":0,"_bbp_reply_count":0,"_bbp_total_topic_count":0,"_bbp_total_reply_count":0,"_bbp_voice_count":0,"_bbp_anonymous_reply_count":0,"_bbp_topic_count_hidden":0,"_bbp_reply_count_hidden":0,"_bbp_forum_subforum_count":0,"footnotes":""},"categories":[12,23,52],"tags":[61,68,24],"class_list":["post-866","post","type-post","status-publish","format-standard","has-post-thumbnail","hentry","category-3r","category-a-classe","category-2016-2017","tag-a-classe","tag-cm","tag-taller"],"post_mailing_queue_ids":[],"_links":{"self":[{"href":"https:\/\/agora.xtec.cat\/ceip-serramarina-sta-coloma\/wp-json\/wp\/v2\/posts\/866","targetHints":{"allow":["GET"]}}],"collection":[{"href":"https:\/\/agora.xtec.cat\/ceip-serramarina-sta-coloma\/wp-json\/wp\/v2\/posts"}],"about":[{"href":"https:\/\/agora.xtec.cat\/ceip-serramarina-sta-coloma\/wp-json\/wp\/v2\/types\/post"}],"author":[{"embeddable":true,"href":"https:\/\/agora.xtec.cat\/ceip-serramarina-sta-coloma\/wp-json\/wp\/v2\/users\/3"}],"replies":[{"embeddable":true,"href":"https:\/\/agora.xtec.cat\/ceip-serramarina-sta-coloma\/wp-json\/wp\/v2\/comments?post=866"}],"version-history":[{"count":1,"href":"https:\/\/agora.xtec.cat\/ceip-serramarina-sta-coloma\/wp-json\/wp\/v2\/posts\/866\/revisions"}],"predecessor-version":[{"id":868,"href":"https:\/\/agora.xtec.cat\/ceip-serramarina-sta-coloma\/wp-json\/wp\/v2\/posts\/866\/revisions\/868"}],"wp:featuredmedia":[{"embeddable":true,"href":"https:\/\/agora.xtec.cat\/ceip-serramarina-sta-coloma\/wp-json\/wp\/v2\/media\/867"}],"wp:attachment":[{"href":"https:\/\/agora.xtec.cat\/ceip-serramarina-sta-coloma\/wp-json\/wp\/v2\/media?parent=866"}],"wp:term":[{"taxonomy":"category","embeddable":true,"href":"https:\/\/agora.xtec.cat\/ceip-serramarina-sta-coloma\/wp-json\/wp\/v2\/categories?post=866"},{"taxonomy":"post_tag","embeddable":true,"href":"https:\/\/agora.xtec.cat\/ceip-serramarina-sta-coloma\/wp-json\/wp\/v2\/tags?post=866"}],"curies":[{"name":"wp","href":"https:\/\/api.w.org\/{rel}","templated":true}]}}