{"id":8281,"date":"2024-01-16T11:45:10","date_gmt":"2024-01-16T10:45:10","guid":{"rendered":"https:\/\/agora.xtec.cat\/ceip-serramarina-sta-coloma\/?p=8281"},"modified":"2024-01-16T11:45:10","modified_gmt":"2024-01-16T10:45:10","slug":"5e-b-acabem-projecte-dels-marcians","status":"publish","type":"post","link":"https:\/\/agora.xtec.cat\/ceip-serramarina-sta-coloma\/primaria\/5e\/5e-b-acabem-projecte-dels-marcians\/","title":{"rendered":"5\u00e8 B ACABEM PROJECTE DELS MARCIANS!"},"content":{"rendered":"<p><iframe loading=\"lazy\" title=\"SRR 23-24 CG 021\" width=\"500\" height=\"281\" src=\"https:\/\/www.youtube.com\/embed\/qXMnvjqJtDA?feature=oembed\" frameborder=\"0\" allow=\"accelerometer; autoplay; clipboard-write; encrypted-media; gyroscope; picture-in-picture; web-share\" referrerpolicy=\"strict-origin-when-cross-origin\" allowfullscreen><\/iframe><\/p>\n<p><span style=\"font-weight: 400\">Aquest \u00faltim mes la classe de 5\u00e8 B hem acabat el projecte de terr\u00edcoles i marcians i per aix\u00f2 hem fet unes portades de l\u2019\u00e0lbum s\u00faper divertides i hem fet un casc d\u2019astronauta.\u00a0<\/span><\/p>\n<p><span style=\"font-weight: 400\">A m\u00e9s a m\u00e9s, els alumnes han pogut gaudir d\u2019un final de trimestre amb un esmorzar comunitari, cada nen i nena ha portat aliments que hem compartit entre tots. Mireu qu\u00e8 b\u00e9 s\u2019ho han passat!<\/span><\/p>\n","protected":false},"excerpt":{"rendered":"<p>Aquest \u00faltim mes la classe de 5\u00e8 B hem acabat el projecte de terr\u00edcoles i marcians i per aix\u00f2 hem fet unes portades de l\u2019\u00e0lbum s\u00faper divertides i hem fet un casc d\u2019astronauta.\u00a0<br \/>\nA m\u00e9s a m\u00e9s, els alumnes han pogut gaudir d\u2019un final de trimestre&hellip;  <a href=\"https:\/\/agora.xtec.cat\/ceip-serramarina-sta-coloma\/primaria\/5e\/5e-b-acabem-projecte-dels-marcians\/\" title=\"Read 5\u00e8 B ACABEM PROJECTE DELS MARCIANS!\">Llegeix m\u00e9s\u00bb<\/a><\/p>\n","protected":false},"author":14,"featured_media":0,"comment_status":"closed","ping_status":"closed","sticky":false,"template":"","format":"standard","meta":{"_bbp_topic_count":0,"_bbp_reply_count":0,"_bbp_total_topic_count":0,"_bbp_total_reply_count":0,"_bbp_voice_count":0,"_bbp_anonymous_reply_count":0,"_bbp_topic_count_hidden":0,"_bbp_reply_count_hidden":0,"_bbp_forum_subforum_count":0,"footnotes":""},"categories":[14,113,98],"tags":[],"class_list":["post-8281","post","type-post","status-publish","format-standard","hentry","category-5e","category-curs-2023-2024","category-dia-a-dia-lescola"],"post_mailing_queue_ids":[],"_links":{"self":[{"href":"https:\/\/agora.xtec.cat\/ceip-serramarina-sta-coloma\/wp-json\/wp\/v2\/posts\/8281","targetHints":{"allow":["GET"]}}],"collection":[{"href":"https:\/\/agora.xtec.cat\/ceip-serramarina-sta-coloma\/wp-json\/wp\/v2\/posts"}],"about":[{"href":"https:\/\/agora.xtec.cat\/ceip-serramarina-sta-coloma\/wp-json\/wp\/v2\/types\/post"}],"author":[{"embeddable":true,"href":"https:\/\/agora.xtec.cat\/ceip-serramarina-sta-coloma\/wp-json\/wp\/v2\/users\/14"}],"replies":[{"embeddable":true,"href":"https:\/\/agora.xtec.cat\/ceip-serramarina-sta-coloma\/wp-json\/wp\/v2\/comments?post=8281"}],"version-history":[{"count":1,"href":"https:\/\/agora.xtec.cat\/ceip-serramarina-sta-coloma\/wp-json\/wp\/v2\/posts\/8281\/revisions"}],"predecessor-version":[{"id":8282,"href":"https:\/\/agora.xtec.cat\/ceip-serramarina-sta-coloma\/wp-json\/wp\/v2\/posts\/8281\/revisions\/8282"}],"wp:attachment":[{"href":"https:\/\/agora.xtec.cat\/ceip-serramarina-sta-coloma\/wp-json\/wp\/v2\/media?parent=8281"}],"wp:term":[{"taxonomy":"category","embeddable":true,"href":"https:\/\/agora.xtec.cat\/ceip-serramarina-sta-coloma\/wp-json\/wp\/v2\/categories?post=8281"},{"taxonomy":"post_tag","embeddable":true,"href":"https:\/\/agora.xtec.cat\/ceip-serramarina-sta-coloma\/wp-json\/wp\/v2\/tags?post=8281"}],"curies":[{"name":"wp","href":"https:\/\/api.w.org\/{rel}","templated":true}]}}