{"id":7990,"date":"2023-10-03T13:39:14","date_gmt":"2023-10-03T11:39:14","guid":{"rendered":"https:\/\/agora.xtec.cat\/ceip-serramarina-sta-coloma\/?p=7990"},"modified":"2023-10-03T13:39:14","modified_gmt":"2023-10-03T11:39:14","slug":"paraules-boniques-4t","status":"publish","type":"post","link":"https:\/\/agora.xtec.cat\/ceip-serramarina-sta-coloma\/primaria\/4t\/paraules-boniques-4t\/","title":{"rendered":"LES PARAULES BONIQUES DE 4t B"},"content":{"rendered":"<p><iframe loading=\"lazy\" title=\"SRR 23-24 CG 003\" width=\"500\" height=\"281\" src=\"https:\/\/www.youtube.com\/embed\/m1qar0wShAw?feature=oembed\" frameborder=\"0\" allow=\"accelerometer; autoplay; clipboard-write; encrypted-media; gyroscope; picture-in-picture; web-share\" referrerpolicy=\"strict-origin-when-cross-origin\" allowfullscreen><\/iframe><\/p>\n<p><span style=\"font-weight: 400\">L&#8217;alumnat de 4t hem comen\u00e7at l&#8217;\u00e0rea d&#8217;Espai Connectem recordant quant ens estimem!\u00a0<\/span><\/p>\n<p style=\"text-align: left\"><span style=\"font-weight: 400\">Hem fet una din\u00e0mica on cadasc\u00fa li ha escrit, de manera an\u00f2nima, a altre company\/a qualitats que pensa que t\u00e9 i que s\u00f3n importants d&#8217;assenyalar. D&#8217;aquesta manera tothom ha pogut escriure i rebre el seu paper i despr\u00e9s ho hem penjat a la classe perqu\u00e8 no ens n\u2019oblidem que tenim un munt de coses bones.<\/span><\/p>\n<p style=\"text-align: left\"><span style=\"font-weight: 400\">Aquesta activitat tamb\u00e9 ens serveix per comen\u00e7ar a escalfar motors i recordar <strong>adjectius<\/strong> que ens serviran molt quan comencem a treballar la descripci\u00f3!\u00a0<\/span><\/p>\n","protected":false},"excerpt":{"rendered":"<p>L&#8217;alumnat de 4t hem comen\u00e7at l&#8217;\u00e0rea d&#8217;Espai Connectem recordant quant ens estimem!\u00a0<br \/>\nHem fet una din\u00e0mica on cadasc\u00fa li ha escrit, de manera an\u00f2nima, a altre company\/a qualitats que pensa que t\u00e9 i que s\u00f3n importants d&#8217;assenyalar. D&#8217;aquesta manera tothom ha pogut escriure i rebre el&hellip;  <a href=\"https:\/\/agora.xtec.cat\/ceip-serramarina-sta-coloma\/primaria\/4t\/paraules-boniques-4t\/\" title=\"Read LES PARAULES BONIQUES DE 4t B\">Llegeix m\u00e9s\u00bb<\/a><\/p>\n","protected":false},"author":14,"featured_media":7992,"comment_status":"closed","ping_status":"closed","sticky":false,"template":"","format":"standard","meta":{"_bbp_topic_count":0,"_bbp_reply_count":0,"_bbp_total_topic_count":0,"_bbp_total_reply_count":0,"_bbp_voice_count":0,"_bbp_anonymous_reply_count":0,"_bbp_topic_count_hidden":0,"_bbp_reply_count_hidden":0,"_bbp_forum_subforum_count":0,"footnotes":""},"categories":[13,113,98],"tags":[],"class_list":["post-7990","post","type-post","status-publish","format-standard","has-post-thumbnail","hentry","category-4t","category-curs-2023-2024","category-dia-a-dia-lescola"],"post_mailing_queue_ids":[],"_links":{"self":[{"href":"https:\/\/agora.xtec.cat\/ceip-serramarina-sta-coloma\/wp-json\/wp\/v2\/posts\/7990","targetHints":{"allow":["GET"]}}],"collection":[{"href":"https:\/\/agora.xtec.cat\/ceip-serramarina-sta-coloma\/wp-json\/wp\/v2\/posts"}],"about":[{"href":"https:\/\/agora.xtec.cat\/ceip-serramarina-sta-coloma\/wp-json\/wp\/v2\/types\/post"}],"author":[{"embeddable":true,"href":"https:\/\/agora.xtec.cat\/ceip-serramarina-sta-coloma\/wp-json\/wp\/v2\/users\/14"}],"replies":[{"embeddable":true,"href":"https:\/\/agora.xtec.cat\/ceip-serramarina-sta-coloma\/wp-json\/wp\/v2\/comments?post=7990"}],"version-history":[{"count":2,"href":"https:\/\/agora.xtec.cat\/ceip-serramarina-sta-coloma\/wp-json\/wp\/v2\/posts\/7990\/revisions"}],"predecessor-version":[{"id":7993,"href":"https:\/\/agora.xtec.cat\/ceip-serramarina-sta-coloma\/wp-json\/wp\/v2\/posts\/7990\/revisions\/7993"}],"wp:featuredmedia":[{"embeddable":true,"href":"https:\/\/agora.xtec.cat\/ceip-serramarina-sta-coloma\/wp-json\/wp\/v2\/media\/7992"}],"wp:attachment":[{"href":"https:\/\/agora.xtec.cat\/ceip-serramarina-sta-coloma\/wp-json\/wp\/v2\/media?parent=7990"}],"wp:term":[{"taxonomy":"category","embeddable":true,"href":"https:\/\/agora.xtec.cat\/ceip-serramarina-sta-coloma\/wp-json\/wp\/v2\/categories?post=7990"},{"taxonomy":"post_tag","embeddable":true,"href":"https:\/\/agora.xtec.cat\/ceip-serramarina-sta-coloma\/wp-json\/wp\/v2\/tags?post=7990"}],"curies":[{"name":"wp","href":"https:\/\/api.w.org\/{rel}","templated":true}]}}