{"id":7810,"date":"2023-05-02T17:51:23","date_gmt":"2023-05-02T15:51:23","guid":{"rendered":"https:\/\/agora.xtec.cat\/ceip-serramarina-sta-coloma\/?p=7810"},"modified":"2023-05-02T17:51:23","modified_gmt":"2023-05-02T15:51:23","slug":"celebracio-de-sant-jordi","status":"publish","type":"post","link":"https:\/\/agora.xtec.cat\/ceip-serramarina-sta-coloma\/infantil\/celebracio-de-sant-jordi\/","title":{"rendered":"CELEBRACI\u00d3 DE SANT JORDI"},"content":{"rendered":"<p><iframe loading=\"lazy\" title=\"SRR 22-23 EI 095\" width=\"500\" height=\"375\" src=\"https:\/\/www.youtube.com\/embed\/oJ2m8ldDU5w?feature=oembed\" frameborder=\"0\" allow=\"accelerometer; autoplay; clipboard-write; encrypted-media; gyroscope; picture-in-picture; web-share\" referrerpolicy=\"strict-origin-when-cross-origin\" allowfullscreen><\/iframe><\/p>\n<p><span style=\"font-weight: 400\">TOTA AQUESTA SETMANA HEM ESTAT PARLANT I VIVINT AMB ALEGRIA I ENTUSIASME LA LLEGENDA DE SANT JORDI PER TAL DE PERPETUAR AQUESTA TRADICI\u00d3 QUE \u00c9S BASA EN L\u00b4AMOR I LA CULTURA.<\/span><\/p>\n<p><span style=\"font-weight: 400\">APROFITANT QUE AQUEST TRIMESTRE ESTUDIEM AL GRAN ARQUITECTE ANTONI GAUD\u00cd, VAM ANAR DESCOBRINT QUE GAUD\u00cd VA PLASMAR LA LLEGENDA DE SANT JORDI EN L\u00b4ARQUITECTURA DE LA CASA BATLL\u00d3. AIX\u00cd HEM DECOBERT QUE\u2026<\/span><\/p>\n<p>&nbsp;<\/p>\n<p><span style=\"font-weight: 400\">L&#8217;ESPASA DE SANT JORDI \u2026 ( \u00c9S LA CREU DE QUATRE\u00a0 BRA\u00c7OS QUE REPRESENTARIA L\u00b4EMPUNYADURA D\u00b4UNA ESPASA)<\/span><\/p>\n<p><span style=\"font-weight: 400\">EL DRAC\u2026 ( S\u00d3N LES TEULES DE LA FA\u00c7ANA QUE ENS RECORDEN A LES ESCATES DEL DRAC)<\/span><\/p>\n<p><span style=\"font-weight: 400\">EL VENTRE DEL DRAC\u2026 ( S\u00d3N ELS ARCS CATENARIS QUE REPRESENTEN EL VENTRE D\u00b4UNA GRAN B\u00c8STIA)<\/span><\/p>\n<p><span style=\"font-weight: 400\">EL BALC\u00d3 DE LA PRINCESA\u2026 ( UN BALC\u00d3 EN FORMA DE FLOR )<\/span><\/p>\n<p><span style=\"font-weight: 400\">LES CALAVERES\u2026 ( ELS BALCONS FIGUREN QUE S\u00d3N RESTES CRANIALS DE LES V\u00cdCTIMES DEL DRAC)<\/span><\/p>\n<p><span style=\"font-weight: 400\">LA CUA DEL DRAC \u2026( ES TROBA AL VEST\u00cdBUL DE L\u00b4ENTRADA A LA CASA BATLL\u00d3 I PENSEM QUE \u00c9S LA CUA DE LA B\u00c8STIA.<\/span><\/p>\n<p><span style=\"font-weight: 400\">ELS OSSOS\u2026 ( AQUESTES COLUMNES S\u00b4ASSEMBLEN A LES RESTES DE LES V\u00cdCTIMES DEL DRAC)<\/span><\/p>\n<p>&nbsp;<\/p>\n<p><span style=\"font-weight: 400\">A M\u00c9S HEM FET UNA MANDALA MB ELS PERSONATGES DE LA LLEGENDA, HEM INTERCANVIAT PUNTS DE LLIBRES EN FORMA DE DRACS QUE HEM REGALAT ALS COMPANYS\/ES DE 5\u00c8B.<\/span><\/p>\n<p><span style=\"font-weight: 400\">HEM FET ELS NOSTRES PROPIS JOCS FLORALS AMB ELS COMPANYS DE I3,I4 I5, ENS HEM EXPLICAT TOTS ELS CONTES QUE COM A CLASSE ENS VAM INVENTAR I TAN B\u00c9 HO HEM FET TOTS QUE FINS I TOT HEM GUANYAT UN PREMI COM A CLASSE I ENS HAN REGALAT UN BONIC LLIBRE PER GAUDIR I COMPARTIR.\u00a0<\/span><\/p>\n<p>&nbsp;<\/p>\n<p><span style=\"font-weight: 400\">DIVENDRES A LA TARDA VAM ASSISTIR A LES PARADETES DE LLIBRES ON VAM PODER INTERCANVIAR CONTES I TAMB\u00c9 COMPRAR-NE, TOT AIX\u00d2 ACOMPANYATS DE LES NOSTRES ESTIMADES FAM\u00cdLIES.<\/span><\/p>\n<p><br style=\"font-weight: 400\" \/><br style=\"font-weight: 400\" \/><\/p>\n","protected":false},"excerpt":{"rendered":"<p>TOTA AQUESTA SETMANA HEM ESTAT PARLANT I VIVINT AMB ALEGRIA I ENTUSIASME LA LLEGENDA DE SANT JORDI PER TAL DE PERPETUAR AQUESTA TRADICI\u00d3 QUE \u00c9S BASA EN L\u00b4AMOR I LA CULTURA.<br \/>\nAPROFITANT QUE AQUEST TRIMESTRE ESTUDIEM AL GRAN ARQUITECTE ANTONI GAUD\u00cd, VAM ANAR DESCOBRINT QUE GAUD\u00cd&hellip;  <a href=\"https:\/\/agora.xtec.cat\/ceip-serramarina-sta-coloma\/infantil\/celebracio-de-sant-jordi\/\" title=\"Read CELEBRACI\u00d3 DE SANT JORDI\">Llegeix m\u00e9s\u00bb<\/a><\/p>\n","protected":false},"author":9,"featured_media":7811,"comment_status":"closed","ping_status":"closed","sticky":false,"template":"","format":"standard","meta":{"_bbp_topic_count":0,"_bbp_reply_count":0,"_bbp_total_topic_count":0,"_bbp_total_reply_count":0,"_bbp_voice_count":0,"_bbp_anonymous_reply_count":0,"_bbp_topic_count_hidden":0,"_bbp_reply_count_hidden":0,"_bbp_forum_subforum_count":0,"footnotes":""},"categories":[107,98,2,22,9],"tags":[],"class_list":["post-7810","post","type-post","status-publish","format-standard","has-post-thumbnail","hentry","category-curs-22-23","category-dia-a-dia-lescola","category-infantil","category-festes","category-p5"],"post_mailing_queue_ids":[],"_links":{"self":[{"href":"https:\/\/agora.xtec.cat\/ceip-serramarina-sta-coloma\/wp-json\/wp\/v2\/posts\/7810","targetHints":{"allow":["GET"]}}],"collection":[{"href":"https:\/\/agora.xtec.cat\/ceip-serramarina-sta-coloma\/wp-json\/wp\/v2\/posts"}],"about":[{"href":"https:\/\/agora.xtec.cat\/ceip-serramarina-sta-coloma\/wp-json\/wp\/v2\/types\/post"}],"author":[{"embeddable":true,"href":"https:\/\/agora.xtec.cat\/ceip-serramarina-sta-coloma\/wp-json\/wp\/v2\/users\/9"}],"replies":[{"embeddable":true,"href":"https:\/\/agora.xtec.cat\/ceip-serramarina-sta-coloma\/wp-json\/wp\/v2\/comments?post=7810"}],"version-history":[{"count":1,"href":"https:\/\/agora.xtec.cat\/ceip-serramarina-sta-coloma\/wp-json\/wp\/v2\/posts\/7810\/revisions"}],"predecessor-version":[{"id":7812,"href":"https:\/\/agora.xtec.cat\/ceip-serramarina-sta-coloma\/wp-json\/wp\/v2\/posts\/7810\/revisions\/7812"}],"wp:featuredmedia":[{"embeddable":true,"href":"https:\/\/agora.xtec.cat\/ceip-serramarina-sta-coloma\/wp-json\/wp\/v2\/media\/7811"}],"wp:attachment":[{"href":"https:\/\/agora.xtec.cat\/ceip-serramarina-sta-coloma\/wp-json\/wp\/v2\/media?parent=7810"}],"wp:term":[{"taxonomy":"category","embeddable":true,"href":"https:\/\/agora.xtec.cat\/ceip-serramarina-sta-coloma\/wp-json\/wp\/v2\/categories?post=7810"},{"taxonomy":"post_tag","embeddable":true,"href":"https:\/\/agora.xtec.cat\/ceip-serramarina-sta-coloma\/wp-json\/wp\/v2\/tags?post=7810"}],"curies":[{"name":"wp","href":"https:\/\/api.w.org\/{rel}","templated":true}]}}