{"id":7733,"date":"2023-04-13T19:15:36","date_gmt":"2023-04-13T17:15:36","guid":{"rendered":"https:\/\/agora.xtec.cat\/ceip-serramarina-sta-coloma\/?p=7733"},"modified":"2023-04-13T19:16:36","modified_gmt":"2023-04-13T17:16:36","slug":"aventures-matematiques-a-3rb","status":"publish","type":"post","link":"https:\/\/agora.xtec.cat\/ceip-serramarina-sta-coloma\/primaria\/aventures-matematiques-a-3rb\/","title":{"rendered":"Aventures matem\u00e0tiques a 3rB"},"content":{"rendered":"<p><iframe loading=\"lazy\" title=\"AVENTURES MATEMATIQUES\" width=\"500\" height=\"281\" src=\"https:\/\/www.youtube.com\/embed\/g0e4taV2fys?feature=oembed\" frameborder=\"0\" allow=\"accelerometer; autoplay; clipboard-write; encrypted-media; gyroscope; picture-in-picture; web-share\" referrerpolicy=\"strict-origin-when-cross-origin\" allowfullscreen><\/iframe><\/p>\n<p>Aquest mes hem treballat la geometria a les sessions d\u2019aventures matem\u00e0tiques creant mosaics diversos molt atractius. Aquesta activitat ens ha perm\u00e8s analitzar les figues geom\u00e8triques des de moltes perspectives i descobrir les seves caracter\u00edstiques. <\/p>\n","protected":false},"excerpt":{"rendered":"<p>Aquest mes hem treballat la geometria a les sessions d\u2019aventures matem\u00e0tiques creant mosaics diversos molt atractius. Aquesta activitat ens ha perm\u00e8s analitzar les figues geom\u00e8triques des de moltes perspectives i descobrir les seves caracter\u00edstiques. <\/p>\n","protected":false},"author":13,"featured_media":7734,"comment_status":"closed","ping_status":"closed","sticky":false,"template":"","format":"standard","meta":{"_bbp_topic_count":0,"_bbp_reply_count":0,"_bbp_total_topic_count":0,"_bbp_total_reply_count":0,"_bbp_voice_count":0,"_bbp_anonymous_reply_count":0,"_bbp_topic_count_hidden":0,"_bbp_reply_count_hidden":0,"_bbp_forum_subforum_count":0,"footnotes":""},"categories":[12,107,98,5],"tags":[],"class_list":["post-7733","post","type-post","status-publish","format-standard","has-post-thumbnail","hentry","category-3r","category-curs-22-23","category-dia-a-dia-lescola","category-primaria"],"post_mailing_queue_ids":[],"_links":{"self":[{"href":"https:\/\/agora.xtec.cat\/ceip-serramarina-sta-coloma\/wp-json\/wp\/v2\/posts\/7733","targetHints":{"allow":["GET"]}}],"collection":[{"href":"https:\/\/agora.xtec.cat\/ceip-serramarina-sta-coloma\/wp-json\/wp\/v2\/posts"}],"about":[{"href":"https:\/\/agora.xtec.cat\/ceip-serramarina-sta-coloma\/wp-json\/wp\/v2\/types\/post"}],"author":[{"embeddable":true,"href":"https:\/\/agora.xtec.cat\/ceip-serramarina-sta-coloma\/wp-json\/wp\/v2\/users\/13"}],"replies":[{"embeddable":true,"href":"https:\/\/agora.xtec.cat\/ceip-serramarina-sta-coloma\/wp-json\/wp\/v2\/comments?post=7733"}],"version-history":[{"count":2,"href":"https:\/\/agora.xtec.cat\/ceip-serramarina-sta-coloma\/wp-json\/wp\/v2\/posts\/7733\/revisions"}],"predecessor-version":[{"id":7736,"href":"https:\/\/agora.xtec.cat\/ceip-serramarina-sta-coloma\/wp-json\/wp\/v2\/posts\/7733\/revisions\/7736"}],"wp:featuredmedia":[{"embeddable":true,"href":"https:\/\/agora.xtec.cat\/ceip-serramarina-sta-coloma\/wp-json\/wp\/v2\/media\/7734"}],"wp:attachment":[{"href":"https:\/\/agora.xtec.cat\/ceip-serramarina-sta-coloma\/wp-json\/wp\/v2\/media?parent=7733"}],"wp:term":[{"taxonomy":"category","embeddable":true,"href":"https:\/\/agora.xtec.cat\/ceip-serramarina-sta-coloma\/wp-json\/wp\/v2\/categories?post=7733"},{"taxonomy":"post_tag","embeddable":true,"href":"https:\/\/agora.xtec.cat\/ceip-serramarina-sta-coloma\/wp-json\/wp\/v2\/tags?post=7733"}],"curies":[{"name":"wp","href":"https:\/\/api.w.org\/{rel}","templated":true}]}}