{"id":7666,"date":"2023-03-30T13:11:54","date_gmt":"2023-03-30T11:11:54","guid":{"rendered":"https:\/\/agora.xtec.cat\/ceip-serramarina-sta-coloma\/?p=7666"},"modified":"2023-04-03T14:48:41","modified_gmt":"2023-04-03T12:48:41","slug":"excursio-can-pi-de-la-serra","status":"publish","type":"post","link":"https:\/\/agora.xtec.cat\/ceip-serramarina-sta-coloma\/infantil\/excursio-can-pi-de-la-serra\/","title":{"rendered":"I3 B EXCURSI\u00d3 A CAN PI DE LA SERRA"},"content":{"rendered":"<p>&nbsp;<\/p>\n<p><iframe loading=\"lazy\" title=\"SRR 22-23 EI 073\" width=\"500\" height=\"281\" src=\"https:\/\/www.youtube.com\/embed\/iY7fMkdCSvU?feature=oembed\" frameborder=\"0\" allow=\"accelerometer; autoplay; clipboard-write; encrypted-media; gyroscope; picture-in-picture; web-share\" referrerpolicy=\"strict-origin-when-cross-origin\" allowfullscreen><\/iframe><\/p>\n<p>&nbsp;<\/p>\n<p>Aquest mes de mar\u00e7, els SOLS i els COETS hem anat a la granja Can Pi de la Serra, hem descobert, mirat, tocat tots els animals que viuen all\u00e0, i fins i tot, els hem donat de menjar. La veritat que ha sigut un dia fant\u00e0stic i ho hem passat d\u2019all\u00f2 m\u00e9s b\u00e9. Tota aquesta experi\u00e8ncia, ens ha servit per comen\u00e7ar el nostre nou projecte\u2026aix\u00ed si que ens convertirem en tot uns experts!!!<\/p>\n","protected":false},"excerpt":{"rendered":"<p>Aquest mes de mar\u00e7, els SOLS i els COETS hem anat a la granja Can Pi de la Serra, hem descobert, mirat, tocat tots els animals que viuen all\u00e0, i fins i tot, els hem donat de menjar. La veritat que ha sigut un dia fant\u00e0stic i ho hem passat d\u2019all\u00f2 m\u00e9s b\u00e9. Tota aquesta experi\u00e8ncia, ens ha servit per comen\u00e7ar el nostre nou projecte\u2026aix\u00ed si que ens convertirem en tot uns experts!!!<br \/>\n&hellip;  <a href=\"https:\/\/agora.xtec.cat\/ceip-serramarina-sta-coloma\/infantil\/excursio-can-pi-de-la-serra\/\" title=\"Read I3 B EXCURSI\u00d3 A CAN PI DE LA SERRA\">Llegeix m\u00e9s\u00bb<\/a><\/p>\n","protected":false},"author":9,"featured_media":0,"comment_status":"closed","ping_status":"closed","sticky":false,"template":"","format":"standard","meta":{"_bbp_topic_count":0,"_bbp_reply_count":0,"_bbp_total_topic_count":0,"_bbp_total_reply_count":0,"_bbp_voice_count":0,"_bbp_anonymous_reply_count":0,"_bbp_topic_count_hidden":0,"_bbp_reply_count_hidden":0,"_bbp_forum_subforum_count":0,"footnotes":""},"categories":[107,98,2,3,21],"tags":[],"class_list":["post-7666","post","type-post","status-publish","format-standard","hentry","category-curs-22-23","category-dia-a-dia-lescola","category-infantil","category-p3","category-sortides"],"post_mailing_queue_ids":[],"_links":{"self":[{"href":"https:\/\/agora.xtec.cat\/ceip-serramarina-sta-coloma\/wp-json\/wp\/v2\/posts\/7666","targetHints":{"allow":["GET"]}}],"collection":[{"href":"https:\/\/agora.xtec.cat\/ceip-serramarina-sta-coloma\/wp-json\/wp\/v2\/posts"}],"about":[{"href":"https:\/\/agora.xtec.cat\/ceip-serramarina-sta-coloma\/wp-json\/wp\/v2\/types\/post"}],"author":[{"embeddable":true,"href":"https:\/\/agora.xtec.cat\/ceip-serramarina-sta-coloma\/wp-json\/wp\/v2\/users\/9"}],"replies":[{"embeddable":true,"href":"https:\/\/agora.xtec.cat\/ceip-serramarina-sta-coloma\/wp-json\/wp\/v2\/comments?post=7666"}],"version-history":[{"count":3,"href":"https:\/\/agora.xtec.cat\/ceip-serramarina-sta-coloma\/wp-json\/wp\/v2\/posts\/7666\/revisions"}],"predecessor-version":[{"id":7694,"href":"https:\/\/agora.xtec.cat\/ceip-serramarina-sta-coloma\/wp-json\/wp\/v2\/posts\/7666\/revisions\/7694"}],"wp:attachment":[{"href":"https:\/\/agora.xtec.cat\/ceip-serramarina-sta-coloma\/wp-json\/wp\/v2\/media?parent=7666"}],"wp:term":[{"taxonomy":"category","embeddable":true,"href":"https:\/\/agora.xtec.cat\/ceip-serramarina-sta-coloma\/wp-json\/wp\/v2\/categories?post=7666"},{"taxonomy":"post_tag","embeddable":true,"href":"https:\/\/agora.xtec.cat\/ceip-serramarina-sta-coloma\/wp-json\/wp\/v2\/tags?post=7666"}],"curies":[{"name":"wp","href":"https:\/\/api.w.org\/{rel}","templated":true}]}}