{"id":7627,"date":"2023-03-05T14:04:53","date_gmt":"2023-03-05T13:04:53","guid":{"rendered":"https:\/\/agora.xtec.cat\/ceip-serramarina-sta-coloma\/?p=7627"},"modified":"2023-03-05T14:04:53","modified_gmt":"2023-03-05T13:04:53","slug":"creem-linies-del-temps-en-angles","status":"publish","type":"post","link":"https:\/\/agora.xtec.cat\/ceip-serramarina-sta-coloma\/primaria\/creem-linies-del-temps-en-angles\/","title":{"rendered":"Creem l\u00ednies del temps en angl\u00e8s"},"content":{"rendered":"<p><iframe loading=\"lazy\" title=\"creem l\u00ednies del tempsANG\" width=\"500\" height=\"281\" src=\"https:\/\/www.youtube.com\/embed\/61djBr_njzA?feature=oembed\" frameborder=\"0\" allow=\"accelerometer; autoplay; clipboard-write; encrypted-media; gyroscope; picture-in-picture; web-share\" referrerpolicy=\"strict-origin-when-cross-origin\" allowfullscreen><\/iframe><\/p>\n<p>&nbsp;<\/p>\n<p>Aquest mes, durant les sessions d&#8217;angl\u00e8s, hem dut a terme diferents activitats. Una d&#8217;elles \u00e9s l&#8217;elaboraci\u00f3 d&#8217;una l\u00ednia del temps de diferents personalitats conegudes i, un cop fetes, les hem exposades. Us deixem una d&#8217;elles i esperem que pugueu gaudir molt del nostre treball.<\/p>\n","protected":false},"excerpt":{"rendered":"<p>&nbsp;<br \/>\nAquest mes, durant les sessions d&#8217;angl\u00e8s, hem dut a terme diferents activitats. Una d&#8217;elles \u00e9s l&#8217;elaboraci\u00f3 d&#8217;una l\u00ednia del temps de diferents personalitats conegudes i, un cop fetes, les hem exposades. Us deixem una d&#8217;elles i esperem que pugueu gaudir molt del nostre treball.<\/p>\n","protected":false},"author":13,"featured_media":7628,"comment_status":"closed","ping_status":"closed","sticky":false,"template":"","format":"standard","meta":{"_bbp_topic_count":0,"_bbp_reply_count":0,"_bbp_total_topic_count":0,"_bbp_total_reply_count":0,"_bbp_voice_count":0,"_bbp_anonymous_reply_count":0,"_bbp_topic_count_hidden":0,"_bbp_reply_count_hidden":0,"_bbp_forum_subforum_count":0,"footnotes":""},"categories":[15,46,107,98,5,45],"tags":[],"class_list":["post-7627","post","type-post","status-publish","format-standard","has-post-thumbnail","hentry","category-6e","category-angles","category-curs-22-23","category-dia-a-dia-lescola","category-primaria","category-especialitats"],"post_mailing_queue_ids":[],"_links":{"self":[{"href":"https:\/\/agora.xtec.cat\/ceip-serramarina-sta-coloma\/wp-json\/wp\/v2\/posts\/7627","targetHints":{"allow":["GET"]}}],"collection":[{"href":"https:\/\/agora.xtec.cat\/ceip-serramarina-sta-coloma\/wp-json\/wp\/v2\/posts"}],"about":[{"href":"https:\/\/agora.xtec.cat\/ceip-serramarina-sta-coloma\/wp-json\/wp\/v2\/types\/post"}],"author":[{"embeddable":true,"href":"https:\/\/agora.xtec.cat\/ceip-serramarina-sta-coloma\/wp-json\/wp\/v2\/users\/13"}],"replies":[{"embeddable":true,"href":"https:\/\/agora.xtec.cat\/ceip-serramarina-sta-coloma\/wp-json\/wp\/v2\/comments?post=7627"}],"version-history":[{"count":1,"href":"https:\/\/agora.xtec.cat\/ceip-serramarina-sta-coloma\/wp-json\/wp\/v2\/posts\/7627\/revisions"}],"predecessor-version":[{"id":7629,"href":"https:\/\/agora.xtec.cat\/ceip-serramarina-sta-coloma\/wp-json\/wp\/v2\/posts\/7627\/revisions\/7629"}],"wp:featuredmedia":[{"embeddable":true,"href":"https:\/\/agora.xtec.cat\/ceip-serramarina-sta-coloma\/wp-json\/wp\/v2\/media\/7628"}],"wp:attachment":[{"href":"https:\/\/agora.xtec.cat\/ceip-serramarina-sta-coloma\/wp-json\/wp\/v2\/media?parent=7627"}],"wp:term":[{"taxonomy":"category","embeddable":true,"href":"https:\/\/agora.xtec.cat\/ceip-serramarina-sta-coloma\/wp-json\/wp\/v2\/categories?post=7627"},{"taxonomy":"post_tag","embeddable":true,"href":"https:\/\/agora.xtec.cat\/ceip-serramarina-sta-coloma\/wp-json\/wp\/v2\/tags?post=7627"}],"curies":[{"name":"wp","href":"https:\/\/api.w.org\/{rel}","templated":true}]}}