{"id":7413,"date":"2022-12-31T18:04:11","date_gmt":"2022-12-31T17:04:11","guid":{"rendered":"https:\/\/agora.xtec.cat\/ceip-serramarina-sta-coloma\/?p=7413"},"modified":"2022-12-31T18:04:11","modified_gmt":"2022-12-31T17:04:11","slug":"4t-b-taller-sobre-gaudi","status":"publish","type":"post","link":"https:\/\/agora.xtec.cat\/ceip-serramarina-sta-coloma\/primaria\/4t-b-taller-sobre-gaudi\/","title":{"rendered":"4T B. TALLER SOBRE GAUD\u00cd"},"content":{"rendered":"<p><iframe loading=\"lazy\" title=\"SRR 22-23 CM 015\" width=\"500\" height=\"281\" src=\"https:\/\/www.youtube.com\/embed\/AdkzGmbA_a0?feature=oembed\" frameborder=\"0\" allow=\"accelerometer; autoplay; clipboard-write; encrypted-media; gyroscope; picture-in-picture; web-share\" referrerpolicy=\"strict-origin-when-cross-origin\" allowfullscreen><\/iframe><\/p>\n<p>Despr\u00e9s de visitar Catalunya en miniatura hem pogut fer un taller sobre una de les persones m\u00e9s conegudes arreu del m\u00f3n per la seva fant\u00e0stica obra, Antoni Gaud\u00ed. Aquesta activitat ha tingut varies parts, per\u00f2 totes molt participatives en les que els nens han apr\u00e8s coses sobre l\u2019autor en forma de joc, de petita interpretaci\u00f3 i amb una manualitat.<\/p>\n","protected":false},"excerpt":{"rendered":"<p>Despr\u00e9s de visitar Catalunya en miniatura hem pogut fer un taller sobre una de les persones m\u00e9s conegudes arreu del m\u00f3n per la seva fant\u00e0stica obra, Antoni Gaud\u00ed. Aquesta activitat ha tingut varies parts, per\u00f2 totes molt participatives en les que els nens han apr\u00e8s&hellip;  <a href=\"https:\/\/agora.xtec.cat\/ceip-serramarina-sta-coloma\/primaria\/4t-b-taller-sobre-gaudi\/\" title=\"Read 4T B. TALLER SOBRE GAUD\u00cd\">Llegeix m\u00e9s\u00bb<\/a><\/p>\n","protected":false},"author":13,"featured_media":7414,"comment_status":"closed","ping_status":"closed","sticky":false,"template":"","format":"standard","meta":{"_bbp_topic_count":0,"_bbp_reply_count":0,"_bbp_total_topic_count":0,"_bbp_total_reply_count":0,"_bbp_voice_count":0,"_bbp_anonymous_reply_count":0,"_bbp_topic_count_hidden":0,"_bbp_reply_count_hidden":0,"_bbp_forum_subforum_count":0,"footnotes":""},"categories":[13,107,98,5],"tags":[],"class_list":["post-7413","post","type-post","status-publish","format-standard","has-post-thumbnail","hentry","category-4t","category-curs-22-23","category-dia-a-dia-lescola","category-primaria"],"post_mailing_queue_ids":[],"_links":{"self":[{"href":"https:\/\/agora.xtec.cat\/ceip-serramarina-sta-coloma\/wp-json\/wp\/v2\/posts\/7413","targetHints":{"allow":["GET"]}}],"collection":[{"href":"https:\/\/agora.xtec.cat\/ceip-serramarina-sta-coloma\/wp-json\/wp\/v2\/posts"}],"about":[{"href":"https:\/\/agora.xtec.cat\/ceip-serramarina-sta-coloma\/wp-json\/wp\/v2\/types\/post"}],"author":[{"embeddable":true,"href":"https:\/\/agora.xtec.cat\/ceip-serramarina-sta-coloma\/wp-json\/wp\/v2\/users\/13"}],"replies":[{"embeddable":true,"href":"https:\/\/agora.xtec.cat\/ceip-serramarina-sta-coloma\/wp-json\/wp\/v2\/comments?post=7413"}],"version-history":[{"count":1,"href":"https:\/\/agora.xtec.cat\/ceip-serramarina-sta-coloma\/wp-json\/wp\/v2\/posts\/7413\/revisions"}],"predecessor-version":[{"id":7415,"href":"https:\/\/agora.xtec.cat\/ceip-serramarina-sta-coloma\/wp-json\/wp\/v2\/posts\/7413\/revisions\/7415"}],"wp:featuredmedia":[{"embeddable":true,"href":"https:\/\/agora.xtec.cat\/ceip-serramarina-sta-coloma\/wp-json\/wp\/v2\/media\/7414"}],"wp:attachment":[{"href":"https:\/\/agora.xtec.cat\/ceip-serramarina-sta-coloma\/wp-json\/wp\/v2\/media?parent=7413"}],"wp:term":[{"taxonomy":"category","embeddable":true,"href":"https:\/\/agora.xtec.cat\/ceip-serramarina-sta-coloma\/wp-json\/wp\/v2\/categories?post=7413"},{"taxonomy":"post_tag","embeddable":true,"href":"https:\/\/agora.xtec.cat\/ceip-serramarina-sta-coloma\/wp-json\/wp\/v2\/tags?post=7413"}],"curies":[{"name":"wp","href":"https:\/\/api.w.org\/{rel}","templated":true}]}}