{"id":7183,"date":"2022-11-03T20:14:38","date_gmt":"2022-11-03T19:14:38","guid":{"rendered":"https:\/\/agora.xtec.cat\/ceip-serramarina-sta-coloma\/?p=7183"},"modified":"2022-11-03T20:14:38","modified_gmt":"2022-11-03T19:14:38","slug":"cycle-of-painters-claude-monet","status":"publish","type":"post","link":"https:\/\/agora.xtec.cat\/ceip-serramarina-sta-coloma\/primaria\/cycle-of-painters-claude-monet\/","title":{"rendered":"CYCLE OF PAINTERS: CLAUDE MONET"},"content":{"rendered":"<p>&nbsp;<\/p>\n<p><iframe loading=\"lazy\" title=\"SRR 22-23 A&amp;F 002\" width=\"500\" height=\"281\" src=\"https:\/\/www.youtube.com\/embed\/VnSYXUlMxV8?feature=oembed\" frameborder=\"0\" allow=\"accelerometer; autoplay; clipboard-write; encrypted-media; gyroscope; picture-in-picture; web-share\" referrerpolicy=\"strict-origin-when-cross-origin\" allowfullscreen><\/iframe><\/p>\n<p>Les classes de tercer hem apr\u00e8s a dibuixar a pintar com ho feia el fam\u00f3s artista franc\u00e9s Clude Monet. Hem apr\u00e8s que \u00e9s l\u2019impressionisme, el corrent art\u00edstic al qual pertany i hem pogut veure algunes de les seves obres m\u00e9s conegudes a m\u00e9s de veure les diferents t\u00e8cniques de pintura que feia servir. A classe hem treballat un dels seus treballs, l\u2019obra titulada \u201cYellow irises\u201d jugant amb els colors complementaris blue-yellow i utilitzant materials com ara la cera, el vern\u00eds i el paper de dibuix.<br \/>\nA continuaci\u00f3n hem realitzat una composici\u00f3 lliure basada en els temes que Monet pintava i seguint el seu estil.<\/p>\n","protected":false},"excerpt":{"rendered":"<p>&nbsp;<\/p>\n<p>Les classes de tercer hem apr\u00e8s a dibuixar a pintar com ho feia el fam\u00f3s artista franc\u00e9s Clude Monet. Hem apr\u00e8s que \u00e9s l\u2019impressionisme, el corrent art\u00edstic al qual pertany i hem pogut veure algunes de les seves obres m\u00e9s conegudes a m\u00e9s de veure&hellip;  <a href=\"https:\/\/agora.xtec.cat\/ceip-serramarina-sta-coloma\/primaria\/cycle-of-painters-claude-monet\/\" title=\"Read CYCLE OF PAINTERS: CLAUDE MONET\">Llegeix m\u00e9s\u00bb<\/a><\/p>\n","protected":false},"author":13,"featured_media":7191,"comment_status":"closed","ping_status":"closed","sticky":false,"template":"","format":"standard","meta":{"_bbp_topic_count":0,"_bbp_reply_count":0,"_bbp_total_topic_count":0,"_bbp_total_reply_count":0,"_bbp_voice_count":0,"_bbp_anonymous_reply_count":0,"_bbp_topic_count_hidden":0,"_bbp_reply_count_hidden":0,"_bbp_forum_subforum_count":0,"footnotes":""},"categories":[12,79,107,98,5],"tags":[],"class_list":["post-7183","post","type-post","status-publish","format-standard","has-post-thumbnail","hentry","category-3r","category-arts-fun","category-curs-22-23","category-dia-a-dia-lescola","category-primaria"],"post_mailing_queue_ids":[],"_links":{"self":[{"href":"https:\/\/agora.xtec.cat\/ceip-serramarina-sta-coloma\/wp-json\/wp\/v2\/posts\/7183","targetHints":{"allow":["GET"]}}],"collection":[{"href":"https:\/\/agora.xtec.cat\/ceip-serramarina-sta-coloma\/wp-json\/wp\/v2\/posts"}],"about":[{"href":"https:\/\/agora.xtec.cat\/ceip-serramarina-sta-coloma\/wp-json\/wp\/v2\/types\/post"}],"author":[{"embeddable":true,"href":"https:\/\/agora.xtec.cat\/ceip-serramarina-sta-coloma\/wp-json\/wp\/v2\/users\/13"}],"replies":[{"embeddable":true,"href":"https:\/\/agora.xtec.cat\/ceip-serramarina-sta-coloma\/wp-json\/wp\/v2\/comments?post=7183"}],"version-history":[{"count":1,"href":"https:\/\/agora.xtec.cat\/ceip-serramarina-sta-coloma\/wp-json\/wp\/v2\/posts\/7183\/revisions"}],"predecessor-version":[{"id":7192,"href":"https:\/\/agora.xtec.cat\/ceip-serramarina-sta-coloma\/wp-json\/wp\/v2\/posts\/7183\/revisions\/7192"}],"wp:featuredmedia":[{"embeddable":true,"href":"https:\/\/agora.xtec.cat\/ceip-serramarina-sta-coloma\/wp-json\/wp\/v2\/media\/7191"}],"wp:attachment":[{"href":"https:\/\/agora.xtec.cat\/ceip-serramarina-sta-coloma\/wp-json\/wp\/v2\/media?parent=7183"}],"wp:term":[{"taxonomy":"category","embeddable":true,"href":"https:\/\/agora.xtec.cat\/ceip-serramarina-sta-coloma\/wp-json\/wp\/v2\/categories?post=7183"},{"taxonomy":"post_tag","embeddable":true,"href":"https:\/\/agora.xtec.cat\/ceip-serramarina-sta-coloma\/wp-json\/wp\/v2\/tags?post=7183"}],"curies":[{"name":"wp","href":"https:\/\/api.w.org\/{rel}","templated":true}]}}