{"id":7054,"date":"2022-10-06T18:36:46","date_gmt":"2022-10-06T16:36:46","guid":{"rendered":"https:\/\/agora.xtec.cat\/ceip-serramarina-sta-coloma\/?p=7054"},"modified":"2022-10-03T18:38:18","modified_gmt":"2022-10-03T16:38:18","slug":"botons-i-families-a-i5a","status":"publish","type":"post","link":"https:\/\/agora.xtec.cat\/ceip-serramarina-sta-coloma\/infantil\/botons-i-families-a-i5a\/","title":{"rendered":"BOTONS I FAMILIES A I5A"},"content":{"rendered":"<p>https:\/\/youtu.be\/rDIpZnTqaOo<\/p>\n<p>Famililes que s\u00f3n botons o botons que representen cadascuna de les persones que viuen amb nosaltres i ens estimen. Amb el conte anomenat ,\u201cUn grapat de botons\u201d vam introduir el tema de la familia i cada infant ens explicava com era a partir de simples botons, aix\u00ed tamb\u00e9 vam poder con\u00e8ixer i descubrir tot tipus d\u2019unitats familiars. Els nens i nenes de la classe dels gats i les gates es van interesar molt per aquest tema i com a cloenda d\u2019aquesta activitat van dibuixar a la seva propia familia. Mireu quins dibuixos m\u00e9s bonics hem fet!.<\/p>\n","protected":false},"excerpt":{"rendered":"<p>https:\/\/youtu.be\/rDIpZnTqaOo<br \/>\nFamililes que s\u00f3n botons o botons que representen cadascuna de les persones que viuen amb nosaltres i ens estimen. Amb el conte anomenat ,\u201cUn grapat de botons\u201d vam introduir el tema de la familia i cada infant ens explicava com era a partir de simples&hellip;  <a href=\"https:\/\/agora.xtec.cat\/ceip-serramarina-sta-coloma\/infantil\/botons-i-families-a-i5a\/\" title=\"Read BOTONS I FAMILIES A I5A\">Llegeix m\u00e9s\u00bb<\/a><\/p>\n","protected":false},"author":9,"featured_media":0,"comment_status":"closed","ping_status":"closed","sticky":false,"template":"","format":"standard","meta":{"_bbp_topic_count":0,"_bbp_reply_count":0,"_bbp_total_topic_count":0,"_bbp_total_reply_count":0,"_bbp_voice_count":0,"_bbp_anonymous_reply_count":0,"_bbp_topic_count_hidden":0,"_bbp_reply_count_hidden":0,"_bbp_forum_subforum_count":0,"footnotes":""},"categories":[23,107,98,2,9],"tags":[],"class_list":["post-7054","post","type-post","status-publish","format-standard","hentry","category-a-classe","category-curs-22-23","category-dia-a-dia-lescola","category-infantil","category-p5"],"post_mailing_queue_ids":[],"_links":{"self":[{"href":"https:\/\/agora.xtec.cat\/ceip-serramarina-sta-coloma\/wp-json\/wp\/v2\/posts\/7054","targetHints":{"allow":["GET"]}}],"collection":[{"href":"https:\/\/agora.xtec.cat\/ceip-serramarina-sta-coloma\/wp-json\/wp\/v2\/posts"}],"about":[{"href":"https:\/\/agora.xtec.cat\/ceip-serramarina-sta-coloma\/wp-json\/wp\/v2\/types\/post"}],"author":[{"embeddable":true,"href":"https:\/\/agora.xtec.cat\/ceip-serramarina-sta-coloma\/wp-json\/wp\/v2\/users\/9"}],"replies":[{"embeddable":true,"href":"https:\/\/agora.xtec.cat\/ceip-serramarina-sta-coloma\/wp-json\/wp\/v2\/comments?post=7054"}],"version-history":[{"count":1,"href":"https:\/\/agora.xtec.cat\/ceip-serramarina-sta-coloma\/wp-json\/wp\/v2\/posts\/7054\/revisions"}],"predecessor-version":[{"id":7055,"href":"https:\/\/agora.xtec.cat\/ceip-serramarina-sta-coloma\/wp-json\/wp\/v2\/posts\/7054\/revisions\/7055"}],"wp:attachment":[{"href":"https:\/\/agora.xtec.cat\/ceip-serramarina-sta-coloma\/wp-json\/wp\/v2\/media?parent=7054"}],"wp:term":[{"taxonomy":"category","embeddable":true,"href":"https:\/\/agora.xtec.cat\/ceip-serramarina-sta-coloma\/wp-json\/wp\/v2\/categories?post=7054"},{"taxonomy":"post_tag","embeddable":true,"href":"https:\/\/agora.xtec.cat\/ceip-serramarina-sta-coloma\/wp-json\/wp\/v2\/tags?post=7054"}],"curies":[{"name":"wp","href":"https:\/\/api.w.org\/{rel}","templated":true}]}}