{"id":7052,"date":"2022-10-06T18:28:38","date_gmt":"2022-10-06T16:28:38","guid":{"rendered":"https:\/\/agora.xtec.cat\/ceip-serramarina-sta-coloma\/?p=7052"},"modified":"2022-10-11T11:46:47","modified_gmt":"2022-10-11T09:46:47","slug":"els-primers-dies-a-i4a","status":"publish","type":"post","link":"https:\/\/agora.xtec.cat\/ceip-serramarina-sta-coloma\/infantil\/els-primers-dies-a-i4a\/","title":{"rendered":"ELS PRIMERS DIES A I4A"},"content":{"rendered":"<p><iframe loading=\"lazy\" title=\"SRR 22-23 EI 008\" width=\"500\" height=\"281\" src=\"https:\/\/www.youtube.com\/embed\/DFT8FDRdiko?feature=oembed\" frameborder=\"0\" allow=\"accelerometer; autoplay; clipboard-write; encrypted-media; gyroscope; picture-in-picture; web-share\" referrerpolicy=\"strict-origin-when-cross-origin\" allowfullscreen><\/iframe><\/p>\n<p>Aquest mes de setembre, com ja sabeu, hem iniciat un nou curs a I4A.<br \/>\nEls vostres fills i filles, han estat durant diverses setmanes treballant de valent per engegar aquest curs amb energia.<br \/>\nDurant aquests dies, hem fet propostes molt variades i hem apr\u00e8s a fer moltes activitats: rutines, lectoescriptura, matem\u00e0tiques, pl\u00e0stica, psicomotricitat \u2026 A m\u00e9s a m\u00e9s, hem tingut moments de joc molt divertits al pati.<br \/>\nEn aquest v\u00eddeo, podreu veure com: treballem, investiguem, experimentem i tamb\u00e9 com anem fent-nos grans i agafant autonomia en les nostres tasques di\u00e0ries.<\/p>\n<p>Esperem que gaudiu, tant com nosaltres,<br \/>\nd\u2019aquestes primeres estones a I4!!!<\/p>\n<p>&nbsp;<\/p>\n","protected":false},"excerpt":{"rendered":"<p>Aquest mes de setembre, com ja sabeu, hem iniciat un nou curs a I4A.<br \/>\nEls vostres fills i filles, han estat durant diverses setmanes treballant de valent per engegar aquest curs amb energia.<br \/>\nDurant aquests dies, hem fet propostes molt variades i hem apr\u00e8s a fer moltes&hellip;  <a href=\"https:\/\/agora.xtec.cat\/ceip-serramarina-sta-coloma\/infantil\/els-primers-dies-a-i4a\/\" title=\"Read ELS PRIMERS DIES A I4A\">Llegeix m\u00e9s\u00bb<\/a><\/p>\n","protected":false},"author":9,"featured_media":7111,"comment_status":"closed","ping_status":"closed","sticky":false,"template":"","format":"standard","meta":{"_bbp_topic_count":0,"_bbp_reply_count":0,"_bbp_total_topic_count":0,"_bbp_total_reply_count":0,"_bbp_voice_count":0,"_bbp_anonymous_reply_count":0,"_bbp_topic_count_hidden":0,"_bbp_reply_count_hidden":0,"_bbp_forum_subforum_count":0,"footnotes":""},"categories":[23,107,98,2,8],"tags":[],"class_list":["post-7052","post","type-post","status-publish","format-standard","has-post-thumbnail","hentry","category-a-classe","category-curs-22-23","category-dia-a-dia-lescola","category-infantil","category-p4"],"post_mailing_queue_ids":[],"_links":{"self":[{"href":"https:\/\/agora.xtec.cat\/ceip-serramarina-sta-coloma\/wp-json\/wp\/v2\/posts\/7052","targetHints":{"allow":["GET"]}}],"collection":[{"href":"https:\/\/agora.xtec.cat\/ceip-serramarina-sta-coloma\/wp-json\/wp\/v2\/posts"}],"about":[{"href":"https:\/\/agora.xtec.cat\/ceip-serramarina-sta-coloma\/wp-json\/wp\/v2\/types\/post"}],"author":[{"embeddable":true,"href":"https:\/\/agora.xtec.cat\/ceip-serramarina-sta-coloma\/wp-json\/wp\/v2\/users\/9"}],"replies":[{"embeddable":true,"href":"https:\/\/agora.xtec.cat\/ceip-serramarina-sta-coloma\/wp-json\/wp\/v2\/comments?post=7052"}],"version-history":[{"count":4,"href":"https:\/\/agora.xtec.cat\/ceip-serramarina-sta-coloma\/wp-json\/wp\/v2\/posts\/7052\/revisions"}],"predecessor-version":[{"id":7114,"href":"https:\/\/agora.xtec.cat\/ceip-serramarina-sta-coloma\/wp-json\/wp\/v2\/posts\/7052\/revisions\/7114"}],"wp:featuredmedia":[{"embeddable":true,"href":"https:\/\/agora.xtec.cat\/ceip-serramarina-sta-coloma\/wp-json\/wp\/v2\/media\/7111"}],"wp:attachment":[{"href":"https:\/\/agora.xtec.cat\/ceip-serramarina-sta-coloma\/wp-json\/wp\/v2\/media?parent=7052"}],"wp:term":[{"taxonomy":"category","embeddable":true,"href":"https:\/\/agora.xtec.cat\/ceip-serramarina-sta-coloma\/wp-json\/wp\/v2\/categories?post=7052"},{"taxonomy":"post_tag","embeddable":true,"href":"https:\/\/agora.xtec.cat\/ceip-serramarina-sta-coloma\/wp-json\/wp\/v2\/tags?post=7052"}],"curies":[{"name":"wp","href":"https:\/\/api.w.org\/{rel}","templated":true}]}}