{"id":6910,"date":"2022-06-07T16:27:11","date_gmt":"2022-06-07T14:27:11","guid":{"rendered":"https:\/\/agora.xtec.cat\/ceip-serramarina-sta-coloma\/?p=6910"},"modified":"2022-06-07T21:35:58","modified_gmt":"2022-06-07T19:35:58","slug":"els-superherois-i-superheroines-al-bosc-vertical","status":"publish","type":"post","link":"https:\/\/agora.xtec.cat\/ceip-serramarina-sta-coloma\/general\/els-superherois-i-superheroines-al-bosc-vertical\/","title":{"rendered":"ELS SUPERHEROIS I SUPERHERO\u00cfNES AL BOSC VERTICAL"},"content":{"rendered":"<p>Aquest mes de maig ha estat molt profit\u00f3s pels nens i nenes de la classe dels superherois i les superhero\u00efnes, en primer lloc, a principis de maig vam fer una sortida d\u2019all\u00f2 m\u00e9s emocionant al Bosc Vertical a Matar\u00f3, ten\u00edem tantes ganes de fer el circuit Burriac, que vam gaudir enormement. Primer de tot ens van col\u00b7locar molt b\u00e9 els arnesos, per tenir tota la seguretat del m\u00f3n. Despr\u00e9s ens van explicar com hav\u00edem de passar de tirolina, d\u2019arbre en arbre, amb els mosquetons&#8230;al final est\u00e0vem tant segurs i ens ho van explicar tan b\u00e9, que vam poder fer el circuit dues vegades, vam acabar sent experts en tirolines i circuits. A m\u00e9s el Bosc vertical de Matar\u00f3 est\u00e0 envoltat d un preci\u00f3s parc natural, pel que vam poder fer una passejada, muntar en columpis&#8230;va ser un dia rod\u00f3, vam gaudir al m\u00e0xim, que b\u00e9 senten aquestes sortides a la natura.<\/p>\n<p><iframe loading=\"lazy\" title=\"SRR 21- 22 EI 102\" width=\"500\" height=\"375\" src=\"https:\/\/www.youtube.com\/embed\/8aOtqTgFwS8?feature=oembed\" frameborder=\"0\" allow=\"accelerometer; autoplay; clipboard-write; encrypted-media; gyroscope; picture-in-picture; web-share\" referrerpolicy=\"strict-origin-when-cross-origin\" allowfullscreen><\/iframe><\/p>\n","protected":false},"excerpt":{"rendered":"<p>Aquest mes de maig ha estat molt profit\u00f3s pels nens i nenes de la classe dels superherois i les superhero\u00efnes, en primer lloc, a principis de maig vam fer una sortida d\u2019all\u00f2 m\u00e9s emocionant al Bosc Vertical a Matar\u00f3, ten\u00edem tantes ganes de fer el&hellip;  <a href=\"https:\/\/agora.xtec.cat\/ceip-serramarina-sta-coloma\/general\/els-superherois-i-superheroines-al-bosc-vertical\/\" title=\"Read ELS SUPERHEROIS I SUPERHERO\u00cfNES AL BOSC VERTICAL\">Llegeix m\u00e9s\u00bb<\/a><\/p>\n","protected":false},"author":9,"featured_media":6913,"comment_status":"closed","ping_status":"closed","sticky":false,"template":"","format":"standard","meta":{"_bbp_topic_count":0,"_bbp_reply_count":0,"_bbp_total_topic_count":0,"_bbp_total_reply_count":0,"_bbp_voice_count":0,"_bbp_anonymous_reply_count":0,"_bbp_topic_count_hidden":0,"_bbp_reply_count_hidden":0,"_bbp_forum_subforum_count":0,"footnotes":""},"categories":[2,102,1,9],"tags":[],"class_list":["post-6910","post","type-post","status-publish","format-standard","has-post-thumbnail","hentry","category-infantil","category-experiencies-daula","category-general","category-p5"],"post_mailing_queue_ids":[],"_links":{"self":[{"href":"https:\/\/agora.xtec.cat\/ceip-serramarina-sta-coloma\/wp-json\/wp\/v2\/posts\/6910","targetHints":{"allow":["GET"]}}],"collection":[{"href":"https:\/\/agora.xtec.cat\/ceip-serramarina-sta-coloma\/wp-json\/wp\/v2\/posts"}],"about":[{"href":"https:\/\/agora.xtec.cat\/ceip-serramarina-sta-coloma\/wp-json\/wp\/v2\/types\/post"}],"author":[{"embeddable":true,"href":"https:\/\/agora.xtec.cat\/ceip-serramarina-sta-coloma\/wp-json\/wp\/v2\/users\/9"}],"replies":[{"embeddable":true,"href":"https:\/\/agora.xtec.cat\/ceip-serramarina-sta-coloma\/wp-json\/wp\/v2\/comments?post=6910"}],"version-history":[{"count":1,"href":"https:\/\/agora.xtec.cat\/ceip-serramarina-sta-coloma\/wp-json\/wp\/v2\/posts\/6910\/revisions"}],"predecessor-version":[{"id":6914,"href":"https:\/\/agora.xtec.cat\/ceip-serramarina-sta-coloma\/wp-json\/wp\/v2\/posts\/6910\/revisions\/6914"}],"wp:featuredmedia":[{"embeddable":true,"href":"https:\/\/agora.xtec.cat\/ceip-serramarina-sta-coloma\/wp-json\/wp\/v2\/media\/6913"}],"wp:attachment":[{"href":"https:\/\/agora.xtec.cat\/ceip-serramarina-sta-coloma\/wp-json\/wp\/v2\/media?parent=6910"}],"wp:term":[{"taxonomy":"category","embeddable":true,"href":"https:\/\/agora.xtec.cat\/ceip-serramarina-sta-coloma\/wp-json\/wp\/v2\/categories?post=6910"},{"taxonomy":"post_tag","embeddable":true,"href":"https:\/\/agora.xtec.cat\/ceip-serramarina-sta-coloma\/wp-json\/wp\/v2\/tags?post=6910"}],"curies":[{"name":"wp","href":"https:\/\/api.w.org\/{rel}","templated":true}]}}