{"id":6716,"date":"2022-04-10T11:46:59","date_gmt":"2022-04-10T09:46:59","guid":{"rendered":"https:\/\/agora.xtec.cat\/ceip-serramarina-sta-coloma\/?p=6716"},"modified":"2022-04-10T11:46:59","modified_gmt":"2022-04-10T09:46:59","slug":"dia-internacional-de-laigua","status":"publish","type":"post","link":"https:\/\/agora.xtec.cat\/ceip-serramarina-sta-coloma\/infantil\/dia-internacional-de-laigua\/","title":{"rendered":"DIA INTERNACIONAL DE L&#8217;AIGUA"},"content":{"rendered":"<p><iframe loading=\"lazy\" title=\"SRR 21-22 AMB.CI\u00c8NCIES 002\" width=\"500\" height=\"281\" src=\"https:\/\/www.youtube.com\/embed\/EABfYFd67w4?feature=oembed\" frameborder=\"0\" allow=\"accelerometer; autoplay; clipboard-write; encrypted-media; gyroscope; picture-in-picture; web-share\" referrerpolicy=\"strict-origin-when-cross-origin\" allowfullscreen><\/iframe><\/p>\n<p>DIA INTERNACIONAL DE L&#8217;AIGUA<\/p>\n<p>El passat dia 22 de mar\u00e7, va ser el dia internacional de l&#8217;aigua i a l&#8217;escola ho vam celebrar fent diferents activitats a l&#8217;aula. Mireu quan hem apr\u00e8s, a m\u00e9s a m\u00e9s, ens ho hem passat molt b\u00e9.<\/p>\n","protected":false},"excerpt":{"rendered":"<p>DIA INTERNACIONAL DE L&#8217;AIGUA<br \/>\nEl passat dia 22 de mar\u00e7, va ser el dia internacional de l&#8217;aigua i a l&#8217;escola ho vam celebrar fent diferents activitats a l&#8217;aula. Mireu quan hem apr\u00e8s, a m\u00e9s a m\u00e9s, ens ho hem passat molt b\u00e9.<\/p>\n","protected":false},"author":11,"featured_media":6717,"comment_status":"closed","ping_status":"closed","sticky":false,"template":"","format":"standard","meta":{"_bbp_topic_count":0,"_bbp_reply_count":0,"_bbp_total_topic_count":0,"_bbp_total_reply_count":0,"_bbp_voice_count":0,"_bbp_anonymous_reply_count":0,"_bbp_topic_count_hidden":0,"_bbp_reply_count_hidden":0,"_bbp_forum_subforum_count":0,"footnotes":""},"categories":[93,98,2,5],"tags":[],"class_list":["post-6716","post","type-post","status-publish","format-standard","has-post-thumbnail","hentry","category-curs-2021-2022","category-dia-a-dia-lescola","category-infantil","category-primaria"],"post_mailing_queue_ids":[],"_links":{"self":[{"href":"https:\/\/agora.xtec.cat\/ceip-serramarina-sta-coloma\/wp-json\/wp\/v2\/posts\/6716","targetHints":{"allow":["GET"]}}],"collection":[{"href":"https:\/\/agora.xtec.cat\/ceip-serramarina-sta-coloma\/wp-json\/wp\/v2\/posts"}],"about":[{"href":"https:\/\/agora.xtec.cat\/ceip-serramarina-sta-coloma\/wp-json\/wp\/v2\/types\/post"}],"author":[{"embeddable":true,"href":"https:\/\/agora.xtec.cat\/ceip-serramarina-sta-coloma\/wp-json\/wp\/v2\/users\/11"}],"replies":[{"embeddable":true,"href":"https:\/\/agora.xtec.cat\/ceip-serramarina-sta-coloma\/wp-json\/wp\/v2\/comments?post=6716"}],"version-history":[{"count":1,"href":"https:\/\/agora.xtec.cat\/ceip-serramarina-sta-coloma\/wp-json\/wp\/v2\/posts\/6716\/revisions"}],"predecessor-version":[{"id":6718,"href":"https:\/\/agora.xtec.cat\/ceip-serramarina-sta-coloma\/wp-json\/wp\/v2\/posts\/6716\/revisions\/6718"}],"wp:featuredmedia":[{"embeddable":true,"href":"https:\/\/agora.xtec.cat\/ceip-serramarina-sta-coloma\/wp-json\/wp\/v2\/media\/6717"}],"wp:attachment":[{"href":"https:\/\/agora.xtec.cat\/ceip-serramarina-sta-coloma\/wp-json\/wp\/v2\/media?parent=6716"}],"wp:term":[{"taxonomy":"category","embeddable":true,"href":"https:\/\/agora.xtec.cat\/ceip-serramarina-sta-coloma\/wp-json\/wp\/v2\/categories?post=6716"},{"taxonomy":"post_tag","embeddable":true,"href":"https:\/\/agora.xtec.cat\/ceip-serramarina-sta-coloma\/wp-json\/wp\/v2\/tags?post=6716"}],"curies":[{"name":"wp","href":"https:\/\/api.w.org\/{rel}","templated":true}]}}