{"id":6424,"date":"2022-02-07T08:08:48","date_gmt":"2022-02-07T07:08:48","guid":{"rendered":"https:\/\/agora.xtec.cat\/ceip-serramarina-sta-coloma\/?p=6424"},"modified":"2022-02-07T00:10:08","modified_gmt":"2022-02-06T23:10:08","slug":"fabriquem-el-nostre-coet-p4-a","status":"publish","type":"post","link":"https:\/\/agora.xtec.cat\/ceip-serramarina-sta-coloma\/general\/fabriquem-el-nostre-coet-p4-a\/","title":{"rendered":"FABRIQUEM EL NOSTRE COET P4 A"},"content":{"rendered":"<p>La classe de P4-A ha comen\u00e7at l\u2019any amb una activitat relacionada amb el projecte del grup, els coets. Cada nen i nena, amb els materials que van portar de casa, va crear el seu coet. Ells mateixos\/es van retallar i modelar les peces, enganxar i, per \u00faltim, el van personalitzar amb pintures com cadasc\u00fa va voler, expressant aix\u00ed les seves emocions, i van sortir aquestes boniques creacions. Tota la classe va gaudir molt realitzant aquest treball manual i despr\u00e9s posant en com\u00fa les seves sensacions. Esperem que us agradin els coets que estan a punt d\u2019arribar a casa!<\/p>\n<p>&nbsp;<\/p>\n<p><iframe loading=\"lazy\" title=\"SRR 21-22 EI 058\" width=\"500\" height=\"281\" src=\"https:\/\/www.youtube.com\/embed\/Od31Yt-I-oM?feature=oembed\" frameborder=\"0\" allow=\"accelerometer; autoplay; clipboard-write; encrypted-media; gyroscope; picture-in-picture; web-share\" referrerpolicy=\"strict-origin-when-cross-origin\" allowfullscreen><\/iframe><\/p>\n","protected":false},"excerpt":{"rendered":"<p>La classe de P4-A ha comen\u00e7at l\u2019any amb una activitat relacionada amb el projecte del grup, els coets. Cada nen i nena, amb els materials que van portar de casa, va crear el seu coet. Ells mateixos\/es van retallar i modelar les peces, enganxar i,&hellip;  <a href=\"https:\/\/agora.xtec.cat\/ceip-serramarina-sta-coloma\/general\/fabriquem-el-nostre-coet-p4-a\/\" title=\"Read FABRIQUEM EL NOSTRE COET P4 A\">Llegeix m\u00e9s\u00bb<\/a><\/p>\n","protected":false},"author":9,"featured_media":0,"comment_status":"closed","ping_status":"closed","sticky":false,"template":"","format":"standard","meta":{"_bbp_topic_count":0,"_bbp_reply_count":0,"_bbp_total_topic_count":0,"_bbp_total_reply_count":0,"_bbp_voice_count":0,"_bbp_anonymous_reply_count":0,"_bbp_topic_count_hidden":0,"_bbp_reply_count_hidden":0,"_bbp_forum_subforum_count":0,"footnotes":""},"categories":[23,93,2,1,8],"tags":[],"class_list":["post-6424","post","type-post","status-publish","format-standard","hentry","category-a-classe","category-curs-2021-2022","category-infantil","category-general","category-p4"],"post_mailing_queue_ids":[],"_links":{"self":[{"href":"https:\/\/agora.xtec.cat\/ceip-serramarina-sta-coloma\/wp-json\/wp\/v2\/posts\/6424","targetHints":{"allow":["GET"]}}],"collection":[{"href":"https:\/\/agora.xtec.cat\/ceip-serramarina-sta-coloma\/wp-json\/wp\/v2\/posts"}],"about":[{"href":"https:\/\/agora.xtec.cat\/ceip-serramarina-sta-coloma\/wp-json\/wp\/v2\/types\/post"}],"author":[{"embeddable":true,"href":"https:\/\/agora.xtec.cat\/ceip-serramarina-sta-coloma\/wp-json\/wp\/v2\/users\/9"}],"replies":[{"embeddable":true,"href":"https:\/\/agora.xtec.cat\/ceip-serramarina-sta-coloma\/wp-json\/wp\/v2\/comments?post=6424"}],"version-history":[{"count":1,"href":"https:\/\/agora.xtec.cat\/ceip-serramarina-sta-coloma\/wp-json\/wp\/v2\/posts\/6424\/revisions"}],"predecessor-version":[{"id":6425,"href":"https:\/\/agora.xtec.cat\/ceip-serramarina-sta-coloma\/wp-json\/wp\/v2\/posts\/6424\/revisions\/6425"}],"wp:attachment":[{"href":"https:\/\/agora.xtec.cat\/ceip-serramarina-sta-coloma\/wp-json\/wp\/v2\/media?parent=6424"}],"wp:term":[{"taxonomy":"category","embeddable":true,"href":"https:\/\/agora.xtec.cat\/ceip-serramarina-sta-coloma\/wp-json\/wp\/v2\/categories?post=6424"},{"taxonomy":"post_tag","embeddable":true,"href":"https:\/\/agora.xtec.cat\/ceip-serramarina-sta-coloma\/wp-json\/wp\/v2\/tags?post=6424"}],"curies":[{"name":"wp","href":"https:\/\/api.w.org\/{rel}","templated":true}]}}