{"id":6015,"date":"2021-12-09T23:44:35","date_gmt":"2021-12-09T22:44:35","guid":{"rendered":"https:\/\/agora.xtec.cat\/ceip-serramarina-sta-coloma\/?p=6015"},"modified":"2021-12-09T23:44:35","modified_gmt":"2021-12-09T22:44:35","slug":"4t-b-treballem-el-projecte-coneixem-catalunya","status":"publish","type":"post","link":"https:\/\/agora.xtec.cat\/ceip-serramarina-sta-coloma\/general\/4t-b-treballem-el-projecte-coneixem-catalunya\/","title":{"rendered":"4T B TREBALLEM EL PROJECTE &#8220;CONEIXEM CATALUNYA&#8221;"},"content":{"rendered":"<p><iframe loading=\"lazy\" title=\"SRR 21-22 CM 016\" width=\"500\" height=\"281\" src=\"https:\/\/www.youtube.com\/embed\/yK_ilaKcpSQ?feature=oembed\" frameborder=\"0\" allow=\"accelerometer; autoplay; clipboard-write; encrypted-media; gyroscope; picture-in-picture; web-share\" referrerpolicy=\"strict-origin-when-cross-origin\" allowfullscreen><\/iframe><\/p>\n<p>Durant el mes de novembre continuem aprofundint en el nostre projecte de con\u00e8ixer Catalunya. A partir de les \u201cfake news\u201d i de la nostra investigaci\u00f3 mitjan\u00e7ant les noves tecnologies, estem trobant tota la informaci\u00f3 necess\u00e0ria per ser experts en molts aspectes de la nostra comunitat aut\u00f2noma&#8230;<\/p>\n","protected":false},"excerpt":{"rendered":"<p>Durant el mes de novembre continuem aprofundint en el nostre projecte de con\u00e8ixer Catalunya. A partir de les \u201cfake news\u201d i de la nostra investigaci\u00f3 mitjan\u00e7ant les noves tecnologies, estem trobant tota la informaci\u00f3 necess\u00e0ria per ser experts en molts aspectes de la nostra comunitat&hellip;  <a href=\"https:\/\/agora.xtec.cat\/ceip-serramarina-sta-coloma\/general\/4t-b-treballem-el-projecte-coneixem-catalunya\/\" title=\"Read 4T B TREBALLEM EL PROJECTE &#8220;CONEIXEM CATALUNYA&#8221;\">Llegeix m\u00e9s\u00bb<\/a><\/p>\n","protected":false},"author":13,"featured_media":6016,"comment_status":"open","ping_status":"closed","sticky":false,"template":"","format":"standard","meta":{"_bbp_topic_count":0,"_bbp_reply_count":0,"_bbp_total_topic_count":0,"_bbp_total_reply_count":0,"_bbp_voice_count":0,"_bbp_anonymous_reply_count":0,"_bbp_topic_count_hidden":0,"_bbp_reply_count_hidden":0,"_bbp_forum_subforum_count":0,"footnotes":""},"categories":[13,23,81,93,5,45,1,4,95],"tags":[],"class_list":["post-6015","post","type-post","status-publish","format-standard","has-post-thumbnail","hentry","category-4t","category-a-classe","category-aula","category-curs-2021-2022","category-primaria","category-especialitats","category-general","category-portada","category-projecte"],"post_mailing_queue_ids":[],"_links":{"self":[{"href":"https:\/\/agora.xtec.cat\/ceip-serramarina-sta-coloma\/wp-json\/wp\/v2\/posts\/6015","targetHints":{"allow":["GET"]}}],"collection":[{"href":"https:\/\/agora.xtec.cat\/ceip-serramarina-sta-coloma\/wp-json\/wp\/v2\/posts"}],"about":[{"href":"https:\/\/agora.xtec.cat\/ceip-serramarina-sta-coloma\/wp-json\/wp\/v2\/types\/post"}],"author":[{"embeddable":true,"href":"https:\/\/agora.xtec.cat\/ceip-serramarina-sta-coloma\/wp-json\/wp\/v2\/users\/13"}],"replies":[{"embeddable":true,"href":"https:\/\/agora.xtec.cat\/ceip-serramarina-sta-coloma\/wp-json\/wp\/v2\/comments?post=6015"}],"version-history":[{"count":1,"href":"https:\/\/agora.xtec.cat\/ceip-serramarina-sta-coloma\/wp-json\/wp\/v2\/posts\/6015\/revisions"}],"predecessor-version":[{"id":6017,"href":"https:\/\/agora.xtec.cat\/ceip-serramarina-sta-coloma\/wp-json\/wp\/v2\/posts\/6015\/revisions\/6017"}],"wp:featuredmedia":[{"embeddable":true,"href":"https:\/\/agora.xtec.cat\/ceip-serramarina-sta-coloma\/wp-json\/wp\/v2\/media\/6016"}],"wp:attachment":[{"href":"https:\/\/agora.xtec.cat\/ceip-serramarina-sta-coloma\/wp-json\/wp\/v2\/media?parent=6015"}],"wp:term":[{"taxonomy":"category","embeddable":true,"href":"https:\/\/agora.xtec.cat\/ceip-serramarina-sta-coloma\/wp-json\/wp\/v2\/categories?post=6015"},{"taxonomy":"post_tag","embeddable":true,"href":"https:\/\/agora.xtec.cat\/ceip-serramarina-sta-coloma\/wp-json\/wp\/v2\/tags?post=6015"}],"curies":[{"name":"wp","href":"https:\/\/api.w.org\/{rel}","templated":true}]}}