{"id":6012,"date":"2021-12-09T23:37:45","date_gmt":"2021-12-09T22:37:45","guid":{"rendered":"https:\/\/agora.xtec.cat\/ceip-serramarina-sta-coloma\/?p=6012"},"modified":"2021-12-09T23:37:45","modified_gmt":"2021-12-09T22:37:45","slug":"coneixem-la-vida-i-lobra-dantoni-gaudi","status":"publish","type":"post","link":"https:\/\/agora.xtec.cat\/ceip-serramarina-sta-coloma\/general\/coneixem-la-vida-i-lobra-dantoni-gaudi\/","title":{"rendered":"CONEIXEM LA VIDA I L\u2019OBRA D\u2019ANTONI GAUD\u00cd"},"content":{"rendered":"<p><iframe loading=\"lazy\" title=\"SRR 21-22 CM 015\" width=\"500\" height=\"281\" src=\"https:\/\/www.youtube.com\/embed\/sK406r-cdRE?feature=oembed\" frameborder=\"0\" allow=\"accelerometer; autoplay; clipboard-write; encrypted-media; gyroscope; picture-in-picture; web-share\" referrerpolicy=\"strict-origin-when-cross-origin\" allowfullscreen><\/iframe><\/p>\n<p>La classe de 4t A hem pogut aprendre I sorprendre\u2019ns amb la vida del gran arquitecte catal\u00e0 Antoni Gaud\u00ed. Des dels seus or\u00edgens a la ciutat de Reus fins a les seves grans obres modernistes, hem gaudit d\u2019activitats molt engrescadores, que ens han apropat a aspectes que desconeix\u00edem d\u2019aquest artista tan conegut per nosaltres. Com a cloenda, hem tingut oportunitat de realitzar una obra pl\u00e0stica amb diversos materials sobre una imatge de la Casa Batll\u00f3. Amb aquesta feina seguirem treballant el nostre projecte sobre les comarques de Catalunya.<\/p>\n","protected":false},"excerpt":{"rendered":"<p>La classe de 4t A hem pogut aprendre I sorprendre\u2019ns amb la vida del gran arquitecte catal\u00e0 Antoni Gaud\u00ed. Des dels seus or\u00edgens a la ciutat de Reus fins a les seves grans obres modernistes, hem gaudit d\u2019activitats molt engrescadores, que ens han apropat a&hellip;  <a href=\"https:\/\/agora.xtec.cat\/ceip-serramarina-sta-coloma\/general\/coneixem-la-vida-i-lobra-dantoni-gaudi\/\" title=\"Read CONEIXEM LA VIDA I L\u2019OBRA D\u2019ANTONI GAUD\u00cd\">Llegeix m\u00e9s\u00bb<\/a><\/p>\n","protected":false},"author":13,"featured_media":6013,"comment_status":"open","ping_status":"closed","sticky":false,"template":"","format":"standard","meta":{"_bbp_topic_count":0,"_bbp_reply_count":0,"_bbp_total_topic_count":0,"_bbp_total_reply_count":0,"_bbp_voice_count":0,"_bbp_anonymous_reply_count":0,"_bbp_topic_count_hidden":0,"_bbp_reply_count_hidden":0,"_bbp_forum_subforum_count":0,"footnotes":""},"categories":[13,23,81,5,45,1,4,95],"tags":[],"class_list":["post-6012","post","type-post","status-publish","format-standard","has-post-thumbnail","hentry","category-4t","category-a-classe","category-aula","category-primaria","category-especialitats","category-general","category-portada","category-projecte"],"post_mailing_queue_ids":[],"_links":{"self":[{"href":"https:\/\/agora.xtec.cat\/ceip-serramarina-sta-coloma\/wp-json\/wp\/v2\/posts\/6012","targetHints":{"allow":["GET"]}}],"collection":[{"href":"https:\/\/agora.xtec.cat\/ceip-serramarina-sta-coloma\/wp-json\/wp\/v2\/posts"}],"about":[{"href":"https:\/\/agora.xtec.cat\/ceip-serramarina-sta-coloma\/wp-json\/wp\/v2\/types\/post"}],"author":[{"embeddable":true,"href":"https:\/\/agora.xtec.cat\/ceip-serramarina-sta-coloma\/wp-json\/wp\/v2\/users\/13"}],"replies":[{"embeddable":true,"href":"https:\/\/agora.xtec.cat\/ceip-serramarina-sta-coloma\/wp-json\/wp\/v2\/comments?post=6012"}],"version-history":[{"count":1,"href":"https:\/\/agora.xtec.cat\/ceip-serramarina-sta-coloma\/wp-json\/wp\/v2\/posts\/6012\/revisions"}],"predecessor-version":[{"id":6014,"href":"https:\/\/agora.xtec.cat\/ceip-serramarina-sta-coloma\/wp-json\/wp\/v2\/posts\/6012\/revisions\/6014"}],"wp:featuredmedia":[{"embeddable":true,"href":"https:\/\/agora.xtec.cat\/ceip-serramarina-sta-coloma\/wp-json\/wp\/v2\/media\/6013"}],"wp:attachment":[{"href":"https:\/\/agora.xtec.cat\/ceip-serramarina-sta-coloma\/wp-json\/wp\/v2\/media?parent=6012"}],"wp:term":[{"taxonomy":"category","embeddable":true,"href":"https:\/\/agora.xtec.cat\/ceip-serramarina-sta-coloma\/wp-json\/wp\/v2\/categories?post=6012"},{"taxonomy":"post_tag","embeddable":true,"href":"https:\/\/agora.xtec.cat\/ceip-serramarina-sta-coloma\/wp-json\/wp\/v2\/tags?post=6012"}],"curies":[{"name":"wp","href":"https:\/\/api.w.org\/{rel}","templated":true}]}}