{"id":5929,"date":"2021-12-01T09:40:12","date_gmt":"2021-12-01T08:40:12","guid":{"rendered":"https:\/\/agora.xtec.cat\/ceip-serramarina-sta-coloma\/?p=5929"},"modified":"2021-11-25T09:42:44","modified_gmt":"2021-11-25T08:42:44","slug":"a-6e-fem-teatre-en-angles","status":"publish","type":"post","link":"https:\/\/agora.xtec.cat\/ceip-serramarina-sta-coloma\/general\/a-6e-fem-teatre-en-angles\/","title":{"rendered":"A 6\u00e8 fem teatre en angl\u00e8s"},"content":{"rendered":"<p>A 6\u00e8 hem treballat l\u2019expressi\u00f3 oral treballant el teatre amb vocabulari de la \u201cUNIT 2\u201d, ens ha servit per repassar i pronunciar millor les paraules noves. Com podeu veure, som uns cracks!<\/p>\n<p><iframe loading=\"lazy\" title=\"SRR 21-22 CS 012\" width=\"500\" height=\"281\" src=\"https:\/\/www.youtube.com\/embed\/29XZYaHBg4E?feature=oembed\" frameborder=\"0\" allow=\"accelerometer; autoplay; clipboard-write; encrypted-media; gyroscope; picture-in-picture; web-share\" referrerpolicy=\"strict-origin-when-cross-origin\" allowfullscreen><\/iframe><\/p>\n","protected":false},"excerpt":{"rendered":"<p>A 6\u00e8 hem treballat l\u2019expressi\u00f3 oral treballant el teatre amb vocabulari de la \u201cUNIT 2\u201d, ens ha servit per repassar i pronunciar millor les paraules noves. Com podeu veure, som uns cracks!<\/p>\n","protected":false},"author":14,"featured_media":0,"comment_status":"closed","ping_status":"closed","sticky":false,"template":"","format":"standard","meta":{"_bbp_topic_count":0,"_bbp_reply_count":0,"_bbp_total_topic_count":0,"_bbp_total_reply_count":0,"_bbp_voice_count":0,"_bbp_anonymous_reply_count":0,"_bbp_topic_count_hidden":0,"_bbp_reply_count_hidden":0,"_bbp_forum_subforum_count":0,"footnotes":""},"categories":[15,23,46,5,45,1,4],"tags":[],"class_list":["post-5929","post","type-post","status-publish","format-standard","hentry","category-6e","category-a-classe","category-angles","category-primaria","category-especialitats","category-general","category-portada"],"post_mailing_queue_ids":[],"_links":{"self":[{"href":"https:\/\/agora.xtec.cat\/ceip-serramarina-sta-coloma\/wp-json\/wp\/v2\/posts\/5929","targetHints":{"allow":["GET"]}}],"collection":[{"href":"https:\/\/agora.xtec.cat\/ceip-serramarina-sta-coloma\/wp-json\/wp\/v2\/posts"}],"about":[{"href":"https:\/\/agora.xtec.cat\/ceip-serramarina-sta-coloma\/wp-json\/wp\/v2\/types\/post"}],"author":[{"embeddable":true,"href":"https:\/\/agora.xtec.cat\/ceip-serramarina-sta-coloma\/wp-json\/wp\/v2\/users\/14"}],"replies":[{"embeddable":true,"href":"https:\/\/agora.xtec.cat\/ceip-serramarina-sta-coloma\/wp-json\/wp\/v2\/comments?post=5929"}],"version-history":[{"count":1,"href":"https:\/\/agora.xtec.cat\/ceip-serramarina-sta-coloma\/wp-json\/wp\/v2\/posts\/5929\/revisions"}],"predecessor-version":[{"id":5930,"href":"https:\/\/agora.xtec.cat\/ceip-serramarina-sta-coloma\/wp-json\/wp\/v2\/posts\/5929\/revisions\/5930"}],"wp:attachment":[{"href":"https:\/\/agora.xtec.cat\/ceip-serramarina-sta-coloma\/wp-json\/wp\/v2\/media?parent=5929"}],"wp:term":[{"taxonomy":"category","embeddable":true,"href":"https:\/\/agora.xtec.cat\/ceip-serramarina-sta-coloma\/wp-json\/wp\/v2\/categories?post=5929"},{"taxonomy":"post_tag","embeddable":true,"href":"https:\/\/agora.xtec.cat\/ceip-serramarina-sta-coloma\/wp-json\/wp\/v2\/tags?post=5929"}],"curies":[{"name":"wp","href":"https:\/\/api.w.org\/{rel}","templated":true}]}}