{"id":5899,"date":"2021-11-04T16:24:07","date_gmt":"2021-11-04T15:24:07","guid":{"rendered":"https:\/\/agora.xtec.cat\/ceip-serramarina-sta-coloma\/?p=5899"},"modified":"2021-11-04T16:28:13","modified_gmt":"2021-11-04T15:28:13","slug":"3r-treballem-lorientacio-espacial-a-educacio-fisica","status":"publish","type":"post","link":"https:\/\/agora.xtec.cat\/ceip-serramarina-sta-coloma\/general\/3r-treballem-lorientacio-espacial-a-educacio-fisica\/","title":{"rendered":"3r treballem l&#8217;orientaci\u00f3 espacial a Educaci\u00f3 F\u00edsica"},"content":{"rendered":"<p><iframe loading=\"lazy\" title=\"SRR 21-22  EF CM 001\" width=\"500\" height=\"281\" src=\"https:\/\/www.youtube.com\/embed\/cjiSTD7TTpk?feature=oembed\" frameborder=\"0\" allow=\"accelerometer; autoplay; clipboard-write; encrypted-media; gyroscope; picture-in-picture; web-share\" referrerpolicy=\"strict-origin-when-cross-origin\" allowfullscreen><\/iframe><\/p>\n<p>Els nens i nenes de 3r hem comen\u00e7at a treballar la percepci\u00f3 espacial per veure si som capa\u00e7os de situar-nos a l\u2019espai que ens envolta. Durant aquest mes d&#8217;octubre hem realitzat molts jocs per equips, fent-nos de guia, despla\u00e7ant-nos pel pati de diverses maneres, etc. <\/p>\n","protected":false},"excerpt":{"rendered":"<p>Els nens i nenes de 3r hem comen\u00e7at a treballar la percepci\u00f3 espacial per veure si som capa\u00e7os de situar-nos a l\u2019espai que ens envolta. Durant aquest mes d&#8217;octubre hem realitzat molts jocs per equips, fent-nos de guia, despla\u00e7ant-nos pel pati de diverses maneres, etc.&hellip;  <a href=\"https:\/\/agora.xtec.cat\/ceip-serramarina-sta-coloma\/general\/3r-treballem-lorientacio-espacial-a-educacio-fisica\/\" title=\"Read 3r treballem l&#8217;orientaci\u00f3 espacial a Educaci\u00f3 F\u00edsica\">Llegeix m\u00e9s\u00bb<\/a><\/p>\n","protected":false},"author":13,"featured_media":5900,"comment_status":"open","ping_status":"closed","sticky":false,"template":"","format":"standard","meta":{"_bbp_topic_count":0,"_bbp_reply_count":0,"_bbp_total_topic_count":0,"_bbp_total_reply_count":0,"_bbp_voice_count":0,"_bbp_anonymous_reply_count":0,"_bbp_topic_count_hidden":0,"_bbp_reply_count_hidden":0,"_bbp_forum_subforum_count":0,"footnotes":""},"categories":[12,23,81,93,47,5,45,1,4],"tags":[],"class_list":["post-5899","post","type-post","status-publish","format-standard","has-post-thumbnail","hentry","category-3r","category-a-classe","category-aula","category-curs-2021-2022","category-educacio-fisica","category-primaria","category-especialitats","category-general","category-portada"],"post_mailing_queue_ids":[],"_links":{"self":[{"href":"https:\/\/agora.xtec.cat\/ceip-serramarina-sta-coloma\/wp-json\/wp\/v2\/posts\/5899","targetHints":{"allow":["GET"]}}],"collection":[{"href":"https:\/\/agora.xtec.cat\/ceip-serramarina-sta-coloma\/wp-json\/wp\/v2\/posts"}],"about":[{"href":"https:\/\/agora.xtec.cat\/ceip-serramarina-sta-coloma\/wp-json\/wp\/v2\/types\/post"}],"author":[{"embeddable":true,"href":"https:\/\/agora.xtec.cat\/ceip-serramarina-sta-coloma\/wp-json\/wp\/v2\/users\/13"}],"replies":[{"embeddable":true,"href":"https:\/\/agora.xtec.cat\/ceip-serramarina-sta-coloma\/wp-json\/wp\/v2\/comments?post=5899"}],"version-history":[{"count":1,"href":"https:\/\/agora.xtec.cat\/ceip-serramarina-sta-coloma\/wp-json\/wp\/v2\/posts\/5899\/revisions"}],"predecessor-version":[{"id":5901,"href":"https:\/\/agora.xtec.cat\/ceip-serramarina-sta-coloma\/wp-json\/wp\/v2\/posts\/5899\/revisions\/5901"}],"wp:featuredmedia":[{"embeddable":true,"href":"https:\/\/agora.xtec.cat\/ceip-serramarina-sta-coloma\/wp-json\/wp\/v2\/media\/5900"}],"wp:attachment":[{"href":"https:\/\/agora.xtec.cat\/ceip-serramarina-sta-coloma\/wp-json\/wp\/v2\/media?parent=5899"}],"wp:term":[{"taxonomy":"category","embeddable":true,"href":"https:\/\/agora.xtec.cat\/ceip-serramarina-sta-coloma\/wp-json\/wp\/v2\/categories?post=5899"},{"taxonomy":"post_tag","embeddable":true,"href":"https:\/\/agora.xtec.cat\/ceip-serramarina-sta-coloma\/wp-json\/wp\/v2\/tags?post=5899"}],"curies":[{"name":"wp","href":"https:\/\/api.w.org\/{rel}","templated":true}]}}