{"id":5816,"date":"2021-11-01T20:01:04","date_gmt":"2021-11-01T19:01:04","guid":{"rendered":"https:\/\/agora.xtec.cat\/ceip-serramarina-sta-coloma\/?p=5816"},"modified":"2021-11-01T20:01:04","modified_gmt":"2021-11-01T19:01:04","slug":"loctubre-a-laula-dels-superherois","status":"publish","type":"post","link":"https:\/\/agora.xtec.cat\/ceip-serramarina-sta-coloma\/general\/loctubre-a-laula-dels-superherois\/","title":{"rendered":"L&#8217;OCTUBRE A L&#8217;AULA DELS SUPERHEROIS"},"content":{"rendered":"<p>L&#8217;octubre \u00e9s bon pintor perqu\u00e8 arriba la tardor!!!!&#8230; Us deixem una petit\u00edssima mostra de com estem treballant la tardor, una estaci\u00f3 plena de colors que convida a fer excursions a la muntanya i a gaudir de la natura&#8230; a classe hem treballat vocabulari, imatges de tardor, de fruits secs, carnosos, paisatges, colors, fulles\u2026hem confegit lletra a lletra per formar paraula i de s\u00edl\u00b7laba en s\u00edl\u00b7laba per formar paraules, totes elles relacionades amb la tem\u00e0tica de l\u2019estaci\u00f3. Hem pintat fulles, hem estampat, hem decorat la nostra classe, hem fet experiments, hem creat el nostre petit paisatge\u2026i encara queden m\u00e9s coses\u2026que la tardor dona molt de si i ens convida a inspirar-nos&#8230;I aix\u00ed va ser &#8230;a la tarda hem tingut com a colof\u00f3 final del mes d\u00b4octubre l\u00b4esperada visita de la mama d\u00b4una de les nostres alumnes de l&#8217;escola, Silvia la castanyera, ens has fet feli\u00e7, moltes gr\u00e0cies mama S\u00edlvia Castanyera!!! hem pogut pintar cares, explicar contes, fer-nos fotos, hem fet desfilada, hem posat tattoos, segells&#8230;un munt d&#8217;activitats\u2026.i a m\u00e9s hem tingut la sort de que hagin vingut un castanyer i una castanyera a repartir-nos castanyes calentetes\u2026.estaven bon\u00edssimes, com hem gaudit!!! Espero que us agradi tant com a nosaltres!!!<\/p>\n<p><iframe loading=\"lazy\" title=\"SRR 21-22 EI 017\" width=\"500\" height=\"281\" src=\"https:\/\/www.youtube.com\/embed\/r-_Fu19YJ-E?feature=oembed\" frameborder=\"0\" allow=\"accelerometer; autoplay; clipboard-write; encrypted-media; gyroscope; picture-in-picture; web-share\" referrerpolicy=\"strict-origin-when-cross-origin\" allowfullscreen><\/iframe><\/p>\n<p>&nbsp;<\/p>\n","protected":false},"excerpt":{"rendered":"<p>L&#8217;octubre \u00e9s bon pintor perqu\u00e8 arriba la tardor!!!!&#8230; Us deixem una petit\u00edssima mostra de com estem treballant la tardor, una estaci\u00f3 plena de colors que convida a fer excursions a la muntanya i a gaudir de la natura&#8230; a classe hem treballat vocabulari, imatges de&hellip;  <a href=\"https:\/\/agora.xtec.cat\/ceip-serramarina-sta-coloma\/general\/loctubre-a-laula-dels-superherois\/\" title=\"Read L&#8217;OCTUBRE A L&#8217;AULA DELS SUPERHEROIS\">Llegeix m\u00e9s\u00bb<\/a><\/p>\n","protected":false},"author":9,"featured_media":0,"comment_status":"closed","ping_status":"closed","sticky":false,"template":"","format":"standard","meta":{"_bbp_topic_count":0,"_bbp_reply_count":0,"_bbp_total_topic_count":0,"_bbp_total_reply_count":0,"_bbp_voice_count":0,"_bbp_anonymous_reply_count":0,"_bbp_topic_count_hidden":0,"_bbp_reply_count_hidden":0,"_bbp_forum_subforum_count":0,"footnotes":""},"categories":[93,2,1,9,4],"tags":[],"class_list":["post-5816","post","type-post","status-publish","format-standard","hentry","category-curs-2021-2022","category-infantil","category-general","category-p5","category-portada"],"post_mailing_queue_ids":[],"_links":{"self":[{"href":"https:\/\/agora.xtec.cat\/ceip-serramarina-sta-coloma\/wp-json\/wp\/v2\/posts\/5816","targetHints":{"allow":["GET"]}}],"collection":[{"href":"https:\/\/agora.xtec.cat\/ceip-serramarina-sta-coloma\/wp-json\/wp\/v2\/posts"}],"about":[{"href":"https:\/\/agora.xtec.cat\/ceip-serramarina-sta-coloma\/wp-json\/wp\/v2\/types\/post"}],"author":[{"embeddable":true,"href":"https:\/\/agora.xtec.cat\/ceip-serramarina-sta-coloma\/wp-json\/wp\/v2\/users\/9"}],"replies":[{"embeddable":true,"href":"https:\/\/agora.xtec.cat\/ceip-serramarina-sta-coloma\/wp-json\/wp\/v2\/comments?post=5816"}],"version-history":[{"count":1,"href":"https:\/\/agora.xtec.cat\/ceip-serramarina-sta-coloma\/wp-json\/wp\/v2\/posts\/5816\/revisions"}],"predecessor-version":[{"id":5817,"href":"https:\/\/agora.xtec.cat\/ceip-serramarina-sta-coloma\/wp-json\/wp\/v2\/posts\/5816\/revisions\/5817"}],"wp:attachment":[{"href":"https:\/\/agora.xtec.cat\/ceip-serramarina-sta-coloma\/wp-json\/wp\/v2\/media?parent=5816"}],"wp:term":[{"taxonomy":"category","embeddable":true,"href":"https:\/\/agora.xtec.cat\/ceip-serramarina-sta-coloma\/wp-json\/wp\/v2\/categories?post=5816"},{"taxonomy":"post_tag","embeddable":true,"href":"https:\/\/agora.xtec.cat\/ceip-serramarina-sta-coloma\/wp-json\/wp\/v2\/tags?post=5816"}],"curies":[{"name":"wp","href":"https:\/\/api.w.org\/{rel}","templated":true}]}}