{"id":5639,"date":"2021-06-27T19:07:31","date_gmt":"2021-06-27T17:07:31","guid":{"rendered":"http:\/\/agora.xtec.cat\/ceip-serramarina-sta-coloma\/?p=5639"},"modified":"2021-06-27T19:07:31","modified_gmt":"2021-06-27T17:07:31","slug":"aprenem-les-normes-de-circulacio-a-4t-c","status":"publish","type":"post","link":"https:\/\/agora.xtec.cat\/ceip-serramarina-sta-coloma\/portada\/aprenem-les-normes-de-circulacio-a-4t-c\/","title":{"rendered":"Aprenem les normes de circulaci\u00f3 a 4t C"},"content":{"rendered":"<p><iframe loading=\"lazy\" title=\"SRR 20-21 CM 087\" width=\"500\" height=\"281\" src=\"https:\/\/www.youtube.com\/embed\/NlVGBaO56aM?feature=oembed\" frameborder=\"0\" allow=\"accelerometer; autoplay; clipboard-write; encrypted-media; gyroscope; picture-in-picture; web-share\" referrerpolicy=\"strict-origin-when-cross-origin\" allowfullscreen><\/iframe><\/p>\n<p>Aquest mes hem fet l&#8217;\u00faltima excursi\u00f3 d&#8217;aquest curs, en la qual vam tenir l&#8217;oportunitat de con\u00e8ixer curiositats sobre el paisatge que ens envolta i vam poder posar en pr\u00e0ctica les normes de circulaci\u00f3 que hav\u00edem apr\u00e8s pr\u00e8viament. Ens ho vam passar genial en els Karts!<\/p>\n","protected":false},"excerpt":{"rendered":"<p>Aquest mes hem fet l&#8217;\u00faltima excursi\u00f3 d&#8217;aquest curs, en la qual vam tenir l&#8217;oportunitat de con\u00e8ixer curiositats sobre el paisatge que ens envolta i vam poder posar en pr\u00e0ctica les normes de circulaci\u00f3 que hav\u00edem apr\u00e8s pr\u00e8viament. Ens ho vam passar genial en els Karts!<\/p>\n","protected":false},"author":13,"featured_media":5640,"comment_status":"closed","ping_status":"closed","sticky":false,"template":"","format":"standard","meta":{"_bbp_topic_count":0,"_bbp_reply_count":0,"_bbp_total_topic_count":0,"_bbp_total_reply_count":0,"_bbp_voice_count":0,"_bbp_anonymous_reply_count":0,"_bbp_topic_count_hidden":0,"_bbp_reply_count_hidden":0,"_bbp_forum_subforum_count":0,"footnotes":""},"categories":[13,90,5,4],"tags":[],"class_list":["post-5639","post","type-post","status-publish","format-standard","has-post-thumbnail","hentry","category-4t","category-curs-2020-2021","category-primaria","category-portada"],"post_mailing_queue_ids":[],"_links":{"self":[{"href":"https:\/\/agora.xtec.cat\/ceip-serramarina-sta-coloma\/wp-json\/wp\/v2\/posts\/5639","targetHints":{"allow":["GET"]}}],"collection":[{"href":"https:\/\/agora.xtec.cat\/ceip-serramarina-sta-coloma\/wp-json\/wp\/v2\/posts"}],"about":[{"href":"https:\/\/agora.xtec.cat\/ceip-serramarina-sta-coloma\/wp-json\/wp\/v2\/types\/post"}],"author":[{"embeddable":true,"href":"https:\/\/agora.xtec.cat\/ceip-serramarina-sta-coloma\/wp-json\/wp\/v2\/users\/13"}],"replies":[{"embeddable":true,"href":"https:\/\/agora.xtec.cat\/ceip-serramarina-sta-coloma\/wp-json\/wp\/v2\/comments?post=5639"}],"version-history":[{"count":1,"href":"https:\/\/agora.xtec.cat\/ceip-serramarina-sta-coloma\/wp-json\/wp\/v2\/posts\/5639\/revisions"}],"predecessor-version":[{"id":5641,"href":"https:\/\/agora.xtec.cat\/ceip-serramarina-sta-coloma\/wp-json\/wp\/v2\/posts\/5639\/revisions\/5641"}],"wp:featuredmedia":[{"embeddable":true,"href":"https:\/\/agora.xtec.cat\/ceip-serramarina-sta-coloma\/wp-json\/wp\/v2\/media\/5640"}],"wp:attachment":[{"href":"https:\/\/agora.xtec.cat\/ceip-serramarina-sta-coloma\/wp-json\/wp\/v2\/media?parent=5639"}],"wp:term":[{"taxonomy":"category","embeddable":true,"href":"https:\/\/agora.xtec.cat\/ceip-serramarina-sta-coloma\/wp-json\/wp\/v2\/categories?post=5639"},{"taxonomy":"post_tag","embeddable":true,"href":"https:\/\/agora.xtec.cat\/ceip-serramarina-sta-coloma\/wp-json\/wp\/v2\/tags?post=5639"}],"curies":[{"name":"wp","href":"https:\/\/api.w.org\/{rel}","templated":true}]}}