{"id":5630,"date":"2021-06-27T18:57:51","date_gmt":"2021-06-27T16:57:51","guid":{"rendered":"http:\/\/agora.xtec.cat\/ceip-serramarina-sta-coloma\/?p=5630"},"modified":"2021-06-27T18:57:51","modified_gmt":"2021-06-27T16:57:51","slug":"tir-amb-arc-i-tenis-3r-a","status":"publish","type":"post","link":"https:\/\/agora.xtec.cat\/ceip-serramarina-sta-coloma\/portada\/tir-amb-arc-i-tenis-3r-a\/","title":{"rendered":"Tir amb arc i tenis 3r A"},"content":{"rendered":"<p><iframe loading=\"lazy\" title=\"SRR 20-21 CM 084\" width=\"500\" height=\"281\" src=\"https:\/\/www.youtube.com\/embed\/uLru01ot6WA?feature=oembed\" frameborder=\"0\" allow=\"accelerometer; autoplay; clipboard-write; encrypted-media; gyroscope; picture-in-picture; web-share\" referrerpolicy=\"strict-origin-when-cross-origin\" allowfullscreen><\/iframe><\/p>\n<p>3rA fa tenis i tir amb arc<br \/>\nAquest tercer trimestre hem fet l\u2019activitat proposada per la mestra d&#8217;educaci\u00f3 f\u00edsica de tenir i tir amb arc. Ha estat una activitat molt divertida i on hem apr\u00e9s t\u00e8cniques relacionades amb aquestes dues disciplines. Ha estat un mat\u00ed molt complet!!!<\/p>\n","protected":false},"excerpt":{"rendered":"<p>3rA fa tenis i tir amb arc<br \/>\nAquest tercer trimestre hem fet l\u2019activitat proposada per la mestra d&#8217;educaci\u00f3 f\u00edsica de tenir i tir amb arc. Ha estat una activitat molt divertida i on hem apr\u00e9s t\u00e8cniques relacionades amb aquestes dues disciplines. Ha estat un mat\u00ed molt&hellip;  <a href=\"https:\/\/agora.xtec.cat\/ceip-serramarina-sta-coloma\/portada\/tir-amb-arc-i-tenis-3r-a\/\" title=\"Read Tir amb arc i tenis 3r A\">Llegeix m\u00e9s\u00bb<\/a><\/p>\n","protected":false},"author":13,"featured_media":5631,"comment_status":"closed","ping_status":"closed","sticky":false,"template":"","format":"standard","meta":{"_bbp_topic_count":0,"_bbp_reply_count":0,"_bbp_total_topic_count":0,"_bbp_total_reply_count":0,"_bbp_voice_count":0,"_bbp_anonymous_reply_count":0,"_bbp_topic_count_hidden":0,"_bbp_reply_count_hidden":0,"_bbp_forum_subforum_count":0,"footnotes":""},"categories":[12,90,5,4],"tags":[],"class_list":["post-5630","post","type-post","status-publish","format-standard","has-post-thumbnail","hentry","category-3r","category-curs-2020-2021","category-primaria","category-portada"],"post_mailing_queue_ids":[],"_links":{"self":[{"href":"https:\/\/agora.xtec.cat\/ceip-serramarina-sta-coloma\/wp-json\/wp\/v2\/posts\/5630","targetHints":{"allow":["GET"]}}],"collection":[{"href":"https:\/\/agora.xtec.cat\/ceip-serramarina-sta-coloma\/wp-json\/wp\/v2\/posts"}],"about":[{"href":"https:\/\/agora.xtec.cat\/ceip-serramarina-sta-coloma\/wp-json\/wp\/v2\/types\/post"}],"author":[{"embeddable":true,"href":"https:\/\/agora.xtec.cat\/ceip-serramarina-sta-coloma\/wp-json\/wp\/v2\/users\/13"}],"replies":[{"embeddable":true,"href":"https:\/\/agora.xtec.cat\/ceip-serramarina-sta-coloma\/wp-json\/wp\/v2\/comments?post=5630"}],"version-history":[{"count":1,"href":"https:\/\/agora.xtec.cat\/ceip-serramarina-sta-coloma\/wp-json\/wp\/v2\/posts\/5630\/revisions"}],"predecessor-version":[{"id":5632,"href":"https:\/\/agora.xtec.cat\/ceip-serramarina-sta-coloma\/wp-json\/wp\/v2\/posts\/5630\/revisions\/5632"}],"wp:featuredmedia":[{"embeddable":true,"href":"https:\/\/agora.xtec.cat\/ceip-serramarina-sta-coloma\/wp-json\/wp\/v2\/media\/5631"}],"wp:attachment":[{"href":"https:\/\/agora.xtec.cat\/ceip-serramarina-sta-coloma\/wp-json\/wp\/v2\/media?parent=5630"}],"wp:term":[{"taxonomy":"category","embeddable":true,"href":"https:\/\/agora.xtec.cat\/ceip-serramarina-sta-coloma\/wp-json\/wp\/v2\/categories?post=5630"},{"taxonomy":"post_tag","embeddable":true,"href":"https:\/\/agora.xtec.cat\/ceip-serramarina-sta-coloma\/wp-json\/wp\/v2\/tags?post=5630"}],"curies":[{"name":"wp","href":"https:\/\/api.w.org\/{rel}","templated":true}]}}