{"id":5624,"date":"2021-06-27T13:56:45","date_gmt":"2021-06-27T11:56:45","guid":{"rendered":"http:\/\/agora.xtec.cat\/ceip-serramarina-sta-coloma\/?p=5624"},"modified":"2021-06-27T13:56:45","modified_gmt":"2021-06-27T11:56:45","slug":"poli-paco-visita-als-veterinaris","status":"publish","type":"post","link":"https:\/\/agora.xtec.cat\/ceip-serramarina-sta-coloma\/general\/poli-paco-visita-als-veterinaris\/","title":{"rendered":"POLI PACO VISITA ALS VETERINARIS"},"content":{"rendered":"<p><iframe loading=\"lazy\" title=\"SRR 20-21 EI 180\" width=\"500\" height=\"281\" src=\"https:\/\/www.youtube.com\/embed\/cHpc37cRwdI?feature=oembed\" frameborder=\"0\" allow=\"accelerometer; autoplay; clipboard-write; encrypted-media; gyroscope; picture-in-picture; web-share\" referrerpolicy=\"strict-origin-when-cross-origin\" allowfullscreen><\/iframe><\/p>\n<p>Els veterinaris i veterin\u00e0ries, hem gaudit de la visita de dos agents de la policia local que han vingut a donar-nos una classe d\u2019educaci\u00f3 vi\u00e0ria i ens han ensenyat com passar els carrers, els colors del sem\u00e0for, i el pas de vianant\u2026<br \/>\nFinalment, hem escenificat diverses situacions vi\u00e0riares, i ho hem passat molt b\u00e9\u2026<br \/>\nMireu quin v\u00eddeo m\u00e9s divertit<\/p>\n","protected":false},"excerpt":{"rendered":"<p>Els veterinaris i veterin\u00e0ries, hem gaudit de la visita de dos agents de la policia local que han vingut a donar-nos una classe d\u2019educaci\u00f3 vi\u00e0ria i ens han ensenyat com passar els carrers, els colors del sem\u00e0for, i el pas de vianant\u2026<br \/>\nFinalment, hem escenificat diverses&hellip;  <a href=\"https:\/\/agora.xtec.cat\/ceip-serramarina-sta-coloma\/general\/poli-paco-visita-als-veterinaris\/\" title=\"Read POLI PACO VISITA ALS VETERINARIS\">Llegeix m\u00e9s\u00bb<\/a><\/p>\n","protected":false},"author":9,"featured_media":5625,"comment_status":"closed","ping_status":"closed","sticky":false,"template":"","format":"standard","meta":{"_bbp_topic_count":0,"_bbp_reply_count":0,"_bbp_total_topic_count":0,"_bbp_total_reply_count":0,"_bbp_voice_count":0,"_bbp_anonymous_reply_count":0,"_bbp_topic_count_hidden":0,"_bbp_reply_count_hidden":0,"_bbp_forum_subforum_count":0,"footnotes":""},"categories":[90,2,1,3,4],"tags":[],"class_list":["post-5624","post","type-post","status-publish","format-standard","has-post-thumbnail","hentry","category-curs-2020-2021","category-infantil","category-general","category-p3","category-portada"],"post_mailing_queue_ids":[],"_links":{"self":[{"href":"https:\/\/agora.xtec.cat\/ceip-serramarina-sta-coloma\/wp-json\/wp\/v2\/posts\/5624","targetHints":{"allow":["GET"]}}],"collection":[{"href":"https:\/\/agora.xtec.cat\/ceip-serramarina-sta-coloma\/wp-json\/wp\/v2\/posts"}],"about":[{"href":"https:\/\/agora.xtec.cat\/ceip-serramarina-sta-coloma\/wp-json\/wp\/v2\/types\/post"}],"author":[{"embeddable":true,"href":"https:\/\/agora.xtec.cat\/ceip-serramarina-sta-coloma\/wp-json\/wp\/v2\/users\/9"}],"replies":[{"embeddable":true,"href":"https:\/\/agora.xtec.cat\/ceip-serramarina-sta-coloma\/wp-json\/wp\/v2\/comments?post=5624"}],"version-history":[{"count":1,"href":"https:\/\/agora.xtec.cat\/ceip-serramarina-sta-coloma\/wp-json\/wp\/v2\/posts\/5624\/revisions"}],"predecessor-version":[{"id":5626,"href":"https:\/\/agora.xtec.cat\/ceip-serramarina-sta-coloma\/wp-json\/wp\/v2\/posts\/5624\/revisions\/5626"}],"wp:featuredmedia":[{"embeddable":true,"href":"https:\/\/agora.xtec.cat\/ceip-serramarina-sta-coloma\/wp-json\/wp\/v2\/media\/5625"}],"wp:attachment":[{"href":"https:\/\/agora.xtec.cat\/ceip-serramarina-sta-coloma\/wp-json\/wp\/v2\/media?parent=5624"}],"wp:term":[{"taxonomy":"category","embeddable":true,"href":"https:\/\/agora.xtec.cat\/ceip-serramarina-sta-coloma\/wp-json\/wp\/v2\/categories?post=5624"},{"taxonomy":"post_tag","embeddable":true,"href":"https:\/\/agora.xtec.cat\/ceip-serramarina-sta-coloma\/wp-json\/wp\/v2\/tags?post=5624"}],"curies":[{"name":"wp","href":"https:\/\/api.w.org\/{rel}","templated":true}]}}