{"id":5388,"date":"2021-05-06T22:35:17","date_gmt":"2021-05-06T20:35:17","guid":{"rendered":"http:\/\/agora.xtec.cat\/ceip-serramarina-sta-coloma\/?p=5388"},"modified":"2021-05-06T22:46:55","modified_gmt":"2021-05-06T20:46:55","slug":"p4b-dexcursio","status":"publish","type":"post","link":"https:\/\/agora.xtec.cat\/ceip-serramarina-sta-coloma\/general\/p4b-dexcursio\/","title":{"rendered":"LES ACTIVITATS PAEEC P4 B"},"content":{"rendered":"<p>Les activitats PAECC (programa d\u2019activitats educatives complement\u00e0ries al curr\u00edculum) que hem realitzat aquest curs a P4 han sigut diverses.<br \/>\nEn aquest v\u00eddeo podeu veure el taller de pintura ecol\u00f2gica, que va consistir en pintar amb elements naturals com diferents esp\u00e8cies barrejades amb sab\u00f3 i remolatxa\u2026 Una altra activitat va ser l\u2019aventura de la poci\u00f3 secreta, on vam poder observar i col\u00b7laborar activament en diferents experiments\u2026 I finalment, el toca-toca d\u2019animals on vam con\u00e8ixer diferents classes d\u2019animals (mam\u00edfers, aus, r\u00e8ptils i amfibis) totalment inofensius que vam veure, tocar i agafar: una t\u00f3rtora, una granota, un eri\u00e7\u00f3, una tortuga, una serp i un drag\u00f3 barbut.<br \/>\nEls nens i les nenes de P4B s\u2019ho han passat genial realitzant totes aquestes activitats!!<\/p>\n<p><iframe loading=\"lazy\" title=\"SRR 20-21 EI 140\" width=\"500\" height=\"281\" src=\"https:\/\/www.youtube.com\/embed\/YwxhZsyHQ7A?feature=oembed\" frameborder=\"0\" allow=\"accelerometer; autoplay; clipboard-write; encrypted-media; gyroscope; picture-in-picture; web-share\" referrerpolicy=\"strict-origin-when-cross-origin\" allowfullscreen><\/iframe><\/p>\n","protected":false},"excerpt":{"rendered":"<p>Les activitats PAECC (programa d\u2019activitats educatives complement\u00e0ries al curr\u00edculum) que hem realitzat aquest curs a P4 han sigut diverses.<br \/>\nEn aquest v\u00eddeo podeu veure el taller de pintura ecol\u00f2gica, que va consistir en pintar amb elements naturals com diferents esp\u00e8cies barrejades amb sab\u00f3 i remolatxa\u2026 Una&hellip;  <a href=\"https:\/\/agora.xtec.cat\/ceip-serramarina-sta-coloma\/general\/p4b-dexcursio\/\" title=\"Read LES ACTIVITATS PAEEC P4 B\">Llegeix m\u00e9s\u00bb<\/a><\/p>\n","protected":false},"author":9,"featured_media":0,"comment_status":"closed","ping_status":"closed","sticky":false,"template":"","format":"standard","meta":{"_bbp_topic_count":0,"_bbp_reply_count":0,"_bbp_total_topic_count":0,"_bbp_total_reply_count":0,"_bbp_voice_count":0,"_bbp_anonymous_reply_count":0,"_bbp_topic_count_hidden":0,"_bbp_reply_count_hidden":0,"_bbp_forum_subforum_count":0,"footnotes":""},"categories":[90,2,1,8,4],"tags":[],"class_list":["post-5388","post","type-post","status-publish","format-standard","hentry","category-curs-2020-2021","category-infantil","category-general","category-p4","category-portada"],"post_mailing_queue_ids":[],"_links":{"self":[{"href":"https:\/\/agora.xtec.cat\/ceip-serramarina-sta-coloma\/wp-json\/wp\/v2\/posts\/5388","targetHints":{"allow":["GET"]}}],"collection":[{"href":"https:\/\/agora.xtec.cat\/ceip-serramarina-sta-coloma\/wp-json\/wp\/v2\/posts"}],"about":[{"href":"https:\/\/agora.xtec.cat\/ceip-serramarina-sta-coloma\/wp-json\/wp\/v2\/types\/post"}],"author":[{"embeddable":true,"href":"https:\/\/agora.xtec.cat\/ceip-serramarina-sta-coloma\/wp-json\/wp\/v2\/users\/9"}],"replies":[{"embeddable":true,"href":"https:\/\/agora.xtec.cat\/ceip-serramarina-sta-coloma\/wp-json\/wp\/v2\/comments?post=5388"}],"version-history":[{"count":3,"href":"https:\/\/agora.xtec.cat\/ceip-serramarina-sta-coloma\/wp-json\/wp\/v2\/posts\/5388\/revisions"}],"predecessor-version":[{"id":5392,"href":"https:\/\/agora.xtec.cat\/ceip-serramarina-sta-coloma\/wp-json\/wp\/v2\/posts\/5388\/revisions\/5392"}],"wp:attachment":[{"href":"https:\/\/agora.xtec.cat\/ceip-serramarina-sta-coloma\/wp-json\/wp\/v2\/media?parent=5388"}],"wp:term":[{"taxonomy":"category","embeddable":true,"href":"https:\/\/agora.xtec.cat\/ceip-serramarina-sta-coloma\/wp-json\/wp\/v2\/categories?post=5388"},{"taxonomy":"post_tag","embeddable":true,"href":"https:\/\/agora.xtec.cat\/ceip-serramarina-sta-coloma\/wp-json\/wp\/v2\/tags?post=5388"}],"curies":[{"name":"wp","href":"https:\/\/api.w.org\/{rel}","templated":true}]}}