{"id":5358,"date":"2021-05-04T14:37:05","date_gmt":"2021-05-04T12:37:05","guid":{"rendered":"http:\/\/agora.xtec.cat\/ceip-serramarina-sta-coloma\/?p=5358"},"modified":"2021-05-05T11:59:08","modified_gmt":"2021-05-05T09:59:08","slug":"el-projecte-sobre-les-plantes-de-3r-c","status":"publish","type":"post","link":"https:\/\/agora.xtec.cat\/ceip-serramarina-sta-coloma\/portada\/el-projecte-sobre-les-plantes-de-3r-c\/","title":{"rendered":"El projecte sobre les plantes de 3r C"},"content":{"rendered":"<p>Durant aquest trimestre estem estudiant les plantes, i ens estem convertint en uns aut\u00e8ntics bot\u00e0nics. Mireu com experimenten els alumnes amb les plantes! Estem descobrint que aquestes no s\u00f3n tan senzilles com semblen, i alhora s\u00f3n molt importants per la nostra vida.<\/p>\n<p><iframe loading=\"lazy\" title=\"SRR 20-21 CM 066\" width=\"500\" height=\"281\" src=\"https:\/\/www.youtube.com\/embed\/lDaJBT5wh_0?feature=oembed\" frameborder=\"0\" allow=\"accelerometer; autoplay; clipboard-write; encrypted-media; gyroscope; picture-in-picture; web-share\" referrerpolicy=\"strict-origin-when-cross-origin\" allowfullscreen><\/iframe><\/p>\n","protected":false},"excerpt":{"rendered":"<p>Durant aquest trimestre estem estudiant les plantes, i ens estem convertint en uns aut\u00e8ntics bot\u00e0nics. Mireu com experimenten els alumnes amb les plantes! Estem descobrint que aquestes no s\u00f3n tan senzilles com semblen, i alhora s\u00f3n molt importants per la nostra vida.<\/p>\n","protected":false},"author":13,"featured_media":5359,"comment_status":"closed","ping_status":"closed","sticky":false,"template":"","format":"standard","meta":{"_bbp_topic_count":0,"_bbp_reply_count":0,"_bbp_total_topic_count":0,"_bbp_total_reply_count":0,"_bbp_voice_count":0,"_bbp_anonymous_reply_count":0,"_bbp_topic_count_hidden":0,"_bbp_reply_count_hidden":0,"_bbp_forum_subforum_count":0,"footnotes":""},"categories":[12,23,90,5,4,21],"tags":[],"class_list":["post-5358","post","type-post","status-publish","format-standard","has-post-thumbnail","hentry","category-3r","category-a-classe","category-curs-2020-2021","category-primaria","category-portada","category-sortides"],"post_mailing_queue_ids":[],"_links":{"self":[{"href":"https:\/\/agora.xtec.cat\/ceip-serramarina-sta-coloma\/wp-json\/wp\/v2\/posts\/5358","targetHints":{"allow":["GET"]}}],"collection":[{"href":"https:\/\/agora.xtec.cat\/ceip-serramarina-sta-coloma\/wp-json\/wp\/v2\/posts"}],"about":[{"href":"https:\/\/agora.xtec.cat\/ceip-serramarina-sta-coloma\/wp-json\/wp\/v2\/types\/post"}],"author":[{"embeddable":true,"href":"https:\/\/agora.xtec.cat\/ceip-serramarina-sta-coloma\/wp-json\/wp\/v2\/users\/13"}],"replies":[{"embeddable":true,"href":"https:\/\/agora.xtec.cat\/ceip-serramarina-sta-coloma\/wp-json\/wp\/v2\/comments?post=5358"}],"version-history":[{"count":2,"href":"https:\/\/agora.xtec.cat\/ceip-serramarina-sta-coloma\/wp-json\/wp\/v2\/posts\/5358\/revisions"}],"predecessor-version":[{"id":5367,"href":"https:\/\/agora.xtec.cat\/ceip-serramarina-sta-coloma\/wp-json\/wp\/v2\/posts\/5358\/revisions\/5367"}],"wp:featuredmedia":[{"embeddable":true,"href":"https:\/\/agora.xtec.cat\/ceip-serramarina-sta-coloma\/wp-json\/wp\/v2\/media\/5359"}],"wp:attachment":[{"href":"https:\/\/agora.xtec.cat\/ceip-serramarina-sta-coloma\/wp-json\/wp\/v2\/media?parent=5358"}],"wp:term":[{"taxonomy":"category","embeddable":true,"href":"https:\/\/agora.xtec.cat\/ceip-serramarina-sta-coloma\/wp-json\/wp\/v2\/categories?post=5358"},{"taxonomy":"post_tag","embeddable":true,"href":"https:\/\/agora.xtec.cat\/ceip-serramarina-sta-coloma\/wp-json\/wp\/v2\/tags?post=5358"}],"curies":[{"name":"wp","href":"https:\/\/api.w.org\/{rel}","templated":true}]}}