{"id":5032,"date":"2021-03-01T14:34:32","date_gmt":"2021-03-01T13:34:32","guid":{"rendered":"http:\/\/agora.xtec.cat\/ceip-serramarina-sta-coloma\/?p=5032"},"modified":"2021-03-01T14:34:32","modified_gmt":"2021-03-01T13:34:32","slug":"carnaval-a-p5c","status":"publish","type":"post","link":"https:\/\/agora.xtec.cat\/ceip-serramarina-sta-coloma\/general\/carnaval-a-p5c\/","title":{"rendered":"CARNAVAL A P5C"},"content":{"rendered":"<p><iframe loading=\"lazy\" title=\"SRR 20-21 EI 097\" width=\"500\" height=\"281\" src=\"https:\/\/www.youtube.com\/embed\/m23pQySdGIQ?feature=oembed\" frameborder=\"0\" allow=\"accelerometer; autoplay; clipboard-write; encrypted-media; gyroscope; picture-in-picture; web-share\" referrerpolicy=\"strict-origin-when-cross-origin\" allowfullscreen><\/iframe><\/p>\n<p>CARNAVAL, CARNAVAL&#8230;<\/p>\n<p>Hav\u00edem de fer un v\u00eddeo del dia de carnaval&#8230;.perqu\u00e8 ens ho vam passar genial, s\u00faper b\u00e9 tot el dia;  a primera hora del divendres, ens vam ensenyar les nostres disfresses, tots\/es guap\u00edssims, que creatius&#8230;uns artistes, i quan  ens va tocar el torn de baixar al pati i gravar la nostra can\u00e7\u00f3  \u201cecha\u00b4pall\u00e1\u201d de Pitbull, ens va sortir genial l\u2019espectacle, es notava que ho hav\u00edem assajat molt\u00edssim!! Despr\u00e9s d\u00b4esmorzar i  jugar una mica al joc simb\u00f2lic, aquest dia ajudats per la nostra disfressa, vam transformar la nostra cara al estil Andy Warhol en unes fotos que ten\u00edem de la nostra cara, que divertit s\u00f3n els nostres nens\/es i quina imaginaci\u00f3!!!<br \/>\nI a la tarda!!!! Taxan!!! Vam fer una passarel\u00b7la de models, de veritat tenim uns artistes a la classe, ritme, bon pas, i molt, molt \u201c postureo\u201d, simplement genials, i despr\u00e9s festa, balls, can\u00e7ons, alegria, congues&#8230;.s\u00faper divertit!!! <\/p>\n","protected":false},"excerpt":{"rendered":"<p>CARNAVAL, CARNAVAL&#8230;<br \/>\nHav\u00edem de fer un v\u00eddeo del dia de carnaval&#8230;.perqu\u00e8 ens ho vam passar genial, s\u00faper b\u00e9 tot el dia;  a primera hora del divendres, ens vam ensenyar les nostres disfresses, tots\/es guap\u00edssims, que creatius&#8230;uns artistes, i quan  ens va tocar el torn&hellip;  <a href=\"https:\/\/agora.xtec.cat\/ceip-serramarina-sta-coloma\/general\/carnaval-a-p5c\/\" title=\"Read CARNAVAL A P5C\">Llegeix m\u00e9s\u00bb<\/a><\/p>\n","protected":false},"author":9,"featured_media":5033,"comment_status":"closed","ping_status":"closed","sticky":false,"template":"","format":"standard","meta":{"_bbp_topic_count":0,"_bbp_reply_count":0,"_bbp_total_topic_count":0,"_bbp_total_reply_count":0,"_bbp_voice_count":0,"_bbp_anonymous_reply_count":0,"_bbp_topic_count_hidden":0,"_bbp_reply_count_hidden":0,"_bbp_forum_subforum_count":0,"footnotes":""},"categories":[23,90,2,1,9],"tags":[],"class_list":["post-5032","post","type-post","status-publish","format-standard","has-post-thumbnail","hentry","category-a-classe","category-curs-2020-2021","category-infantil","category-general","category-p5"],"post_mailing_queue_ids":[],"_links":{"self":[{"href":"https:\/\/agora.xtec.cat\/ceip-serramarina-sta-coloma\/wp-json\/wp\/v2\/posts\/5032","targetHints":{"allow":["GET"]}}],"collection":[{"href":"https:\/\/agora.xtec.cat\/ceip-serramarina-sta-coloma\/wp-json\/wp\/v2\/posts"}],"about":[{"href":"https:\/\/agora.xtec.cat\/ceip-serramarina-sta-coloma\/wp-json\/wp\/v2\/types\/post"}],"author":[{"embeddable":true,"href":"https:\/\/agora.xtec.cat\/ceip-serramarina-sta-coloma\/wp-json\/wp\/v2\/users\/9"}],"replies":[{"embeddable":true,"href":"https:\/\/agora.xtec.cat\/ceip-serramarina-sta-coloma\/wp-json\/wp\/v2\/comments?post=5032"}],"version-history":[{"count":1,"href":"https:\/\/agora.xtec.cat\/ceip-serramarina-sta-coloma\/wp-json\/wp\/v2\/posts\/5032\/revisions"}],"predecessor-version":[{"id":5034,"href":"https:\/\/agora.xtec.cat\/ceip-serramarina-sta-coloma\/wp-json\/wp\/v2\/posts\/5032\/revisions\/5034"}],"wp:featuredmedia":[{"embeddable":true,"href":"https:\/\/agora.xtec.cat\/ceip-serramarina-sta-coloma\/wp-json\/wp\/v2\/media\/5033"}],"wp:attachment":[{"href":"https:\/\/agora.xtec.cat\/ceip-serramarina-sta-coloma\/wp-json\/wp\/v2\/media?parent=5032"}],"wp:term":[{"taxonomy":"category","embeddable":true,"href":"https:\/\/agora.xtec.cat\/ceip-serramarina-sta-coloma\/wp-json\/wp\/v2\/categories?post=5032"},{"taxonomy":"post_tag","embeddable":true,"href":"https:\/\/agora.xtec.cat\/ceip-serramarina-sta-coloma\/wp-json\/wp\/v2\/tags?post=5032"}],"curies":[{"name":"wp","href":"https:\/\/api.w.org\/{rel}","templated":true}]}}