{"id":5026,"date":"2021-02-28T20:13:45","date_gmt":"2021-02-28T19:13:45","guid":{"rendered":"http:\/\/agora.xtec.cat\/ceip-serramarina-sta-coloma\/?p=5026"},"modified":"2021-02-28T20:13:45","modified_gmt":"2021-02-28T19:13:45","slug":"mus-piquem-la-pulsacio-duna-audicio","status":"publish","type":"post","link":"https:\/\/agora.xtec.cat\/ceip-serramarina-sta-coloma\/primaria\/mus-piquem-la-pulsacio-duna-audicio\/","title":{"rendered":"M\u00daS: PIQUEM LA PULSACI\u00d3 D&#8217;UNA AUDICI\u00d3"},"content":{"rendered":"<p><iframe loading=\"lazy\" title=\"SRR 20-21 CI 093\" width=\"500\" height=\"281\" src=\"https:\/\/www.youtube.com\/embed\/nWjutdgGzpQ?feature=oembed\" frameborder=\"0\" allow=\"accelerometer; autoplay; clipboard-write; encrypted-media; gyroscope; picture-in-picture; web-share\" referrerpolicy=\"strict-origin-when-cross-origin\" allowfullscreen><\/iframe><\/p>\n<p>M\u00daSICA 2n. Piquem la pulsaci\u00f3 d\u2019una audici\u00f3.<\/p>\n<p>Els nens i nenes de 2n estem comen\u00e7ant a treballar l\u2019audici\u00f3 Grieg: Peer Gynt Suite No. 1, &#8220;In the Hall of the Mountain King&#8221;. Hem identificat els canvis de tempo: adagio, andante i allegro i hem picat la pulsaci\u00f3 d\u2019aquesta audici\u00f3 amb el Twister de mans. Ens ho hem passat molt b\u00e9!<\/p>\n","protected":false},"excerpt":{"rendered":"<p>M\u00daSICA 2n. Piquem la pulsaci\u00f3 d\u2019una audici\u00f3.<br \/>\nEls nens i nenes de 2n estem comen\u00e7ant a treballar l\u2019audici\u00f3 Grieg: Peer Gynt Suite No. 1, &#8220;In the Hall of the Mountain King&#8221;. Hem identificat els canvis de tempo: adagio, andante i allegro i hem picat la pulsaci\u00f3&hellip;  <a href=\"https:\/\/agora.xtec.cat\/ceip-serramarina-sta-coloma\/primaria\/mus-piquem-la-pulsacio-duna-audicio\/\" title=\"Read M\u00daS: PIQUEM LA PULSACI\u00d3 D&#8217;UNA AUDICI\u00d3\">Llegeix m\u00e9s\u00bb<\/a><\/p>\n","protected":false},"author":11,"featured_media":5027,"comment_status":"closed","ping_status":"closed","sticky":false,"template":"","format":"standard","meta":{"_bbp_topic_count":0,"_bbp_reply_count":0,"_bbp_total_topic_count":0,"_bbp_total_reply_count":0,"_bbp_voice_count":0,"_bbp_anonymous_reply_count":0,"_bbp_topic_count_hidden":0,"_bbp_reply_count_hidden":0,"_bbp_forum_subforum_count":0,"footnotes":""},"categories":[11,90,5,45,48],"tags":[],"class_list":["post-5026","post","type-post","status-publish","format-standard","has-post-thumbnail","hentry","category-2n","category-curs-2020-2021","category-primaria","category-especialitats","category-musica"],"post_mailing_queue_ids":[],"_links":{"self":[{"href":"https:\/\/agora.xtec.cat\/ceip-serramarina-sta-coloma\/wp-json\/wp\/v2\/posts\/5026","targetHints":{"allow":["GET"]}}],"collection":[{"href":"https:\/\/agora.xtec.cat\/ceip-serramarina-sta-coloma\/wp-json\/wp\/v2\/posts"}],"about":[{"href":"https:\/\/agora.xtec.cat\/ceip-serramarina-sta-coloma\/wp-json\/wp\/v2\/types\/post"}],"author":[{"embeddable":true,"href":"https:\/\/agora.xtec.cat\/ceip-serramarina-sta-coloma\/wp-json\/wp\/v2\/users\/11"}],"replies":[{"embeddable":true,"href":"https:\/\/agora.xtec.cat\/ceip-serramarina-sta-coloma\/wp-json\/wp\/v2\/comments?post=5026"}],"version-history":[{"count":1,"href":"https:\/\/agora.xtec.cat\/ceip-serramarina-sta-coloma\/wp-json\/wp\/v2\/posts\/5026\/revisions"}],"predecessor-version":[{"id":5028,"href":"https:\/\/agora.xtec.cat\/ceip-serramarina-sta-coloma\/wp-json\/wp\/v2\/posts\/5026\/revisions\/5028"}],"wp:featuredmedia":[{"embeddable":true,"href":"https:\/\/agora.xtec.cat\/ceip-serramarina-sta-coloma\/wp-json\/wp\/v2\/media\/5027"}],"wp:attachment":[{"href":"https:\/\/agora.xtec.cat\/ceip-serramarina-sta-coloma\/wp-json\/wp\/v2\/media?parent=5026"}],"wp:term":[{"taxonomy":"category","embeddable":true,"href":"https:\/\/agora.xtec.cat\/ceip-serramarina-sta-coloma\/wp-json\/wp\/v2\/categories?post=5026"},{"taxonomy":"post_tag","embeddable":true,"href":"https:\/\/agora.xtec.cat\/ceip-serramarina-sta-coloma\/wp-json\/wp\/v2\/tags?post=5026"}],"curies":[{"name":"wp","href":"https:\/\/api.w.org\/{rel}","templated":true}]}}